{"id":225984,"date":"2024-12-17T20:25:30","date_gmt":"2024-12-17T23:25:30","guid":{"rendered":"https:\/\/diarioregionaldigital.com.br\/?p=225984"},"modified":"2024-12-17T20:25:30","modified_gmt":"2024-12-17T23:25:30","slug":"governo-de-minas-e-cemig-realizam-chamamento-publico-para-selecao-de-atracoes-culturais-durante-o-carnaval","status":"publish","type":"post","link":"https:\/\/diarioregionaldigital.com.br\/?p=225984","title":{"rendered":"Governo de Minas e Cemig realizam chamamento p\u00fablico para sele\u00e7\u00e3o de atra\u00e7\u00f5es culturais durante o Carnaval"},"content":{"rendered":"<p><main class=\"clear margin-md-bottom-3\"><\/p>\n<div class=\"clear \">\n<p>O\u00a0<a href=\"https:\/\/www.mg.gov.br\/\" target=\"_blank\" rel=\"noopener\">Governo de Minas<\/a>\u00a0e a\u00a0<a href=\"https:\/\/www.cemig.com.br\/\" target=\"_blank\" rel=\"noopener\">Cemig<\/a>\u00a0estar\u00e3o, novamente, ao lado do setor cultural e dos mineiros em mais uma edi\u00e7\u00e3o do Carnaval da Liberdade. A empresa publicou, nesta ter\u00e7a-feira (17\/12), um chamamento p\u00fablico para a sele\u00e7\u00e3o de projetos art\u00edsticos e culturais com a tem\u00e1tica do carnaval.<\/p>\n<p>As iniciativas inscritas e aprovadas no Carnaval da Liberdade Cemig 2025 far\u00e3o parte das atra\u00e7\u00f5es que ser\u00e3o patrocinadas pela companhia para execu\u00e7\u00e3o no carnaval do pr\u00f3ximo ano e, tamb\u00e9m, ao longo dos outros meses. Ao todo, ser\u00e3o destinados cerca de R$ 11 milh\u00f5es para os projetos escolhidos. As inscri\u00e7\u00f5es s\u00e3o gratuitas e estar\u00e3o abertas a partir dessa ter\u00e7a-feira (17\/12), no site da Cemig, e podem ser feitas at\u00e9 as 23h59 do dia 20\/1\/2025.<\/p>\n<p>A secret\u00e1ria-adjunta de Estado de Comunica\u00e7\u00e3o, B\u00e1rbara Botega, ressaltou o esfor\u00e7o do Governo de Minas de valorizar e promover o carnaval no estado com essas iniciativas.<\/p>\n<table border=\"0\" cellspacing=\"1\" cellpadding=\"1\" align=\"center\">\n<tbody>\n<tr>\n<td colspan=\"5\"><img decoding=\"async\" src=\"https:\/\/www.agenciaminas.mg.gov.br\/ckeditor_assets\/pictures\/20949\/content_2_olho_topo.jpg\" alt=\"\" \/><\/td>\n<\/tr>\n<tr>\n<td><\/td>\n<td colspan=\"3\" rowspan=\"3\">\n<h1><strong>&#8220;O Governo do Estado entende que carnaval \u00e9 cultura, arte, uma manifesta\u00e7\u00e3o popular que gera emprego e renda e, nesse sentido, n\u00e3o mede esfor\u00e7os para incentivar a festa que traz desenvolvimento econ\u00f4mico para o nosso estado&#8221;, destacou B\u00e1rbara Botega.<\/strong><\/h1>\n<\/td>\n<td><\/td>\n<\/tr>\n<tr>\n<td><\/td>\n<td><\/td>\n<\/tr>\n<tr>\n<td><\/td>\n<td><\/td>\n<\/tr>\n<tr>\n<td colspan=\"5\"><img decoding=\"async\" src=\"https:\/\/www.agenciaminas.mg.gov.br\/ckeditor_assets\/pictures\/20950\/content_2_olho_inferior.jpg\" alt=\"\" \/><\/td>\n<\/tr>\n<\/tbody>\n<\/table>\n<p>&#8220;Entendendo a relev\u00e2ncia da folia, o Estado\u00a0lan\u00e7a, com a Cemig, este chamamento p\u00fablico para incentivar todos atores que fazem com que o nosso carnaval seja uma das melhores festas do Brasil\u201d, completou.<\/p>\n<p>Podem participar do chamamento p\u00fablico projetos ligados aos blocos, \u00e0s festas de carnaval, \u00e0s escolas de samba, aos blocos caricatos e outras iniciativas que v\u00e3o acontecer durante os dias de folia. Al\u00e9m desses, tamb\u00e9m podem se cadastrar as propostas que ser\u00e3o desenvolvidas fora do per\u00edodo de carnaval, mas que estejam diretamente relacionadas ao assunto, como oficinas, cursos, festas, pr\u00e9-produ\u00e7\u00e3o carnavalesca, entre outras.<\/p>\n<p>A diretora de Comunica\u00e7\u00e3o Empresarial e Sustentabilidade da Cemig, Cristiana Kumaira, ressaltou a participa\u00e7\u00e3o da Cemig em mais uma edi\u00e7\u00e3o do Carnaval da Liberdade.<\/p>\n<table border=\"0\" cellspacing=\"1\" cellpadding=\"1\" align=\"center\">\n<tbody>\n<tr>\n<td colspan=\"5\"><img decoding=\"async\" src=\"https:\/\/www.agenciaminas.mg.gov.br\/ckeditor_assets\/pictures\/20949\/content_2_olho_topo.jpg\" alt=\"\" \/><\/td>\n<\/tr>\n<tr>\n<td><\/td>\n<td colspan=\"3\" rowspan=\"3\">\n<h1><strong>&#8220;Al\u00e9m do edital de pr\u00e9-carnaval lan\u00e7ado em agosto pela Cemig, a empresa est\u00e1 publicando o chamamento p\u00fablico para ampliar ainda mais o alcance dos incentivos da companhia, de maneira que possamos beneficiar o maior n\u00famero de pessoas nas v\u00e1rias regi\u00f5es do estado&#8221;, enfatizou Cristiana Kumaira.<\/strong><\/h1>\n<\/td>\n<td><\/td>\n<\/tr>\n<tr>\n<td><\/td>\n<td><\/td>\n<\/tr>\n<tr>\n<td><\/td>\n<td><\/td>\n<\/tr>\n<tr>\n<td colspan=\"5\"><img decoding=\"async\" src=\"https:\/\/www.agenciaminas.mg.gov.br\/ckeditor_assets\/pictures\/20950\/content_2_olho_inferior.jpg\" alt=\"\" \/><\/td>\n<\/tr>\n<\/tbody>\n<\/table>\n<p><strong>Mais recursos para a folia<\/strong><\/p>\n<p>A amplia\u00e7\u00e3o do investimento no Carnaval de Minas Gerais \u00e9 comemorada por quem faz a folia acontecer nas ruas.<\/p>\n<p>\u201cA partir do ano passado, com a cria\u00e7\u00e3o deste edital da Cemig, a gente conseguiu ter um f\u00f4lego maior, trabalhar durante o ano e fazer um desfile com mais perfei\u00e7\u00e3o\u201d, contou o presidente da Escola de Samba Cidade Jardim, Alexandre Silva.<\/p>\n<p>\u201cEssa entrada da Cemig, do Governo do Estado, fomentando o Carnaval de Belo Horizonte, n\u00e3o s\u00f3 o de rua, como eu fa\u00e7o parte, mas sobretudo o carnaval das escolas de samba e blocos caricatos, que est\u00e3o aqui na cidade fomentando o Carnaval h\u00e1 tantos anos, \u00e9 de extrema import\u00e2ncia pra gente reconhecer o carnaval da capital mineira como um dos maiores do pa\u00eds\u201d, enfatizou o presidente do bloco Unidos do Samba Queixinho, Gustavo Caetano.<\/p>\n<p><strong>Inscri\u00e7\u00f5es<\/strong><\/p>\n<p>Poder\u00e3o ser proponentes neste chamamento p\u00fablico pessoa f\u00edsica e\/ou jur\u00eddica, com ou sem fins lucrativos, que tenham projetos com tem\u00e1tica carnavalesca, devidamente inscritos na Lei Estadual de Incentivo \u00e0 Cultura (Leic) e autorizados para capta\u00e7\u00e3o e recebimento dos aportes no exerc\u00edcio de 2025.<\/p>\n<p>Os projetos devem ser cadastrados no site da Cemig onde o interessado preencher\u00e1 um formul\u00e1rio, detalhado as a\u00e7\u00f5es propostas na iniciativa. Os aprovados ir\u00e3o compor um banco de projetos da Cemig para o carnaval.<\/p>\n<p>Os projetos submetidos ao edital devem apresentar a autoriza\u00e7\u00e3o para capta\u00e7\u00e3o ao projeto (Certificado de Aprova\u00e7\u00e3o \u2013 C.A) no momento de assinatura do contrato.<\/p>\n<p>A Cemig decidir\u00e1 os valores a serem repassados a cada projeto, de acordo com a avalia\u00e7\u00e3o e a classifica\u00e7\u00e3o de cada proposta nas etapas de sele\u00e7\u00e3o. De acordo com a legisla\u00e7\u00e3o vigente, o atendimento \u00e0 iniciativa pode ser parcial.<\/p>\n<p>Todas as informa\u00e7\u00f5es sobre o chamamento p\u00fablico e a inscri\u00e7\u00e3o est\u00e3o dispon\u00edveis no site\u00a0 da Cemig,\u00a0<a href=\"https:\/\/www.cemig.com.br\/chamada-publica\/carnaval-da-liberdade-cemig-2025\/\" target=\"_blank\" rel=\"noopener\">neste link<\/a>.<\/p>\n<p>Fonte: Ag\u00eancia Minas<\/p>\n<\/div>\n<p><\/main><\/p>\n","protected":false},"excerpt":{"rendered":"<p>O\u00a0Governo de Minas\u00a0e a\u00a0Cemig\u00a0estar\u00e3o, novamente, ao lado do setor cultural e dos mineiros em mais uma edi\u00e7\u00e3o do Carnaval da Liberdade. A empresa publicou, nesta ter\u00e7a-feira (17\/12), um chamamento p\u00fablico para a sele\u00e7\u00e3o de projetos art\u00edsticos e culturais com a tem\u00e1tica do carnaval. As iniciativas inscritas e aprovadas no Carnaval da Liberdade Cemig 2025 far\u00e3o [&hellip;]<\/p>\n","protected":false},"author":246,"featured_media":225985,"comment_status":"closed","ping_status":"closed","sticky":false,"template":"","format":"standard","meta":{"footnotes":""},"categories":[436,261,254,439],"tags":[],"class_list":["post-225984","post","type-post","status-publish","format-standard","has-post-thumbnail","hentry","category-destaque-da-semana","category-economia","category-politica","category-ultima-hora"],"_links":{"self":[{"href":"https:\/\/diarioregionaldigital.com.br\/index.php?rest_route=\/wp\/v2\/posts\/225984","targetHints":{"allow":["GET"]}}],"collection":[{"href":"https:\/\/diarioregionaldigital.com.br\/index.php?rest_route=\/wp\/v2\/posts"}],"about":[{"href":"https:\/\/diarioregionaldigital.com.br\/index.php?rest_route=\/wp\/v2\/types\/post"}],"author":[{"embeddable":true,"href":"https:\/\/diarioregionaldigital.com.br\/index.php?rest_route=\/wp\/v2\/users\/246"}],"replies":[{"embeddable":true,"href":"https:\/\/diarioregionaldigital.com.br\/index.php?rest_route=%2Fwp%2Fv2%2Fcomments&post=225984"}],"version-history":[{"count":1,"href":"https:\/\/diarioregionaldigital.com.br\/index.php?rest_route=\/wp\/v2\/posts\/225984\/revisions"}],"predecessor-version":[{"id":225986,"href":"https:\/\/diarioregionaldigital.com.br\/index.php?rest_route=\/wp\/v2\/posts\/225984\/revisions\/225986"}],"wp:featuredmedia":[{"embeddable":true,"href":"https:\/\/diarioregionaldigital.com.br\/index.php?rest_route=\/wp\/v2\/media\/225985"}],"wp:attachment":[{"href":"https:\/\/diarioregionaldigital.com.br\/index.php?rest_route=%2Fwp%2Fv2%2Fmedia&parent=225984"}],"wp:term":[{"taxonomy":"category","embeddable":true,"href":"https:\/\/diarioregionaldigital.com.br\/index.php?rest_route=%2Fwp%2Fv2%2Fcategories&post=225984"},{"taxonomy":"post_tag","embeddable":true,"href":"https:\/\/diarioregionaldigital.com.br\/index.php?rest_route=%2Fwp%2Fv2%2Ftags&post=225984"}],"curies":[{"name":"wp","href":"https:\/\/api.w.org\/{rel}","templated":true}]}}