{"id":225981,"date":"2024-12-17T20:24:24","date_gmt":"2024-12-17T23:24:24","guid":{"rendered":"https:\/\/diarioregionaldigital.com.br\/?p=225981"},"modified":"2024-12-17T20:24:24","modified_gmt":"2024-12-17T23:24:24","slug":"governo-do-estado-divulga-vencedores-da-8a-edicao-do-premio-inova","status":"publish","type":"post","link":"https:\/\/diarioregionaldigital.com.br\/?p=225981","title":{"rendered":"Governo do Estado divulga vencedores da 8\u00aa edi\u00e7\u00e3o do Pr\u00eamio Inova"},"content":{"rendered":"<p>O\u00a0<a href=\"https:\/\/www.mg.gov.br\/\" target=\"_blank\" rel=\"noopener\">Governo de Minas<\/a>\u00a0anunciou, nesta ter\u00e7a-feira (17\/12), os vencedores da 8\u00ba Edi\u00e7\u00e3o do Pr\u00eamio Inova Minas Gerais, concurso que reconhece, valoriza e premia ideias inovadoras e iniciativas de sucesso, que promovem a transforma\u00e7\u00e3o e a melhoria dos servi\u00e7os p\u00fablicos com foco nas necessidades dos cidad\u00e3os. O Pr\u00eamio Inova \u00e9 realizado pela\u00a0<a href=\"https:\/\/www.mg.gov.br\/planejamento\" target=\"_blank\" rel=\"noopener\">Secretaria de Estado de Planejamento e Gest\u00e3o (Seplag-MG)<\/a>, com apoio da\u00a0<a href=\"https:\/\/www.ouvidoriageral.mg.gov.br\/\" target=\"_blank\" rel=\"noopener\">Ouvidoria-Geral do Estado de Minas Gerais (OGE-MG)<\/a>.<\/p>\n<p>Na categoria \u201cIdeias Inovadoras Implement\u00e1veis\u201d, o primeiro lugar foi para o projeto Metodologia de An\u00e1lise de Impacto Regulat\u00f3rio, da\u00a0<a href=\"https:\/\/www.governo.mg.gov.br\/\" target=\"_blank\" rel=\"noopener\">Secretaria de Estado de Governo (Segov)<\/a>\u00a0e da\u00a0<a href=\"https:\/\/www.secretariageral.mg.gov.br\/\" target=\"_blank\" rel=\"noopener\">Secretaria Geral (SecGeral-MG<\/a>). J\u00e1 na categoria \u201cIniciativas Implementadas de Sucesso\u201d, venceu o trabalho \u201cT\u00f4 Aqui? Boletim Escolar\u201d, da\u00a0<a href=\"https:\/\/www.educacao.mg.gov.br\/\" target=\"_blank\" rel=\"noopener\">Secretaria de Estado de Educa\u00e7\u00e3o (SEE\/MG)<\/a>.<\/p>\n<p>O primeiro lugar da Vota\u00e7\u00e3o Popular, que recebeu o selo \u201cO Estado Sabe Ouvir\u201d, foi entregue \u00e0 iniciativa\u00a0<a href=\"http:\/\/dados.educacao.mg.gov.br\/\" target=\"_blank\" rel=\"noopener\">dados.educacao.mg.gov.br<\/a>, tamb\u00e9m da SEE-MG.<\/p>\n<p>O secret\u00e1rio-adjunto de Estado de Planejamento e Gest\u00e3o, Lu\u00eds Ot\u00e1vio Milagres de Assis, destacou a import\u00e2ncia da inova\u00e7\u00e3o no servi\u00e7o p\u00fablico. \u201cEm 2024, tivemos recorde de inscri\u00e7\u00f5es. Isso significa que a cultura de inova\u00e7\u00e3o est\u00e1 explodindo\u201d.<\/p>\n<table border=\"0\" cellspacing=\"1\" cellpadding=\"1\" align=\"center\">\n<tbody>\n<tr>\n<td colspan=\"5\"><img decoding=\"async\" src=\"https:\/\/www.agenciaminas.mg.gov.br\/ckeditor_assets\/pictures\/20949\/content_2_olho_topo.jpg\" alt=\"\" \/><\/td>\n<\/tr>\n<tr>\n<td><\/td>\n<td colspan=\"3\" rowspan=\"3\">\n<h1><strong>&#8220;A inova\u00e7\u00e3o n\u00e3o \u00e9 uma ordem, n\u00e3o \u00e9 uma determina\u00e7\u00e3o que qualquer autoridade possa exigir da sua equipe, \u00e9 uma cultura, \u00e9 a disposi\u00e7\u00e3o de cada um dos servidores de olhar para um problema, pensar e planejar uma maneira diferente de enfrentar aquela situa\u00e7\u00e3o, de olhar para o lado, conversar com colegas e encontrar uma maneira alternativa&#8221;, analisou Lu\u00eds Ot\u00e1vio de Assis.<\/strong><\/h1>\n<\/td>\n<td><\/td>\n<\/tr>\n<tr>\n<td><\/td>\n<td><\/td>\n<\/tr>\n<tr>\n<td><\/td>\n<td><\/td>\n<\/tr>\n<tr>\n<td colspan=\"5\"><img decoding=\"async\" src=\"https:\/\/www.agenciaminas.mg.gov.br\/ckeditor_assets\/pictures\/20950\/content_2_olho_inferior.jpg\" alt=\"\" \/><\/td>\n<\/tr>\n<\/tbody>\n<\/table>\n<p>Para o ouvidor de Desenvolvimento Econ\u00f4mico, Infraestrutura e Desenvolvimento Social, Maur\u00edcio Fernando Oliveira de Miranda, valorizar as solu\u00e7\u00f5es e promover a efici\u00eancia, a transpar\u00eancia e a inova\u00e7\u00e3o \u00e9 fundamental. \u201c\u00c9 com grande satisfa\u00e7\u00e3o que participamos hoje de um momento que celebra aquilo que devemos valorizar: a criatividade, o compromisso com a excel\u00eancia e a coragem de inovar.<br \/>\n&nbsp;<\/p>\n<p>&nbsp;<\/p>\n<table border=\"0\" cellspacing=\"1\" cellpadding=\"1\" align=\"center\">\n<tbody>\n<tr>\n<td colspan=\"5\"><img decoding=\"async\" src=\"https:\/\/www.agenciaminas.mg.gov.br\/ckeditor_assets\/pictures\/20949\/content_2_olho_topo.jpg\" alt=\"\" \/><\/td>\n<\/tr>\n<tr>\n<td><\/td>\n<td colspan=\"3\" rowspan=\"3\">\n<h1><strong>&#8220;Estamos muito felizes em entregar o selo \u2018O Estado Sabe Ouvir\u2019, que \u00e9 uma chancela da popula\u00e7\u00e3o e atesta a qualidade do servi\u00e7o p\u00fablico. \u00c9 fundamental ouvir a opini\u00e3o dos cidad\u00e3os&#8221;, refor\u00e7ou Maur\u00edcio Miranda.<\/strong><\/h1>\n<\/td>\n<td><\/td>\n<\/tr>\n<tr>\n<td><\/td>\n<td><\/td>\n<\/tr>\n<tr>\n<td><\/td>\n<td><\/td>\n<\/tr>\n<tr>\n<td colspan=\"5\"><img decoding=\"async\" src=\"https:\/\/www.agenciaminas.mg.gov.br\/ckeditor_assets\/pictures\/20950\/content_2_olho_inferior.jpg\" alt=\"\" \/><\/td>\n<\/tr>\n<\/tbody>\n<\/table>\n<p><strong>Reconhecimento<\/strong><\/p>\n<p>O Pr\u00eamio \u00e9 realizado desde 2016 pela Seplag-MG, destinado a servidores, empregados p\u00fablicos, estagi\u00e1rios e bolsistas que atuam na Administra\u00e7\u00e3o P\u00fablica Estadual. Al\u00e9m do reconhecimento, os tr\u00eas primeiros lugares de cada modalidade foram premiados em dinheiro, com a seguinte premia\u00e7\u00e3o: 1\u00ba lugar \u2013 R$ 15 mil; 2\u00ba lugar \u2013 R$ 11,25 mil e 3\u00ba lugar \u2013 R$ 7,5 mil.<\/p>\n<p><strong>O Estado Sabe Ouvir<\/strong><\/p>\n<p>Nesta 8\u00aa edi\u00e7\u00e3o do pr\u00eamio, o voto popular foi para definir os vencedores do selo \u201cO Estado Sabe Ouvir\u201d. Os oito finalistas da categoria Iniciativas Implementadas de Sucesso foram avaliados pelos cidad\u00e3os como forma de certificar que os trabalhos melhoram a vida da popula\u00e7\u00e3o.<\/p>\n<p>Os tr\u00eas primeiros colocados receberam o selo concedido pela OGE-MG. Eles poder\u00e3o utiliz\u00e1-lo em a\u00e7\u00f5es de comunica\u00e7\u00e3o, cart\u00f5es de visita, curr\u00edculos, assinaturas de e-mails e p\u00e1ginas na internet, atestando o reconhecimento pelo cidad\u00e3o.<\/p>\n<p><img decoding=\"async\" src=\"https:\/\/www.agenciaminas.mg.gov.br\/ckeditor_assets\/pictures\/22130\/content_tabela_premio_inova_2.png\" \/><br \/>\nFonte: Ag\u00eancia Minas<\/p>\n","protected":false},"excerpt":{"rendered":"<p>O\u00a0Governo de Minas\u00a0anunciou, nesta ter\u00e7a-feira (17\/12), os vencedores da 8\u00ba Edi\u00e7\u00e3o do Pr\u00eamio Inova Minas Gerais, concurso que reconhece, valoriza e premia ideias inovadoras e iniciativas de sucesso, que promovem a transforma\u00e7\u00e3o e a melhoria dos servi\u00e7os p\u00fablicos com foco nas necessidades dos cidad\u00e3os. O Pr\u00eamio Inova \u00e9 realizado pela\u00a0Secretaria de Estado de Planejamento e [&hellip;]<\/p>\n","protected":false},"author":246,"featured_media":225982,"comment_status":"closed","ping_status":"closed","sticky":false,"template":"","format":"standard","meta":{"footnotes":""},"categories":[436,440,261,254,439],"tags":[],"class_list":["post-225981","post","type-post","status-publish","format-standard","has-post-thumbnail","hentry","category-destaque-da-semana","category-destaques-do-dia","category-economia","category-politica","category-ultima-hora"],"_links":{"self":[{"href":"https:\/\/diarioregionaldigital.com.br\/index.php?rest_route=\/wp\/v2\/posts\/225981","targetHints":{"allow":["GET"]}}],"collection":[{"href":"https:\/\/diarioregionaldigital.com.br\/index.php?rest_route=\/wp\/v2\/posts"}],"about":[{"href":"https:\/\/diarioregionaldigital.com.br\/index.php?rest_route=\/wp\/v2\/types\/post"}],"author":[{"embeddable":true,"href":"https:\/\/diarioregionaldigital.com.br\/index.php?rest_route=\/wp\/v2\/users\/246"}],"replies":[{"embeddable":true,"href":"https:\/\/diarioregionaldigital.com.br\/index.php?rest_route=%2Fwp%2Fv2%2Fcomments&post=225981"}],"version-history":[{"count":1,"href":"https:\/\/diarioregionaldigital.com.br\/index.php?rest_route=\/wp\/v2\/posts\/225981\/revisions"}],"predecessor-version":[{"id":225983,"href":"https:\/\/diarioregionaldigital.com.br\/index.php?rest_route=\/wp\/v2\/posts\/225981\/revisions\/225983"}],"wp:featuredmedia":[{"embeddable":true,"href":"https:\/\/diarioregionaldigital.com.br\/index.php?rest_route=\/wp\/v2\/media\/225982"}],"wp:attachment":[{"href":"https:\/\/diarioregionaldigital.com.br\/index.php?rest_route=%2Fwp%2Fv2%2Fmedia&parent=225981"}],"wp:term":[{"taxonomy":"category","embeddable":true,"href":"https:\/\/diarioregionaldigital.com.br\/index.php?rest_route=%2Fwp%2Fv2%2Fcategories&post=225981"},{"taxonomy":"post_tag","embeddable":true,"href":"https:\/\/diarioregionaldigital.com.br\/index.php?rest_route=%2Fwp%2Fv2%2Ftags&post=225981"}],"curies":[{"name":"wp","href":"https:\/\/api.w.org\/{rel}","templated":true}]}}