{"id":225978,"date":"2024-12-17T20:23:11","date_gmt":"2024-12-17T23:23:11","guid":{"rendered":"https:\/\/diarioregionaldigital.com.br\/?p=225978"},"modified":"2024-12-17T20:23:11","modified_gmt":"2024-12-17T23:23:11","slug":"pib-de-minas-gerais-cresce-acima-do-brasil-e-avanca-12-no-3o-trimestre","status":"publish","type":"post","link":"https:\/\/diarioregionaldigital.com.br\/?p=225978","title":{"rendered":"PIB de Minas Gerais cresce acima do Brasil e avan\u00e7a 1,2% no 3\u00ba trimestre"},"content":{"rendered":"<p>Com crescimento nas tr\u00eas atividades que comp\u00f5em o c\u00e1lculo do\u00a0 Produto Interno Bruno (PIB), a economia de Minas Gerais fechou o terceiro trimestre de 2024 com o total de\u00a0 R$ 272,3 bilh\u00f5es em bens e servi\u00e7os produzidos, alta real de 1,2% frente ao trimestre anterior. O avan\u00e7o, influenciado principalmente pela agropecu\u00e1ria, \u00e9 superior \u00e0 m\u00e9dia Brasil, de 0,9%.<\/p>\n<p>De julho a setembro, a agropecu\u00e1ria expandiu 11,3% em compara\u00e7\u00e3o ao segundo trimestre de 2024. A alta foi puxada por lavouras como as de cana-de-a\u00e7\u00facar e de batata inglesa, ambas com proje\u00e7\u00e3o de crescimento no per\u00edodo. A ind\u00fastria tamb\u00e9m contribuiu para o bom desempenho (+2,1%), assim como os servi\u00e7os (+0,7%).<\/p>\n<table border=\"0\" cellspacing=\"1\" cellpadding=\"1\" align=\"center\">\n<tbody>\n<tr>\n<td colspan=\"5\"><img decoding=\"async\" src=\"https:\/\/www.agenciaminas.mg.gov.br\/ckeditor_assets\/pictures\/20949\/content_2_olho_topo.jpg\" alt=\"\" \/><\/td>\n<\/tr>\n<tr>\n<td><\/td>\n<td colspan=\"3\" rowspan=\"3\">\n<h1><strong>&#8220;Esse \u00e9 mais um resultado que comprova que Minas est\u00e1 no caminho certo para avan\u00e7ar. O setor produtivo tem confian\u00e7a de investir no Estado porque sabe que o nosso governo tem responsabilidade fiscal, \u00e9 transparente e trabalha em busca de desburocratizar a m\u00e1quina estatal. Na pr\u00e1tica, esses n\u00fameros significam mais emprego e renda para todos mineiros&#8221;, comemora o governador Romeu Zema.<\/strong><\/h1>\n<\/td>\n<td><\/td>\n<\/tr>\n<tr>\n<td><\/td>\n<td><\/td>\n<\/tr>\n<tr>\n<td><\/td>\n<td><\/td>\n<\/tr>\n<tr>\n<td colspan=\"5\"><img decoding=\"async\" src=\"https:\/\/www.agenciaminas.mg.gov.br\/ckeditor_assets\/pictures\/20950\/content_2_olho_inferior.jpg\" alt=\"\" \/><\/td>\n<\/tr>\n<\/tbody>\n<\/table>\n<p>Segundo dados do Caged, em 2024 Minas j\u00e1 criou 207.363 novas vagas de emprego formal. Desde 2019, j\u00e1 s\u00e3o mais de 940 mil postos de carteira assinada criados e a meta \u00e9 alcan\u00e7ar 1 milh\u00e3o em 2025.<\/p>\n<p>\u201cO crescimento do PIB tamb\u00e9m \u00e9 muito importante porque aumenta a arrecada\u00e7\u00e3o do Estado por meio de uma economia mais din\u00e2mica, sem aumento de imposto. O resultado disso \u00e9 mais recursos para investirmos em estradas, educa\u00e7\u00e3o, sa\u00fade e seguran\u00e7a para melhorar os servi\u00e7os prestados aos mineiros\u201d, complementa o governador.<\/p>\n<p><strong>Ind\u00fastria \u00e9 diferencial<\/strong><\/p>\n<p>No confronto do terceiro trimestre de 2024 com o mesmo intervalo\u00a0 do ano passado, Minas apresentou uma expans\u00e3o real ainda mais expressiva na economia: de 4,0%. Nessa base, a ind\u00fastria mineira fez a diferen\u00e7a, com um crescimento de 5,4%, acima da m\u00e9dia do pa\u00eds (+3,6%), acompanhada dos servi\u00e7os, com alta de 3,6%. Na compara\u00e7\u00e3o anual e agro teve recuo de 0,6%.<\/p>\n<p>&#8220;A ind\u00fastria de transforma\u00e7\u00e3o \u00e9 o segmento que mais compra dos demais setores. isso \u00e9 um fator muito positivo para ativar a economia como um todo&#8221;, destaca o pesquisador da Coordena\u00e7\u00e3o de Contas Regionais da\u00a0<a href=\"https:\/\/fjp.mg.gov.br\/\" target=\"_blank\" rel=\"noopener\">Funda\u00e7\u00e3o Jo\u00e3o Pinheiro (FJP)<\/a>\u00a0e um dos respons\u00e1veis pelo c\u00e1lculo do PIB, Thiago Almeida.<\/p>\n<p>Um exemplo desse grupo \u00e9 a ind\u00fastria automobil\u00edstica, que necessita de diversos insumos, como aqueles do complexo met\u00e1lico-mec\u00e2nico, e impacta tamb\u00e9m em v\u00e1rias \u00e1reas, como no com\u00e9rcio de ve\u00edculos. Nos \u00faltimos anos, o mercado tem investido mais na produ\u00e7\u00e3o automobil\u00edstica, principalmente em modelos h\u00edbridos e el\u00e9tricos.<\/p>\n<p>A fabrica\u00e7\u00e3o de ve\u00edculos automotores no terceiro trimestre de 2024 registrou expans\u00e3o proporcional acima de dois d\u00edgitos na compara\u00e7\u00e3o com o mesmo trimestre de 2023.<\/p>\n<p>A atividade de energia foi outro destaque da ind\u00fastria. Neste caso, o segmento teve uma amplia\u00e7\u00e3o de 1,7% no consumo total em compara\u00e7\u00e3o com o trimestre imediatamente anterior e no quesito gera\u00e7\u00e3o de eletricidade &#8211; produzida por hidrel\u00e9tricas ou por pain\u00e9is solares -, que subiu 11,2%.<\/p>\n<p><strong>Pol\u00edticas p\u00fablicas s\u00e3o aliadas<\/strong><\/p>\n<p>O PIB \u00e9 o principal indicador da gera\u00e7\u00e3o de riquezas pelas atividades de um territ\u00f3rio durante determinado per\u00edodo e sua an\u00e1lise possibilita compreender os fatores respons\u00e1veis pelo desempenho da economia.<\/p>\n<p>No caso de Minas Gerais, os n\u00fameros favor\u00e1veis s\u00e3o um retrato das pol\u00edticas p\u00fablicas e atua\u00e7\u00e3o do Governo do Estado em prol de uma economia mais livre, forte e pr\u00f3spera.<\/p>\n<table border=\"0\" cellspacing=\"1\" cellpadding=\"1\" align=\"center\">\n<tbody>\n<tr>\n<td colspan=\"5\"><img decoding=\"async\" src=\"https:\/\/www.agenciaminas.mg.gov.br\/ckeditor_assets\/pictures\/20949\/content_2_olho_topo.jpg\" alt=\"\" \/><\/td>\n<\/tr>\n<tr>\n<td><\/td>\n<td colspan=\"3\" rowspan=\"3\">\n<h1><strong>&#8220;O\u00a0<a href=\"https:\/\/www.mg.gov.br\/\" target=\"_blank\" rel=\"noopener\">Governo de Minas<\/a>\u00a0busca impulsionar a economia do estado por meio de diversos programas que simplificam o processo de empreendedorismo, como o\u00a0<a href=\"https:\/\/desenvolvimento.mg.gov.br\/inicio\/projetos\/projeto\/1118\" target=\"_blank\" rel=\"noopener\">Minas Livre para Crescer<\/a>; incentivam a inova\u00e7\u00e3o no setor produtivo, como o\u00a0<a href=\"https:\/\/desenvolvimento.mg.gov.br\/competeminas\" target=\"_blank\" rel=\"noopener\">Compete Minas<\/a>; atraem novos investimentos para o estado, que \u00e9 o objetivo do\u00a0<a href=\"https:\/\/desenvolvimento.mg.gov.br\/inicio\/projetos\/projeto\/1168\" target=\"_blank\" rel=\"noopener\">Come to Minas<\/a>; entre outras oportunidades&#8221;, ressalta o secret\u00e1rio de Estado de\u00a0<a href=\"https:\/\/desenvolvimento.mg.gov.br\/\" target=\"_blank\" rel=\"noopener\">Desenvolvimento Econ\u00f4mico<\/a>, Fernando Passalio.<\/strong><\/h1>\n<\/td>\n<td><\/td>\n<\/tr>\n<tr>\n<td><\/td>\n<td><\/td>\n<\/tr>\n<tr>\n<td><\/td>\n<td><\/td>\n<\/tr>\n<tr>\n<td colspan=\"5\"><img decoding=\"async\" src=\"https:\/\/www.agenciaminas.mg.gov.br\/ckeditor_assets\/pictures\/20950\/content_2_olho_inferior.jpg\" alt=\"\" \/><\/td>\n<\/tr>\n<\/tbody>\n<\/table>\n<p>A composi\u00e7\u00e3o do PIB mineiro no terceiro trimestre deste ano incluiu o valor das atividades da agricultura, pecu\u00e1ria e produ\u00e7\u00e3o florestal (R$ 18,9 bilh\u00f5es), das ind\u00fastrias (R$ 71,5 bilh\u00f5es) e dos servi\u00e7os (R$ 149,5 bilh\u00f5es) entre outros.<\/p>\n<p>No acumulado dos tr\u00eas primeiros trimestres de 2024 frente ao mesmo per\u00edodo de 2023, houve acr\u00e9scimo real de 2,8% no PIB de Minas Gerais. No agregado do quarto trimestre de 2023 ao terceiro de 2024, tamb\u00e9m houve expans\u00e3o no PIB estadual, neste caso de 2,7%.<\/p>\n<p><strong>De olho no futuro<\/strong><\/p>\n<p>Em uma proje\u00e7\u00e3o do resultado do ano, os pesquisadores da FJP simulam os poss\u00edveis cen\u00e1rios para o fechamento do quarto trimestre.\u00a0Na avalia\u00e7\u00e3o, o melhor cen\u00e1rio a economia de Minas cresceria 3,2% em 2024 e no cen\u00e1rio menos favor\u00e1vel o crescimento seria de 2,4%.<\/p>\n<p>Fonte: Ag\u00eancia Minas<\/p>\n","protected":false},"excerpt":{"rendered":"<p>Com crescimento nas tr\u00eas atividades que comp\u00f5em o c\u00e1lculo do\u00a0 Produto Interno Bruno (PIB), a economia de Minas Gerais fechou o terceiro trimestre de 2024 com o total de\u00a0 R$ 272,3 bilh\u00f5es em bens e servi\u00e7os produzidos, alta real de 1,2% frente ao trimestre anterior. O avan\u00e7o, influenciado principalmente pela agropecu\u00e1ria, \u00e9 superior \u00e0 m\u00e9dia [&hellip;]<\/p>\n","protected":false},"author":246,"featured_media":225979,"comment_status":"closed","ping_status":"closed","sticky":false,"template":"","format":"standard","meta":{"footnotes":""},"categories":[436,440,261,254,439],"tags":[],"class_list":["post-225978","post","type-post","status-publish","format-standard","has-post-thumbnail","hentry","category-destaque-da-semana","category-destaques-do-dia","category-economia","category-politica","category-ultima-hora"],"_links":{"self":[{"href":"https:\/\/diarioregionaldigital.com.br\/index.php?rest_route=\/wp\/v2\/posts\/225978","targetHints":{"allow":["GET"]}}],"collection":[{"href":"https:\/\/diarioregionaldigital.com.br\/index.php?rest_route=\/wp\/v2\/posts"}],"about":[{"href":"https:\/\/diarioregionaldigital.com.br\/index.php?rest_route=\/wp\/v2\/types\/post"}],"author":[{"embeddable":true,"href":"https:\/\/diarioregionaldigital.com.br\/index.php?rest_route=\/wp\/v2\/users\/246"}],"replies":[{"embeddable":true,"href":"https:\/\/diarioregionaldigital.com.br\/index.php?rest_route=%2Fwp%2Fv2%2Fcomments&post=225978"}],"version-history":[{"count":1,"href":"https:\/\/diarioregionaldigital.com.br\/index.php?rest_route=\/wp\/v2\/posts\/225978\/revisions"}],"predecessor-version":[{"id":225980,"href":"https:\/\/diarioregionaldigital.com.br\/index.php?rest_route=\/wp\/v2\/posts\/225978\/revisions\/225980"}],"wp:featuredmedia":[{"embeddable":true,"href":"https:\/\/diarioregionaldigital.com.br\/index.php?rest_route=\/wp\/v2\/media\/225979"}],"wp:attachment":[{"href":"https:\/\/diarioregionaldigital.com.br\/index.php?rest_route=%2Fwp%2Fv2%2Fmedia&parent=225978"}],"wp:term":[{"taxonomy":"category","embeddable":true,"href":"https:\/\/diarioregionaldigital.com.br\/index.php?rest_route=%2Fwp%2Fv2%2Fcategories&post=225978"},{"taxonomy":"post_tag","embeddable":true,"href":"https:\/\/diarioregionaldigital.com.br\/index.php?rest_route=%2Fwp%2Fv2%2Ftags&post=225978"}],"curies":[{"name":"wp","href":"https:\/\/api.w.org\/{rel}","templated":true}]}}