{"id":225972,"date":"2024-12-16T21:29:22","date_gmt":"2024-12-17T00:29:22","guid":{"rendered":"https:\/\/diarioregionaldigital.com.br\/?p=225972"},"modified":"2024-12-16T21:29:22","modified_gmt":"2024-12-17T00:29:22","slug":"caminhando-pela-historia-ganha-edicao-especial-de-natal-nesta-terca-17","status":"publish","type":"post","link":"https:\/\/diarioregionaldigital.com.br\/?p=225972","title":{"rendered":"\u201cCaminhando Pela Hist\u00f3ria\u201d ganha edi\u00e7\u00e3o especial de Natal nesta ter\u00e7a, 17"},"content":{"rendered":"<p>Segundo informa\u00e7\u00f5es do site da Prefeitura de Juiz de Fora (PJF), nesta ter\u00e7a-feira, 17, a Secretaria de Turismo (Setur) da Prefeitura de Juiz de Fora (PJF) promove mais uma edi\u00e7\u00e3o do projeto \u201cCaminhando Pela Hist\u00f3ria&#8221;. Dessa vez, a iniciativa seguir\u00e1 a tem\u00e1tica dos \u201cSonhos de Natal\u201d e ocorrer\u00e1 na regi\u00e3o central da cidade. O trajeto ser\u00e1 iniciado no Museu de Arte Murilo Mendes (MAMM) \u00e0s 14h30, buscando espalhar o pertencimento \u00e0 popula\u00e7\u00e3o local e compartilhar hist\u00f3rias aos turistas presentes.<\/p>\n<div>Assessora do Departamento de Rela\u00e7\u00f5es P\u00fablicas e Institucionais &#8211; Polo de Regionaliza\u00e7\u00e3o do Turismo (DRPI), Fernanda Pires destacou os principais objetivos desta edi\u00e7\u00e3o. \u201cA edi\u00e7\u00e3o atual do \u2018Caminhando pela Hist\u00f3ria\u2019 tem como objetivo promover a cultura e a hist\u00f3ria de Juiz de Fora, aproveitando o esp\u00edrito natalino trazido pelos Sonhos de Natal\u201d.\n<\/div>\n<div>Al\u00e9m do MAMM, localizado na Rua\u00a0 Benjamin Constant, 790 (Santa Helena), o projeto tamb\u00e9m passar\u00e1 pelo Memorial da Rep\u00fablica Presidente Itamar Franco e Bom Brasileiro, na Rua Marechal Deodoro, 920 (Centro). A entrada \u00e9 gratuita e as vagas s\u00e3o limitadas. Para ter seu ingresso, basta acessar o\u00a0<a href=\"https:\/\/www.sympla.com.br\/evento\/caminhando-pela-historia-especial-de-natal\/2767734\"><strong>link<\/strong><\/a>.<\/div>\n","protected":false},"excerpt":{"rendered":"<p>Segundo informa\u00e7\u00f5es do site da Prefeitura de Juiz de Fora (PJF), nesta ter\u00e7a-feira, 17, a Secretaria de Turismo (Setur) da Prefeitura de Juiz de Fora (PJF) promove mais uma edi\u00e7\u00e3o do projeto \u201cCaminhando Pela Hist\u00f3ria&#8221;. Dessa vez, a iniciativa seguir\u00e1 a tem\u00e1tica dos \u201cSonhos de Natal\u201d e ocorrer\u00e1 na regi\u00e3o central da cidade. O trajeto [&hellip;]<\/p>\n","protected":false},"author":246,"featured_media":225973,"comment_status":"closed","ping_status":"closed","sticky":false,"template":"","format":"standard","meta":{"footnotes":""},"categories":[253,436,439],"tags":[],"class_list":["post-225972","post","type-post","status-publish","format-standard","has-post-thumbnail","hentry","category-cidade","category-destaque-da-semana","category-ultima-hora"],"_links":{"self":[{"href":"https:\/\/diarioregionaldigital.com.br\/index.php?rest_route=\/wp\/v2\/posts\/225972","targetHints":{"allow":["GET"]}}],"collection":[{"href":"https:\/\/diarioregionaldigital.com.br\/index.php?rest_route=\/wp\/v2\/posts"}],"about":[{"href":"https:\/\/diarioregionaldigital.com.br\/index.php?rest_route=\/wp\/v2\/types\/post"}],"author":[{"embeddable":true,"href":"https:\/\/diarioregionaldigital.com.br\/index.php?rest_route=\/wp\/v2\/users\/246"}],"replies":[{"embeddable":true,"href":"https:\/\/diarioregionaldigital.com.br\/index.php?rest_route=%2Fwp%2Fv2%2Fcomments&post=225972"}],"version-history":[{"count":1,"href":"https:\/\/diarioregionaldigital.com.br\/index.php?rest_route=\/wp\/v2\/posts\/225972\/revisions"}],"predecessor-version":[{"id":225974,"href":"https:\/\/diarioregionaldigital.com.br\/index.php?rest_route=\/wp\/v2\/posts\/225972\/revisions\/225974"}],"wp:featuredmedia":[{"embeddable":true,"href":"https:\/\/diarioregionaldigital.com.br\/index.php?rest_route=\/wp\/v2\/media\/225973"}],"wp:attachment":[{"href":"https:\/\/diarioregionaldigital.com.br\/index.php?rest_route=%2Fwp%2Fv2%2Fmedia&parent=225972"}],"wp:term":[{"taxonomy":"category","embeddable":true,"href":"https:\/\/diarioregionaldigital.com.br\/index.php?rest_route=%2Fwp%2Fv2%2Fcategories&post=225972"},{"taxonomy":"post_tag","embeddable":true,"href":"https:\/\/diarioregionaldigital.com.br\/index.php?rest_route=%2Fwp%2Fv2%2Ftags&post=225972"}],"curies":[{"name":"wp","href":"https:\/\/api.w.org\/{rel}","templated":true}]}}