{"id":225969,"date":"2024-12-16T21:27:23","date_gmt":"2024-12-17T00:27:23","guid":{"rendered":"https:\/\/diarioregionaldigital.com.br\/?p=225969"},"modified":"2024-12-16T21:27:23","modified_gmt":"2024-12-17T00:27:23","slug":"lei-paulo-gustavo-festival-sarancine-abre-inscricoes-de-filmes-para-edicao-2025","status":"publish","type":"post","link":"https:\/\/diarioregionaldigital.com.br\/?p=225969","title":{"rendered":"Lei Paulo Gustavo: Festival Sarancine abre inscri\u00e7\u00f5es de filmes para edi\u00e7\u00e3o 2025"},"content":{"rendered":"<div id=\"box_texto_noticia\">\n<p>Segundo informa\u00e7\u00f5es do site da Prefeitura de Juiz de Fora (PJF), est\u00e3o abertas as inscri\u00e7\u00f5es de filmes para o Festival de Cinema Ambiental e Gastronomia de Sarandira (Sarancine 2025). A quinta edi\u00e7\u00e3o do evento est\u00e1 prevista para ser realizada durante a semana do Meio Ambiente, de 3 a 5 de junho na cidade de Juiz de Fora, e de 6 a 8 de junho no distrito de Sarandira. Al\u00e9m disso, o festival promover\u00e1 uma programa\u00e7\u00e3o de conscientiza\u00e7\u00e3o ambiental com bate-papos e diversas a\u00e7\u00f5es com foco em temas socioambientais, culturais e gastron\u00f4micos, que ser\u00e1 divulgada oportunamente nas redes sociais, na m\u00eddia virtual e no site da Carabina Cultural. As inscri\u00e7\u00f5es devem ser realizadas somente por meio do <a href=\"https:\/\/filmfreeway.com\/sarancine\"><strong>link<\/strong><\/a>. O prazo segue aberto at\u00e9 1\u00ba de fevereiro de 2025.<br \/>\nBuscando ampliar o debate e a vis\u00e3o das quest\u00f5es socioambientais por todo o mundo, a edi\u00e7\u00e3o 2025 traz como novidade uma Mostra Internacional, que aceitar\u00e1 a inscri\u00e7\u00e3o de filmes com tem\u00e1tica socioambiental de todo o mundo, desde que com legendas em portugu\u00eas e\/ou em ingl\u00eas, que ser\u00e3o exibidos em uma mostra especial durante a programa\u00e7\u00e3o. Al\u00e9m disso, para valorizar cada vez mais o cinema ambiental produzido no Brasil, o festival premiar\u00e1 todos os filmes nacionais selecionados para exibi\u00e7\u00e3o com um cach\u00ea simb\u00f3lico para os longas-metragens (R$1mil \u2013 dura\u00e7\u00e3o superior a 70 minutos); para m\u00e9dias-metragens (R$600 \u2013 com dura\u00e7\u00e3o superior a 30 e inferior a 70 minutos) e para os curtas (R$400 &#8211; com dura\u00e7\u00e3o igual ou inferior a 30 minutos).<br \/>\nA organiza\u00e7\u00e3o esclarece que \u201cos filmes internacionais n\u00e3o receber\u00e3o cach\u00ea, pois o pr\u00eamio foi criado considerando as dificuldades de produ\u00e7\u00e3o e de exibi\u00e7\u00e3o de filmes com tem\u00e1tica socioambiental no Brasil, e tem como objetivo incentivar e premiar esses produtores que, apesar de todas as dificuldades, mant\u00e9m acesa a chama de um debate t\u00e3o essencial para o mundo e principalmente, para o Brasil\u201d.<br \/>\nA edi\u00e7\u00e3o 2025 do\u00a0festival\u00a0conta com o patroc\u00ednio do Governo Federal e da\u00a0Prefeitura de Juiz de Fora,\u00a0por meio\u00a0da Lei Paulo Gustavo, promovido pela Funda\u00e7\u00e3o Alfredo Ferreira Lage (Funalfa).\u00a0Al\u00e9m disso, o evento \u00e9\u00a0idealizado e realizado pela Associa\u00e7\u00e3o Carabina Cultural, que tem sede no distrito de Sarandira, Juiz de Fora, e pela Carabina Filmes. Outras informa\u00e7\u00f5es est\u00e3o dispon\u00edveis na convocat\u00f3ria da sele\u00e7\u00e3o de filmes, no\u00a0<a href=\"https:\/\/www.carabinacultural.com.br\/\">site<\/a>\u00a0e\u00a0nas redes sociais (@carabinacultural).<br \/>\nFoto: Divulga\u00e7\u00e3o<\/p>\n<\/div>\n<p>&nbsp;<\/p>\n","protected":false},"excerpt":{"rendered":"<p>Segundo informa\u00e7\u00f5es do site da Prefeitura de Juiz de Fora (PJF), est\u00e3o abertas as inscri\u00e7\u00f5es de filmes para o Festival de Cinema Ambiental e Gastronomia de Sarandira (Sarancine 2025). A quinta edi\u00e7\u00e3o do evento est\u00e1 prevista para ser realizada durante a semana do Meio Ambiente, de 3 a 5 de junho na cidade de Juiz [&hellip;]<\/p>\n","protected":false},"author":246,"featured_media":225970,"comment_status":"closed","ping_status":"closed","sticky":false,"template":"","format":"standard","meta":{"footnotes":""},"categories":[253,436,440,439],"tags":[],"class_list":["post-225969","post","type-post","status-publish","format-standard","has-post-thumbnail","hentry","category-cidade","category-destaque-da-semana","category-destaques-do-dia","category-ultima-hora"],"_links":{"self":[{"href":"https:\/\/diarioregionaldigital.com.br\/index.php?rest_route=\/wp\/v2\/posts\/225969","targetHints":{"allow":["GET"]}}],"collection":[{"href":"https:\/\/diarioregionaldigital.com.br\/index.php?rest_route=\/wp\/v2\/posts"}],"about":[{"href":"https:\/\/diarioregionaldigital.com.br\/index.php?rest_route=\/wp\/v2\/types\/post"}],"author":[{"embeddable":true,"href":"https:\/\/diarioregionaldigital.com.br\/index.php?rest_route=\/wp\/v2\/users\/246"}],"replies":[{"embeddable":true,"href":"https:\/\/diarioregionaldigital.com.br\/index.php?rest_route=%2Fwp%2Fv2%2Fcomments&post=225969"}],"version-history":[{"count":1,"href":"https:\/\/diarioregionaldigital.com.br\/index.php?rest_route=\/wp\/v2\/posts\/225969\/revisions"}],"predecessor-version":[{"id":225971,"href":"https:\/\/diarioregionaldigital.com.br\/index.php?rest_route=\/wp\/v2\/posts\/225969\/revisions\/225971"}],"wp:featuredmedia":[{"embeddable":true,"href":"https:\/\/diarioregionaldigital.com.br\/index.php?rest_route=\/wp\/v2\/media\/225970"}],"wp:attachment":[{"href":"https:\/\/diarioregionaldigital.com.br\/index.php?rest_route=%2Fwp%2Fv2%2Fmedia&parent=225969"}],"wp:term":[{"taxonomy":"category","embeddable":true,"href":"https:\/\/diarioregionaldigital.com.br\/index.php?rest_route=%2Fwp%2Fv2%2Fcategories&post=225969"},{"taxonomy":"post_tag","embeddable":true,"href":"https:\/\/diarioregionaldigital.com.br\/index.php?rest_route=%2Fwp%2Fv2%2Ftags&post=225969"}],"curies":[{"name":"wp","href":"https:\/\/api.w.org\/{rel}","templated":true}]}}