{"id":225963,"date":"2024-12-16T21:23:54","date_gmt":"2024-12-17T00:23:54","guid":{"rendered":"https:\/\/diarioregionaldigital.com.br\/?p=225963"},"modified":"2024-12-16T21:23:54","modified_gmt":"2024-12-17T00:23:54","slug":"divida-liquida-de-minas-gerais-com-precatorios-diminui-quase-r-18-bilhao-em-cinco-anos","status":"publish","type":"post","link":"https:\/\/diarioregionaldigital.com.br\/?p=225963","title":{"rendered":"D\u00edvida l\u00edquida de Minas Gerais com precat\u00f3rios diminui quase R$ 1,8 bilh\u00e3o em cinco anos"},"content":{"rendered":"<p>Os esfor\u00e7os da\u00a0<a href=\"https:\/\/advocaciageral.mg.gov.br\/\" target=\"_blank\" rel=\"noopener\">Advocacia-Geral do Estado (AGE-MG)<\/a>\u00a0ajudaram o Estado de Minas Gerais a reduzir sua d\u00edvida l\u00edquida com precat\u00f3rios em quase R$ 1,8 bilh\u00e3o no acumulado dos \u00faltimos cinco anos, de R$ 4,479 bilh\u00f5es (2020) para R$ 2,709 bilh\u00f5es (2024).<\/p>\n<p>Previstos na Constitui\u00e7\u00e3o, precat\u00f3rios s\u00e3o requisi\u00e7\u00f5es de pagamentos expedidas pelo Judici\u00e1rio, ap\u00f3s decis\u00f5es transitadas em julgado, contra algum ente p\u00fablico (Uni\u00e3o, Estado, Munic\u00edpio, suas autarquias ou funda\u00e7\u00f5es).<\/p>\n<p>A procuradora-chefe da Procuradoria do Tesouro, Precat\u00f3rios e Trabalho (PTPT) da AGE-MG, Karen Cristina Barbosa Vieira, explica que o resultado se deve, sobretudo, aos aportes feitos pelo Estado para a redu\u00e7\u00e3o da d\u00edvida e ao empenho da institui\u00e7\u00e3o em fomentar os chamados acordos diretos em precat\u00f3rios.<\/p>\n<p>\u201cTrata-se de uma modalidade, prevista na legisla\u00e7\u00e3o, em que o Estado oferece ao credor a possibilidade de receber o valor antecipadamente, oferecendo como contrapartida um des\u00e1gio entre 20% e 40%\u201d, explicou a procuradora-chefe.<\/p>\n<p>Os acordos diretos s\u00e3o homologados no \u00e2mbito da Central de Concilia\u00e7\u00e3o de Precat\u00f3rios do Tribunal de Justi\u00e7a de Minas Gerais (Ceprec\/TJMG).<\/p>\n<p>Para participar dos acordos diretos, \u00e9 preciso se inscrever no site do TJMG quando os editais para esta finalidade s\u00e3o abertos.<\/p>\n<p>\u201cH\u00e1 um edital em aberto atualmente. At\u00e9 30\/12 deste ano, os credores interessados em participar dos acordos poder\u00e3o se inscrever. Para este edital, por exemplo, o Estado de Minas Gerais reservou R$ 120 milh\u00f5es\u201d, acrescentou a procuradora-chefe.<\/p>\n<p>Em 2021, o Estado reservou R$ 580 milh\u00f5es para pagamentos em acordos diretos. Em 2022, R$ 250 milh\u00f5es. Em 2023, R$ 360 milh\u00f5es. Em 2024, R$ 300 milh\u00f5es, incluindo o atual edital em aberto.<\/p>\n<p>\u201cO pagamento dos precat\u00f3rios pelo Estado refor\u00e7a o respeito do\u00a0<a href=\"https:\/\/www.mg.gov.br\/\" target=\"_blank\" rel=\"noopener\">Governo de Minas<\/a>\u00a0ao cumprimento das decis\u00f5es judiciais. Os acordos diretos representam mecanismos de recebimento mais c\u00e9lere para os credores, com economia para os cofres p\u00fablicos\u201d, disse o advogado-geral adjunto para o contencioso, F\u00e1bio Murilo Nazar.<\/p>\n<p>Fonte: Ag\u00eancia Minas<\/p>\n","protected":false},"excerpt":{"rendered":"<p>Os esfor\u00e7os da\u00a0Advocacia-Geral do Estado (AGE-MG)\u00a0ajudaram o Estado de Minas Gerais a reduzir sua d\u00edvida l\u00edquida com precat\u00f3rios em quase R$ 1,8 bilh\u00e3o no acumulado dos \u00faltimos cinco anos, de R$ 4,479 bilh\u00f5es (2020) para R$ 2,709 bilh\u00f5es (2024). Previstos na Constitui\u00e7\u00e3o, precat\u00f3rios s\u00e3o requisi\u00e7\u00f5es de pagamentos expedidas pelo Judici\u00e1rio, ap\u00f3s decis\u00f5es transitadas em julgado, [&hellip;]<\/p>\n","protected":false},"author":246,"featured_media":225964,"comment_status":"closed","ping_status":"closed","sticky":false,"template":"","format":"standard","meta":{"footnotes":""},"categories":[436,440,261,254,439],"tags":[],"class_list":["post-225963","post","type-post","status-publish","format-standard","has-post-thumbnail","hentry","category-destaque-da-semana","category-destaques-do-dia","category-economia","category-politica","category-ultima-hora"],"_links":{"self":[{"href":"https:\/\/diarioregionaldigital.com.br\/index.php?rest_route=\/wp\/v2\/posts\/225963","targetHints":{"allow":["GET"]}}],"collection":[{"href":"https:\/\/diarioregionaldigital.com.br\/index.php?rest_route=\/wp\/v2\/posts"}],"about":[{"href":"https:\/\/diarioregionaldigital.com.br\/index.php?rest_route=\/wp\/v2\/types\/post"}],"author":[{"embeddable":true,"href":"https:\/\/diarioregionaldigital.com.br\/index.php?rest_route=\/wp\/v2\/users\/246"}],"replies":[{"embeddable":true,"href":"https:\/\/diarioregionaldigital.com.br\/index.php?rest_route=%2Fwp%2Fv2%2Fcomments&post=225963"}],"version-history":[{"count":1,"href":"https:\/\/diarioregionaldigital.com.br\/index.php?rest_route=\/wp\/v2\/posts\/225963\/revisions"}],"predecessor-version":[{"id":225965,"href":"https:\/\/diarioregionaldigital.com.br\/index.php?rest_route=\/wp\/v2\/posts\/225963\/revisions\/225965"}],"wp:featuredmedia":[{"embeddable":true,"href":"https:\/\/diarioregionaldigital.com.br\/index.php?rest_route=\/wp\/v2\/media\/225964"}],"wp:attachment":[{"href":"https:\/\/diarioregionaldigital.com.br\/index.php?rest_route=%2Fwp%2Fv2%2Fmedia&parent=225963"}],"wp:term":[{"taxonomy":"category","embeddable":true,"href":"https:\/\/diarioregionaldigital.com.br\/index.php?rest_route=%2Fwp%2Fv2%2Fcategories&post=225963"},{"taxonomy":"post_tag","embeddable":true,"href":"https:\/\/diarioregionaldigital.com.br\/index.php?rest_route=%2Fwp%2Fv2%2Ftags&post=225963"}],"curies":[{"name":"wp","href":"https:\/\/api.w.org\/{rel}","templated":true}]}}