{"id":225960,"date":"2024-12-16T21:22:35","date_gmt":"2024-12-17T00:22:35","guid":{"rendered":"https:\/\/diarioregionaldigital.com.br\/?p=225960"},"modified":"2024-12-16T21:22:35","modified_gmt":"2024-12-17T00:22:35","slug":"governo-e-instituicoes-de-justica-autorizam-inicio-de-projeto-para-modernizacao-tecnologica-em-curvelo-com-recursos-do-acordo-de-reparacao","status":"publish","type":"post","link":"https:\/\/diarioregionaldigital.com.br\/?p=225960","title":{"rendered":"Governo e institui\u00e7\u00f5es de Justi\u00e7a autorizam in\u00edcio de projeto para moderniza\u00e7\u00e3o tecnol\u00f3gica em Curvelo, com recursos do Acordo de Repara\u00e7\u00e3o"},"content":{"rendered":"<p><main class=\"clear margin-md-bottom-3\"><\/p>\n<div class=\"clear \">\n<p>Os Compromitentes do Acordo de Repara\u00e7\u00e3o de Brumadinho \u2013\u00a0<a href=\"https:\/\/www.mg.gov.br\/\" target=\"_blank\" rel=\"noopener\">Governo de Minas<\/a>, Minist\u00e9rio P\u00fablico de Minas Gerais (MPMG), Minist\u00e9rio P\u00fablico Federal (MPF) e Defensoria P\u00fablica de Minas Gerais (DPMG) \u2013 autorizaram a execu\u00e7\u00e3o de um novo projeto em Curvelo, na regi\u00e3o Central de Minas Gerais.<\/p>\n<p>A iniciativa, chamada Moderniza\u00e7\u00e3o da Infraestrutura de Tecnologia da Prefeitura, prev\u00ea a aquisi\u00e7\u00e3o de equipamentos como impressoras, microcomputadores, notebooks, roteadores, mouses e tablets, destinados a diversos \u00f3rg\u00e3os municipais. A proposta \u00e9 fortalecer a capacidade da prefeitura de Curvelo em atender \u00e0s demandas da popula\u00e7\u00e3o, possibilitando uma melhora no atendimento e nos servi\u00e7os prestados. O prazo para a execu\u00e7\u00e3o, que \u00e9 uma obriga\u00e7\u00e3o da Vale, \u00e9 de dez meses.<\/p>\n<p>O investimento estimado \u00e9 de R$ 1.8 milh\u00e3o. A iniciativa ser\u00e1 custeada com recursos do Acordo de Repara\u00e7\u00e3o aos danos provocados pelo rompimento das barragens da Vale, em Brumadinho. O rompimento das barragens da Vale, em 2019, tirou a vida de 272 pessoas e causou diversos impactos sociais, econ\u00f4micos e ambientais.<\/p>\n<p>A iniciativa foi definida a partir de Consulta Popular. Curvelo, um dos 26 munic\u00edpios atingidos, j\u00e1 conta com 16 projetos voltados ao fortalecimento do servi\u00e7o p\u00fablico, sendo quatro deles conclu\u00eddos. As a\u00e7\u00f5es s\u00e3o acompanhadas pela\u00a0<a href=\"https:\/\/www18.fgv.br\/projetorioparaopeba\/\" target=\"_blank\" rel=\"noopener\">auditoria socioecon\u00f4mica<\/a>\u00a0da Funda\u00e7\u00e3o Getulio Vargas (FGV).<\/p>\n<p>Fonte: Ag\u00eancia Minas<\/p>\n<\/div>\n<p><\/main><\/p>\n","protected":false},"excerpt":{"rendered":"<p>Os Compromitentes do Acordo de Repara\u00e7\u00e3o de Brumadinho \u2013\u00a0Governo de Minas, Minist\u00e9rio P\u00fablico de Minas Gerais (MPMG), Minist\u00e9rio P\u00fablico Federal (MPF) e Defensoria P\u00fablica de Minas Gerais (DPMG) \u2013 autorizaram a execu\u00e7\u00e3o de um novo projeto em Curvelo, na regi\u00e3o Central de Minas Gerais. A iniciativa, chamada Moderniza\u00e7\u00e3o da Infraestrutura de Tecnologia da Prefeitura, prev\u00ea [&hellip;]<\/p>\n","protected":false},"author":246,"featured_media":225961,"comment_status":"closed","ping_status":"closed","sticky":false,"template":"","format":"standard","meta":{"footnotes":""},"categories":[436,440,261,254,439],"tags":[],"class_list":["post-225960","post","type-post","status-publish","format-standard","has-post-thumbnail","hentry","category-destaque-da-semana","category-destaques-do-dia","category-economia","category-politica","category-ultima-hora"],"_links":{"self":[{"href":"https:\/\/diarioregionaldigital.com.br\/index.php?rest_route=\/wp\/v2\/posts\/225960","targetHints":{"allow":["GET"]}}],"collection":[{"href":"https:\/\/diarioregionaldigital.com.br\/index.php?rest_route=\/wp\/v2\/posts"}],"about":[{"href":"https:\/\/diarioregionaldigital.com.br\/index.php?rest_route=\/wp\/v2\/types\/post"}],"author":[{"embeddable":true,"href":"https:\/\/diarioregionaldigital.com.br\/index.php?rest_route=\/wp\/v2\/users\/246"}],"replies":[{"embeddable":true,"href":"https:\/\/diarioregionaldigital.com.br\/index.php?rest_route=%2Fwp%2Fv2%2Fcomments&post=225960"}],"version-history":[{"count":1,"href":"https:\/\/diarioregionaldigital.com.br\/index.php?rest_route=\/wp\/v2\/posts\/225960\/revisions"}],"predecessor-version":[{"id":225962,"href":"https:\/\/diarioregionaldigital.com.br\/index.php?rest_route=\/wp\/v2\/posts\/225960\/revisions\/225962"}],"wp:featuredmedia":[{"embeddable":true,"href":"https:\/\/diarioregionaldigital.com.br\/index.php?rest_route=\/wp\/v2\/media\/225961"}],"wp:attachment":[{"href":"https:\/\/diarioregionaldigital.com.br\/index.php?rest_route=%2Fwp%2Fv2%2Fmedia&parent=225960"}],"wp:term":[{"taxonomy":"category","embeddable":true,"href":"https:\/\/diarioregionaldigital.com.br\/index.php?rest_route=%2Fwp%2Fv2%2Fcategories&post=225960"},{"taxonomy":"post_tag","embeddable":true,"href":"https:\/\/diarioregionaldigital.com.br\/index.php?rest_route=%2Fwp%2Fv2%2Ftags&post=225960"}],"curies":[{"name":"wp","href":"https:\/\/api.w.org\/{rel}","templated":true}]}}