{"id":225958,"date":"2024-12-14T02:28:30","date_gmt":"2024-12-14T05:28:30","guid":{"rendered":"https:\/\/diarioregionaldigital.com.br\/?p=225958"},"modified":"2024-12-14T02:28:30","modified_gmt":"2024-12-14T05:28:30","slug":"edital-de-divulgacao-de-inscricao-de-chapa-14-12-2024","status":"publish","type":"post","link":"https:\/\/diarioregionaldigital.com.br\/?p=225958","title":{"rendered":"EDITAL DE DIVULGA\u00c7\u00c3O DE INSCRI\u00c7\u00c3O DE CHAPA &#8211; 14\/12\/2024"},"content":{"rendered":"<p style=\"text-align: left;\">EDITAL DE DIVULGA\u00c7\u00c3O DE INSCRI\u00c7\u00c3O DE CHAPA PARA O SINDICATO DOS TRABALHADORES NA IND\u00daSTRIA DE ENERGIA EL\u00c9TRICA DE JUIZ DE FORA<\/p>\n<p>Tornando p\u00fablico aos associados desta entidade, o resultado de inscri\u00e7\u00e3o de chapa \u00fanica para elei\u00e7\u00e3o referente \u00e0s elei\u00e7\u00f5es ao quadri\u00eanio janeiro de 2025<br \/>\na dezembro de 2028, fica ratificado conforme EDITAL publicado no dia 05 de dezembro de 2024 no DI\u00c1RIO REGIONAL. N\u00e3o havendo chapa concorrente,<br \/>\ne a pedido de chapa \u00fanica, o que ocorreu, conforme estatuto os presentes na Assembl\u00e9ia Geral j\u00e1 convocada para o dia 18 de dezembro de 2024, no<br \/>\nreferido edital \u00e0s 17h45, com a presen\u00e7a de 50% mais um em primeira chamada e segunda chamada \u00e0s 18 horas com qualquer n\u00famero de associados, aclama\u00e7\u00e3o a chapa \u00fanica, com os seguintes nomes: Anderson<br \/>\nTereza Ferreira, Archimedes Belloze Sobreira, Carlos Eduardo Vilela Corni, Dalmo Salazar Pereira J\u00fanior, Diego Segregio, Eduardo Acipreste de Oliveira,<br \/>\nElias Alves de Abreu, Emerson Andrada Leite, F\u00e1bio Soares dos Santos, Flaviano Augusto Titonelli Pinto, Hilton Pires de Oliveira, Jonathan de Castro<br \/>\nCarneiro, Jos\u00e9 Claudio dos Santos, Jos\u00e9 Emanuel Esteves de Oliveira, Luciano Magela, Mauro Halle Najm, Omar Jos\u00e9 dos Santos, Rafael Arruda<br \/>\nDuarte, Reginaldo Jos\u00e9 dos Santos Magalh\u00e3es, Sim\u00e3o Pedro Magalh\u00e3es de Souza, Siomar Faier, Tadeu Pereira de Souza, Thiago Cristian Teixeira,<br \/>\nThiago Jos\u00e9 de Oliveira Germ\u00e3nio, Wendel Renato Pereira Braga.<\/p>\n<p>Pelo Sindicato dos Trabalhadores na Ind\u00fastria de Energia El\u00e9trica de Juiz de Fora<\/p>\n<p>Jos\u00e9 Emanuel Esteves d e Oliveira<br \/>\nPresidente STIEE-JF<\/p>\n","protected":false},"excerpt":{"rendered":"<p>EDITAL DE DIVULGA\u00c7\u00c3O DE INSCRI\u00c7\u00c3O DE CHAPA PARA O SINDICATO DOS TRABALHADORES NA IND\u00daSTRIA DE ENERGIA EL\u00c9TRICA DE JUIZ DE FORA Tornando p\u00fablico aos associados desta entidade, o resultado de inscri\u00e7\u00e3o de chapa \u00fanica para elei\u00e7\u00e3o referente \u00e0s elei\u00e7\u00f5es ao quadri\u00eanio janeiro de 2025 a dezembro de 2028, fica ratificado conforme EDITAL publicado no dia [&hellip;]<\/p>\n","protected":false},"author":246,"featured_media":0,"comment_status":"closed","ping_status":"closed","sticky":false,"template":"","format":"standard","meta":{"footnotes":""},"categories":[307],"tags":[],"class_list":["post-225958","post","type-post","status-publish","format-standard","hentry","category-editais"],"_links":{"self":[{"href":"https:\/\/diarioregionaldigital.com.br\/index.php?rest_route=\/wp\/v2\/posts\/225958","targetHints":{"allow":["GET"]}}],"collection":[{"href":"https:\/\/diarioregionaldigital.com.br\/index.php?rest_route=\/wp\/v2\/posts"}],"about":[{"href":"https:\/\/diarioregionaldigital.com.br\/index.php?rest_route=\/wp\/v2\/types\/post"}],"author":[{"embeddable":true,"href":"https:\/\/diarioregionaldigital.com.br\/index.php?rest_route=\/wp\/v2\/users\/246"}],"replies":[{"embeddable":true,"href":"https:\/\/diarioregionaldigital.com.br\/index.php?rest_route=%2Fwp%2Fv2%2Fcomments&post=225958"}],"version-history":[{"count":1,"href":"https:\/\/diarioregionaldigital.com.br\/index.php?rest_route=\/wp\/v2\/posts\/225958\/revisions"}],"predecessor-version":[{"id":225959,"href":"https:\/\/diarioregionaldigital.com.br\/index.php?rest_route=\/wp\/v2\/posts\/225958\/revisions\/225959"}],"wp:attachment":[{"href":"https:\/\/diarioregionaldigital.com.br\/index.php?rest_route=%2Fwp%2Fv2%2Fmedia&parent=225958"}],"wp:term":[{"taxonomy":"category","embeddable":true,"href":"https:\/\/diarioregionaldigital.com.br\/index.php?rest_route=%2Fwp%2Fv2%2Fcategories&post=225958"},{"taxonomy":"post_tag","embeddable":true,"href":"https:\/\/diarioregionaldigital.com.br\/index.php?rest_route=%2Fwp%2Fv2%2Ftags&post=225958"}],"curies":[{"name":"wp","href":"https:\/\/api.w.org\/{rel}","templated":true}]}}