{"id":225952,"date":"2024-12-13T18:27:50","date_gmt":"2024-12-13T21:27:50","guid":{"rendered":"https:\/\/diarioregionaldigital.com.br\/?p=225952"},"modified":"2024-12-13T18:27:50","modified_gmt":"2024-12-13T21:27:50","slug":"juiz-de-fora-promove-debates-sobre-emergencia-climatica-na-3a-conferencia-municipal-do-meio-ambiente","status":"publish","type":"post","link":"https:\/\/diarioregionaldigital.com.br\/?p=225952","title":{"rendered":"Juiz de Fora promove debates sobre emerg\u00eancia clim\u00e1tica na 3\u00aa Confer\u00eancia Municipal do Meio Ambiente"},"content":{"rendered":"<p>Segundo informa\u00e7\u00f5es do site da Prefeitura de Juiz de Fora (PJF), nos dias 12 e 13 de dezembro, Juiz de Fora sediou a 3\u00aa Confer\u00eancia Municipal do Meio Ambiente, que reuniu especialistas, gestores p\u00fablicos e a sociedade civil para discutir o tema central &#8220;Emerg\u00eancia Clim\u00e1tica: o Desafio da Transforma\u00e7\u00e3o Ecol\u00f3gica&#8221;. O evento, organizado pela Secretaria de Sustentabilidade em Meio Ambiente e Atividades Urbanas (Sesmaur) e pelo Conselho Municipal do Meio Ambiente (Comdema), teve como objetivo principal a formula\u00e7\u00e3o de propostas para enfrentar a crise clim\u00e1tica e promover a sustentabilidade no munic\u00edpio, estado e pa\u00eds.<\/p>\n<p>&nbsp;<\/p>\n<div>A abertura aconteceu na quinta-feira, 12, no Teatro Paschoal Carlos Magno, e contou com a presen\u00e7a da prefeita Margarida Salom\u00e3o, do secret\u00e1rio Raphael Lopes Ribeiro e da diretora de Sustentabilidade e Patrim\u00f4nio da UFJF, Rosana Colombara. Al\u00e9m disso, foi realizada a palestra do Analista Ambiental do Minist\u00e9rio do Meio Ambiente e Mudan\u00e7as Clim\u00e1ticas, Tarc\u00edsio Nunes, que abordou o &#8220;Plano Nacional de Adapta\u00e7\u00e3o \u00e0 Mudan\u00e7a do Clima na Tem\u00e1tica de Recursos H\u00eddricos&#8221;. Durante a solenidade, tamb\u00e9m foi lan\u00e7ado o e-book \u201cEsp\u00e9cies arb\u00f3reas nativas indicadas para a restaura\u00e7\u00e3o florestal em Juiz de Fora e regi\u00e3o\u201d, do Doutor Fabr\u00edcio Alvim Carvalho.<\/div>\n<p>&nbsp;<\/p>\n<div>Para a prefeita, Margarida Salom\u00e3o, o tema do meio ambiente \u00e9 inadi\u00e1vel. \u201cEssa \u00e9 uma discuss\u00e3o inadi\u00e1vel, \u00e9 necess\u00e1rio a eleva\u00e7\u00e3o do n\u00edvel de consci\u00eancia da sociedade com rela\u00e7\u00e3o a essa tem\u00e1tica. N\u00f3s, na Prefeitura de Juiz de Fora, tivemos sempre esse tema como orientador de grande parte das nossas a\u00e7\u00f5es, independentemente daquelas que se desenvolviam na Secretaria de Meio Ambiente e Atividades Urbanas. Temos muitas coisas encaminhadas, muitas coisas realizadas e muitas coisas por avan\u00e7ar. E \u00e9 por conta disso que, em recente projeto encaminhado \u00e0 C\u00e2mara Municipal, n\u00f3s propusemos a cria\u00e7\u00e3o de uma Secretaria do Meio Ambiente, que \u00e9 uma coisa, afinal de contas, sintonizada com o debate p\u00fablico mundial\u201d.<\/div>\n<p>&nbsp;<\/p>\n<div>O secret\u00e1rio de sustentabilidade em Meio Ambiente e Atividades Urbanas, Raphael Ribeiro, classifica o meio ambiente como uma atividade transversal. \u201cO meio ambiente \u00e9 uma atividade transversal que trabalha com todas as \u00e1reas da administra\u00e7\u00e3o para que a cidade tenha realmente um desenvolvimento sustent\u00e1vel e com vis\u00e3o de futuro. Nesses \u00faltimos quatro anos, n\u00f3s trabalhamos incansavelmente sobre o comando da prefeita para que a cidade possa enfrentar toda a emerg\u00eancia clim\u00e1tica que vem se colocando diante de n\u00f3s. Ent\u00e3o, a confer\u00eancia \u00e9 para que possamos discutir pol\u00edticas, propostas, e avan\u00e7ar ainda mais em tudo que n\u00f3s temos a fazer para a nossa cidade\u201d, ressalta.<\/p>\n<p>O segundo dia de atividades ocorreu na Faculdade de Engenharia da Universidade Federal de Juiz de Fora (UFJF), devido \u00e0 alta demanda por espa\u00e7o. Na parte da manh\u00e3, a programa\u00e7\u00e3o come\u00e7ou com um caf\u00e9 de boas-vindas e credenciamento, seguido de uma plen\u00e1ria inicial com o momento de leitura, discuss\u00e3o e aprova\u00e7\u00e3o do Regimento Interno da Confer\u00eancia. Foi promovido, tamb\u00e9m, um painel tem\u00e1tico, composto pelos seguintes integrantes: Nathan de Oliveira Barros, Professor do Departamento de Biologia; Joviano Assis, Gerente do Departamento de Gest\u00e3o de Desastres; Luana Oliveira da Costa, Engenheira e Mestre em Sistemas de Energia pela Universidade Federal de Juiz de Fora;\u00a0 Val\u00e9ria Borges Pereira Costemalle, Gerente de Rela\u00e7\u00f5es Governamentais e Internacionais; Ang\u00e9lica Cosenza Rodrigues, professora da Faculdade de Educa\u00e7\u00e3o da UFJF. Ao longo do dia, paineis tem\u00e1ticos e grupos de trabalho discutiram propostas relacionadas aos cinco eixos tem\u00e1ticos definidos pelo Minist\u00e9rio do Meio Ambiente e Mudan\u00e7a do Clima.<\/p><\/div>\n<p>&nbsp;<\/p>\n<div>J\u00e1 na parte da tarde, os grupos de trabalho reuniram-se para abordar os cinco temas, como Mitiga\u00e7\u00e3o: redu\u00e7\u00e3o da emiss\u00e3o de gases de efeito estufa; Adapta\u00e7\u00e3o e prepara\u00e7\u00e3o para desastres: preven\u00e7\u00e3o de riscos e redu\u00e7\u00e3o de perdas e danos; Justi\u00e7a Clim\u00e1tica: supera\u00e7\u00e3o das desigualdades; Transforma\u00e7\u00e3o Ecol\u00f3gica: descarboniza\u00e7\u00e3o da economia com maior inclus\u00e3o social; Governan\u00e7a e Educa\u00e7\u00e3o Ambiental: participa\u00e7\u00e3o e controle social. A confer\u00eancia foi marcada pela ampla participa\u00e7\u00e3o da comunidade e pela qualidade das discuss\u00f5es realizadas. As propostas elaboradas durante o evento ser\u00e3o encaminhadas \u00e0 etapa estadual pelos delegados, com o objetivo de subsidiar pol\u00edticas p\u00fablicas voltadas para a transforma\u00e7\u00e3o ecol\u00f3gica e a mitiga\u00e7\u00e3o dos efeitos da emerg\u00eancia clim\u00e1tica em nossa sociedade.<\/div>\n","protected":false},"excerpt":{"rendered":"<p>Segundo informa\u00e7\u00f5es do site da Prefeitura de Juiz de Fora (PJF), nos dias 12 e 13 de dezembro, Juiz de Fora sediou a 3\u00aa Confer\u00eancia Municipal do Meio Ambiente, que reuniu especialistas, gestores p\u00fablicos e a sociedade civil para discutir o tema central &#8220;Emerg\u00eancia Clim\u00e1tica: o Desafio da Transforma\u00e7\u00e3o Ecol\u00f3gica&#8221;. O evento, organizado pela Secretaria [&hellip;]<\/p>\n","protected":false},"author":246,"featured_media":225953,"comment_status":"closed","ping_status":"closed","sticky":false,"template":"","format":"standard","meta":{"footnotes":""},"categories":[253,436,440,439],"tags":[],"class_list":["post-225952","post","type-post","status-publish","format-standard","has-post-thumbnail","hentry","category-cidade","category-destaque-da-semana","category-destaques-do-dia","category-ultima-hora"],"_links":{"self":[{"href":"https:\/\/diarioregionaldigital.com.br\/index.php?rest_route=\/wp\/v2\/posts\/225952","targetHints":{"allow":["GET"]}}],"collection":[{"href":"https:\/\/diarioregionaldigital.com.br\/index.php?rest_route=\/wp\/v2\/posts"}],"about":[{"href":"https:\/\/diarioregionaldigital.com.br\/index.php?rest_route=\/wp\/v2\/types\/post"}],"author":[{"embeddable":true,"href":"https:\/\/diarioregionaldigital.com.br\/index.php?rest_route=\/wp\/v2\/users\/246"}],"replies":[{"embeddable":true,"href":"https:\/\/diarioregionaldigital.com.br\/index.php?rest_route=%2Fwp%2Fv2%2Fcomments&post=225952"}],"version-history":[{"count":1,"href":"https:\/\/diarioregionaldigital.com.br\/index.php?rest_route=\/wp\/v2\/posts\/225952\/revisions"}],"predecessor-version":[{"id":225954,"href":"https:\/\/diarioregionaldigital.com.br\/index.php?rest_route=\/wp\/v2\/posts\/225952\/revisions\/225954"}],"wp:featuredmedia":[{"embeddable":true,"href":"https:\/\/diarioregionaldigital.com.br\/index.php?rest_route=\/wp\/v2\/media\/225953"}],"wp:attachment":[{"href":"https:\/\/diarioregionaldigital.com.br\/index.php?rest_route=%2Fwp%2Fv2%2Fmedia&parent=225952"}],"wp:term":[{"taxonomy":"category","embeddable":true,"href":"https:\/\/diarioregionaldigital.com.br\/index.php?rest_route=%2Fwp%2Fv2%2Fcategories&post=225952"},{"taxonomy":"post_tag","embeddable":true,"href":"https:\/\/diarioregionaldigital.com.br\/index.php?rest_route=%2Fwp%2Fv2%2Ftags&post=225952"}],"curies":[{"name":"wp","href":"https:\/\/api.w.org\/{rel}","templated":true}]}}