{"id":225942,"date":"2024-12-13T18:18:15","date_gmt":"2024-12-13T21:18:15","guid":{"rendered":"https:\/\/diarioregionaldigital.com.br\/?p=225942"},"modified":"2024-12-13T18:18:15","modified_gmt":"2024-12-13T21:18:15","slug":"governo-de-minas-emite-ordem-de-inicio-para-retomada-da-construcao-da-ponte-sobre-o-rio-sao-francisco","status":"publish","type":"post","link":"https:\/\/diarioregionaldigital.com.br\/?p=225942","title":{"rendered":"Governo de Minas emite ordem de in\u00edcio para retomada da constru\u00e7\u00e3o da ponte sobre o Rio S\u00e3o Francisco"},"content":{"rendered":"<p>O\u00a0<a href=\"https:\/\/www.mg.gov.br\/\" target=\"_blank\" rel=\"noopener\">Governo de Minas<\/a>, por meio do<a href=\"https:\/\/www.der.mg.gov.br\/\" target=\"_blank\" rel=\"noopener\">\u00a0Departamento de Estradas de Rodagem do Estado de Minas Gerais (DER-MG)<\/a>, emitiu nesta sexta-feira (13\/12)\u00a0a ordem de in\u00edcio para retomada das obras de constru\u00e7\u00e3o da Ponte do Rio S\u00e3o Francisco, no Norte do estado.<\/p>\n<p>Isso significa que o cons\u00f3rcio PRSF, formado pelas empresas S. A. Paulista de Constru\u00e7\u00f5es e Com\u00e9rcio, Azevedo e Travassos Infraestrutura Ltda (ambas de S\u00e3o Paulo) e Benito Roggio e Hijos Sociedad Anonima (Argentina), j\u00e1 pode se mobilizar para iniciar as obras.<\/p>\n<p>O cons\u00f3rcio PRSF venceu a licita\u00e7\u00e3o ao apresentar uma oferta de R$ 158,5 milh\u00f5es, equivalente a 91,17% do valor inicial, or\u00e7ado em R$ 173.844.790,50, em regime de empreitada por pre\u00e7o unit\u00e1rio. Ao todo, seis empresas concorreram na licita\u00e7\u00e3o, em sess\u00e3o realizada on-line.<\/p>\n<p>&nbsp;<\/p>\n<table border=\"0\" cellspacing=\"1\" cellpadding=\"1\" align=\"center\">\n<tbody>\n<tr>\n<td colspan=\"5\"><img decoding=\"async\" src=\"https:\/\/www.agenciaminas.mg.gov.br\/ckeditor_assets\/pictures\/20949\/content_2_olho_topo.jpg\" alt=\"\" \/><\/td>\n<\/tr>\n<tr>\n<td><\/td>\n<td colspan=\"3\" rowspan=\"3\">\n<h1><strong>\u201cAssim que o per\u00edodo chuvoso terminar, as obras ser\u00e3o iniciadas, no come\u00e7o do pr\u00f3ximo ano. Essa ponte, juntamente com a conclus\u00e3o da rodovia Pint\u00f3polis-Urucuia, criar\u00e1 um novo eixo de liga\u00e7\u00e3o entre Montes Claros e Bras\u00edlia, transformando a log\u00edstica e a economia do Norte de Minas\u201d, ressaltou o vice-governador Professor Mateus.<\/strong><\/h1>\n<\/td>\n<td><\/td>\n<\/tr>\n<tr>\n<td><\/td>\n<td><\/td>\n<\/tr>\n<tr>\n<td><\/td>\n<td><\/td>\n<\/tr>\n<tr>\n<td colspan=\"5\"><img decoding=\"async\" src=\"https:\/\/www.agenciaminas.mg.gov.br\/ckeditor_assets\/pictures\/20950\/content_2_olho_inferior.jpg\" alt=\"\" \/><\/td>\n<\/tr>\n<\/tbody>\n<\/table>\n<p>&nbsp;<\/p>\n<p>A constru\u00e7\u00e3o da ponte vai acabar com o transtorno da travessia por meio de balsas e barcos, o que representa a esperan\u00e7a de progresso e mais qualidade de vida dos moradores da cidade de S\u00e3o Francisco, \u00e0s margens do rio que batizou a cidade, e faz a conex\u00e3o com o munic\u00edpio de Pint\u00f3polis, pela rodovia MG-402.<\/p>\n<p>Para o diretor-geral do Departamento de Estradas de Rodagem de Minas Gerais (DER-MG), Rodrigo Tavares, a realiza\u00e7\u00e3o da obra sobre o rio S\u00e3o Francisco significa criar pontes para a economia e o desenvolvimento da regi\u00e3o.<\/p>\n<p>&nbsp;<\/p>\n<table border=\"0\" cellspacing=\"1\" cellpadding=\"1\" align=\"center\">\n<tbody>\n<tr>\n<td colspan=\"5\"><img decoding=\"async\" src=\"https:\/\/www.agenciaminas.mg.gov.br\/ckeditor_assets\/pictures\/20949\/content_2_olho_topo.jpg\" alt=\"\" \/><\/td>\n<\/tr>\n<tr>\n<td><\/td>\n<td colspan=\"3\" rowspan=\"3\">\n<h1><strong>\u201c\u00c0 medida que a nova estrutura encurta dist\u00e2ncia e diminui o tempo de deslocamento, tamb\u00e9m influencia a forma como as cidades se desenvolvem, o que gera reflexos importantes na economia\u201d, destacou Rodrigo Tavares.<\/strong><\/h1>\n<\/td>\n<td><\/td>\n<\/tr>\n<tr>\n<td><\/td>\n<td><\/td>\n<\/tr>\n<tr>\n<td><\/td>\n<td><\/td>\n<\/tr>\n<tr>\n<td colspan=\"5\"><img decoding=\"async\" src=\"https:\/\/www.agenciaminas.mg.gov.br\/ckeditor_assets\/pictures\/20950\/content_2_olho_inferior.jpg\" alt=\"\" \/><\/td>\n<\/tr>\n<\/tbody>\n<\/table>\n<p>&nbsp;<\/p>\n<p><strong>Estrutura<\/strong><\/p>\n<p>A ponte, uma das maiores j\u00e1 constru\u00eddas em Minas \u2013 com 1.120 metros de extens\u00e3o e 13,8 metros de largura \u2013 est\u00e1 inclu\u00edda no programa Caminhos pra Avan\u00e7ar, maior pacote de obras rodovi\u00e1rias das \u00faltimas d\u00e9cadas e tem os recursos garantidos.<\/p>\n<p>Al\u00e9m da edifica\u00e7\u00e3o da travessia sobre o rio, a homologa\u00e7\u00e3o prev\u00ea obras de melhoramentos e pavimenta\u00e7\u00e3o de variante de acesso \u00e0 ponte com 3,06 quil\u00f4metros, no trecho entre S\u00e3o Francisco e Pint\u00f3polis.<br \/>\n<img decoding=\"async\" src=\"https:\/\/www.agenciaminas.mg.gov.br\/ckeditor_assets\/pictures\/22122\/content_cristianomachado_imprensamg_cpm5165.jpg\" alt=\"\" \/><br \/>\n<sub><em>Cristiano Machado \/ Imprensa MG<\/em><\/sub><\/p>\n<p><strong>Hist\u00f3rico<\/strong><\/p>\n<p>As obras foram paralisadas devido \u00e0 rescis\u00e3o contratual com a empresa respons\u00e1vel pelo servi\u00e7o. A decis\u00e3o, unilateral por parte do\u00a0<a href=\"https:\/\/www.mg.gov.br\/\" target=\"_blank\" rel=\"noopener\">Governo de Minas<\/a>, foi tomada ap\u00f3s reuni\u00e3o realizada com a presen\u00e7a de representantes da empresa e do Minist\u00e9rio P\u00fablico de Minas Gerais (MPMG), diante da recorrente incapacidade da construtora de avan\u00e7ar com os servi\u00e7os conforme obriga\u00e7\u00e3o contratual.<\/p>\n<p>Na \u00e9poca, por meio do DER-MG, o Governo do Estado estabeleceu prazo de 60 dias para a empresa tomar as devidas provid\u00eancias em rela\u00e7\u00e3o ao grande volume de material estocado no canteiro de obras, bem como para a conclus\u00e3o de elementos de concreto que se encontravam parcialmente executados, de forma a minimizar perdas pela paralisa\u00e7\u00e3o.<\/p>\n<p>Fonte: Ag\u00eancia Minas<\/p>\n","protected":false},"excerpt":{"rendered":"<p>O\u00a0Governo de Minas, por meio do\u00a0Departamento de Estradas de Rodagem do Estado de Minas Gerais (DER-MG), emitiu nesta sexta-feira (13\/12)\u00a0a ordem de in\u00edcio para retomada das obras de constru\u00e7\u00e3o da Ponte do Rio S\u00e3o Francisco, no Norte do estado. Isso significa que o cons\u00f3rcio PRSF, formado pelas empresas S. A. Paulista de Constru\u00e7\u00f5es e Com\u00e9rcio, [&hellip;]<\/p>\n","protected":false},"author":246,"featured_media":225943,"comment_status":"closed","ping_status":"closed","sticky":false,"template":"","format":"standard","meta":{"footnotes":""},"categories":[436,261,254,439],"tags":[],"class_list":["post-225942","post","type-post","status-publish","format-standard","has-post-thumbnail","hentry","category-destaque-da-semana","category-economia","category-politica","category-ultima-hora"],"_links":{"self":[{"href":"https:\/\/diarioregionaldigital.com.br\/index.php?rest_route=\/wp\/v2\/posts\/225942","targetHints":{"allow":["GET"]}}],"collection":[{"href":"https:\/\/diarioregionaldigital.com.br\/index.php?rest_route=\/wp\/v2\/posts"}],"about":[{"href":"https:\/\/diarioregionaldigital.com.br\/index.php?rest_route=\/wp\/v2\/types\/post"}],"author":[{"embeddable":true,"href":"https:\/\/diarioregionaldigital.com.br\/index.php?rest_route=\/wp\/v2\/users\/246"}],"replies":[{"embeddable":true,"href":"https:\/\/diarioregionaldigital.com.br\/index.php?rest_route=%2Fwp%2Fv2%2Fcomments&post=225942"}],"version-history":[{"count":1,"href":"https:\/\/diarioregionaldigital.com.br\/index.php?rest_route=\/wp\/v2\/posts\/225942\/revisions"}],"predecessor-version":[{"id":225944,"href":"https:\/\/diarioregionaldigital.com.br\/index.php?rest_route=\/wp\/v2\/posts\/225942\/revisions\/225944"}],"wp:featuredmedia":[{"embeddable":true,"href":"https:\/\/diarioregionaldigital.com.br\/index.php?rest_route=\/wp\/v2\/media\/225943"}],"wp:attachment":[{"href":"https:\/\/diarioregionaldigital.com.br\/index.php?rest_route=%2Fwp%2Fv2%2Fmedia&parent=225942"}],"wp:term":[{"taxonomy":"category","embeddable":true,"href":"https:\/\/diarioregionaldigital.com.br\/index.php?rest_route=%2Fwp%2Fv2%2Fcategories&post=225942"},{"taxonomy":"post_tag","embeddable":true,"href":"https:\/\/diarioregionaldigital.com.br\/index.php?rest_route=%2Fwp%2Fv2%2Ftags&post=225942"}],"curies":[{"name":"wp","href":"https:\/\/api.w.org\/{rel}","templated":true}]}}