{"id":225939,"date":"2024-12-13T18:15:36","date_gmt":"2024-12-13T21:15:36","guid":{"rendered":"https:\/\/diarioregionaldigital.com.br\/?p=225939"},"modified":"2024-12-13T18:15:36","modified_gmt":"2024-12-13T21:15:36","slug":"governo-de-minas-e-cemig-firmam-parceria-inedita-que-atrai-r-265-mi-em-investimentos-e-mais-empregos-para-o-estado","status":"publish","type":"post","link":"https:\/\/diarioregionaldigital.com.br\/?p=225939","title":{"rendered":"Governo de Minas e Cemig firmam parceria in\u00e9dita que atrai R$ 265 mi em investimentos e mais empregos para o estado"},"content":{"rendered":"<p>A empresa Nansen vai investir R$ 265 milh\u00f5es em uma nova f\u00e1brica e em um Centro de Pesquisa e Desenvolvimento em Minas Gerais, com previs\u00e3o de gera\u00e7\u00e3o de 215 empregos. O acordo \u00e9 resultado de um modelo in\u00e9dito de licita\u00e7\u00e3o dentro do projeto SupriMinas, que permite \u00e0\u00a0<a href=\"https:\/\/www.cemig.com.br\/\">Companhia Energ\u00e9tica de Minas Gerais (Cemig)<\/a>\u00a0a execu\u00e7\u00e3o do maior plano de investimentos da sua hist\u00f3ria, por meio\u00a0de parceiros locais, com competitividade e vantagens log\u00edsticas.<\/p>\n<p>A iniciativa \u00e9 realizada em parceria com o\u00a0<a href=\"https:\/\/www.mg.gov.br\/\">Governo de Minas<\/a>, por meio da\u00a0<a href=\"https:\/\/desenvolvimento.mg.gov.br\/\">Secretaria de Estado de Desenvolvimento Econ\u00f4mico (Sede-MG)<\/a>\u00a0e da ag\u00eancia vinculada, a\u00a0<a href=\"https:\/\/investminas.mg.gov.br\/\">Invest Minas<\/a>. O contrato foi assinado nessa quinta-feira (12\/12), na sede da Cemig, com as presen\u00e7as do secret\u00e1rio de Estado de Desenvolvimento Econ\u00f4mico, Fernando Passalio, do presidente da Cemig, Reynaldo Passanezi Filho, do diretor-presidente da Invest Minas, Jo\u00e3o Paulo Braga, do CEO da AUX Hi-Tech, Cheng Zhihao, e do CEO Nansen Brasil, Chong Fan.<\/p>\n<p>A unidade deve come\u00e7ar a ser constru\u00edda em mar\u00e7o de 2025 com a previs\u00e3o de come\u00e7ar a operar em um ano. O secret\u00e1rio de Estado de Desenvolvimento Econ\u00f4mico, Fernando Passalio, celebrou o acordo. \u201cMostramos, mais uma vez, que uma gest\u00e3o eficiente das empresas p\u00fablicas tem impacto direto na vida da popula\u00e7\u00e3o. Al\u00e9m de gerar lucro para nossa economia, estamos dando outro passo nesta gest\u00e3o, que \u00e9 a atra\u00e7\u00e3o de investidores privados para atender de forma personalizada a demanda da Cemig&#8221;.<\/p>\n<table border=\"0\" cellspacing=\"1\" cellpadding=\"1\" align=\"center\">\n<tbody>\n<tr>\n<td colspan=\"5\"><img decoding=\"async\" src=\"https:\/\/www.agenciaminas.mg.gov.br\/ckeditor_assets\/pictures\/20949\/content_2_olho_topo.jpg\" alt=\"\" \/><\/td>\n<\/tr>\n<tr>\n<td><\/td>\n<td colspan=\"3\" rowspan=\"3\">\n<h1><strong>&#8220;Ser\u00e3o mais empregos para Minas e um servi\u00e7o de mais qualidade para o consumidor. Isso s\u00f3 funciona quando se fomenta um ambiente competitivo, seguindo o que vem dando resultado nas principais economias do mundo&#8221;, afirma Fernando Passalio.<\/strong><\/h1>\n<\/td>\n<td><\/td>\n<\/tr>\n<tr>\n<td><\/td>\n<td><\/td>\n<\/tr>\n<tr>\n<td><\/td>\n<td><\/td>\n<\/tr>\n<tr>\n<td colspan=\"5\"><img decoding=\"async\" src=\"https:\/\/www.agenciaminas.mg.gov.br\/ckeditor_assets\/pictures\/20950\/content_2_olho_inferior.jpg\" alt=\"\" \/><\/td>\n<\/tr>\n<\/tbody>\n<\/table>\n<p>Para o presidente da Cemig, a parceria com o Governo de Minas refor\u00e7a um dos compromissos da companhia com o\u00a0estado. \u201cEstamos no maior ciclo de investimentos da nossa hist\u00f3ria, com o objetivo de melhorar ainda mais o fornecimento de energia para 774 munic\u00edpios. Com este contrato, vamos gerar uma economia na moderniza\u00e7\u00e3o e manuten\u00e7\u00e3o dos equipamentos e, junto, induzir a gera\u00e7\u00e3o de empregos e o incremento de uma nova cadeia produtiva no estado\u201d, afirma Reynaldo Passanezi Filho.<\/p>\n<p>O diretor-presidente da Invest Minas, Jo\u00e3o Paulo Braga, tamb\u00e9m comemorou o acordo firmado. \u201cA parceria estrat\u00e9gica entre o Governo de Minas e a Cemig demonstra como inova\u00e7\u00e3o em pol\u00edticas p\u00fablicas pode transformar o ambiente de neg\u00f3cios. Com a Nansen, garantimos uma cadeia produtiva mais eficiente e pr\u00f3xima. A combina\u00e7\u00e3o de tecnologia, log\u00edstica otimizada e incentivos fiscais torna poss\u00edvel um modelo que gera economia, emprego e desenvolvimento\u201d, finalizou.<\/p>\n<p><strong>Vantagens<\/strong><\/p>\n<p>A parceria entre Cemig e Invest Minas come\u00e7ou h\u00e1 dois anos, como estrat\u00e9gia para atrair fornecedores de transformadores, de baixa e m\u00e9dia tens\u00e3o, para Minas Gerais. At\u00e9 agora, as compras eram feitas junto a fornecedores de outros estados, como S\u00e3o Paulo, Mato Grosso e Amazonas.<\/p>\n<p>Al\u00e9m das vantagens econ\u00f4micas, haver\u00e1 ainda uma redu\u00e7\u00e3o de 180 mil quil\u00f4metros rodados ao ano para a entrega dos equipamentos, evitando a emiss\u00e3o de 170 toneladas de CO2.<\/p>\n<p><strong>Sobre a Nansen<\/strong><\/p>\n<p>Fundada em 1930, a Nansen tem sede em Contagem, na Reig\u00e3o Metropolitana de Belo Horizonte, e tornou-se uma das maiores fabricantes de medidores do mundo. Em 2018, passou a pertencer \u00e0 Sanxing Electric Co., empresa do grupo AUX, l\u00edder mundial em medidores, que atua em 50 pa\u00edses.<\/p>\n<p>A nova unidade em Minas vai fabricar transformadores de distribui\u00e7\u00e3o com foco no projeto SupriMinas, mas com suporte tamb\u00e9m a outras distribuidoras no Brasil e para exporta\u00e7\u00e3o para a Am\u00e9rica Latina e Am\u00e9rica do Norte. Os executivos da empresa ainda estudam as op\u00e7\u00f5es de locais para instala\u00e7\u00e3o da f\u00e1brica.<\/p>\n<p>Fonte: Ag\u00eancia Minas<\/p>\n","protected":false},"excerpt":{"rendered":"<p>A empresa Nansen vai investir R$ 265 milh\u00f5es em uma nova f\u00e1brica e em um Centro de Pesquisa e Desenvolvimento em Minas Gerais, com previs\u00e3o de gera\u00e7\u00e3o de 215 empregos. O acordo \u00e9 resultado de um modelo in\u00e9dito de licita\u00e7\u00e3o dentro do projeto SupriMinas, que permite \u00e0\u00a0Companhia Energ\u00e9tica de Minas Gerais (Cemig)\u00a0a execu\u00e7\u00e3o do maior [&hellip;]<\/p>\n","protected":false},"author":246,"featured_media":225940,"comment_status":"closed","ping_status":"closed","sticky":false,"template":"","format":"standard","meta":{"footnotes":""},"categories":[436,261,254,439],"tags":[],"class_list":["post-225939","post","type-post","status-publish","format-standard","has-post-thumbnail","hentry","category-destaque-da-semana","category-economia","category-politica","category-ultima-hora"],"_links":{"self":[{"href":"https:\/\/diarioregionaldigital.com.br\/index.php?rest_route=\/wp\/v2\/posts\/225939","targetHints":{"allow":["GET"]}}],"collection":[{"href":"https:\/\/diarioregionaldigital.com.br\/index.php?rest_route=\/wp\/v2\/posts"}],"about":[{"href":"https:\/\/diarioregionaldigital.com.br\/index.php?rest_route=\/wp\/v2\/types\/post"}],"author":[{"embeddable":true,"href":"https:\/\/diarioregionaldigital.com.br\/index.php?rest_route=\/wp\/v2\/users\/246"}],"replies":[{"embeddable":true,"href":"https:\/\/diarioregionaldigital.com.br\/index.php?rest_route=%2Fwp%2Fv2%2Fcomments&post=225939"}],"version-history":[{"count":1,"href":"https:\/\/diarioregionaldigital.com.br\/index.php?rest_route=\/wp\/v2\/posts\/225939\/revisions"}],"predecessor-version":[{"id":225941,"href":"https:\/\/diarioregionaldigital.com.br\/index.php?rest_route=\/wp\/v2\/posts\/225939\/revisions\/225941"}],"wp:featuredmedia":[{"embeddable":true,"href":"https:\/\/diarioregionaldigital.com.br\/index.php?rest_route=\/wp\/v2\/media\/225940"}],"wp:attachment":[{"href":"https:\/\/diarioregionaldigital.com.br\/index.php?rest_route=%2Fwp%2Fv2%2Fmedia&parent=225939"}],"wp:term":[{"taxonomy":"category","embeddable":true,"href":"https:\/\/diarioregionaldigital.com.br\/index.php?rest_route=%2Fwp%2Fv2%2Fcategories&post=225939"},{"taxonomy":"post_tag","embeddable":true,"href":"https:\/\/diarioregionaldigital.com.br\/index.php?rest_route=%2Fwp%2Fv2%2Ftags&post=225939"}],"curies":[{"name":"wp","href":"https:\/\/api.w.org\/{rel}","templated":true}]}}