{"id":225936,"date":"2024-12-13T18:14:22","date_gmt":"2024-12-13T21:14:22","guid":{"rendered":"https:\/\/diarioregionaldigital.com.br\/?p=225936"},"modified":"2024-12-13T18:14:22","modified_gmt":"2024-12-13T21:14:22","slug":"novo-acordo-de-mariana-equacionamento-da-divida-publica-e-debitos-herdados-solucao-de-pendencias-historicas-marca-atuacao-do-governo-de-minas-em-2024","status":"publish","type":"post","link":"https:\/\/diarioregionaldigital.com.br\/?p=225936","title":{"rendered":"Novo Acordo de Mariana, equacionamento da d\u00edvida p\u00fablica e d\u00e9bitos herdados: solu\u00e7\u00e3o de pend\u00eancias hist\u00f3ricas marca atua\u00e7\u00e3o do Governo de Minas em 2024"},"content":{"rendered":"<p><main class=\"clear margin-md-bottom-3\"><\/p>\n<div class=\"clear \">\n<p>O governador Romeu Zema e os secret\u00e1rios de\u00a0<a href=\"https:\/\/www.mg.gov.br\/planejamento\" target=\"_blank\" rel=\"noopener\">Planejamento e Gest\u00e3o<\/a>, Lu\u00edsa Barreto, de\u00a0<a href=\"https:\/\/www.fazenda.mg.gov.br\/\" target=\"_blank\" rel=\"noopener\">Fazenda<\/a>, Luiz Claudio Gomes, e de\u00a0<a href=\"https:\/\/www.governo.mg.gov.br\/\" target=\"_blank\" rel=\"noopener\">Governo<\/a>, Gustavo Valadares, se reuniram na manh\u00e3 desta sexta-feira (13\/12) para apresentarem um balan\u00e7o das contas p\u00fablicas de 2024 e da atual gest\u00e3o.<\/p>\n<p>Em um encontro com jornalistas, o governador destacou alguns dos principais pontos de atua\u00e7\u00e3o, sobretudo o encaminhamento de uma solu\u00e7\u00e3o definitiva para a d\u00edvida do Estado com a Uni\u00e3o, a assinatura do Novo Acordo de Mariana e o pagamento de d\u00e9bitos deixados pelas gest\u00f5es anteriores.<\/p>\n<p>&nbsp;<\/p>\n<table border=\"0\" cellspacing=\"1\" cellpadding=\"1\" align=\"center\">\n<tbody>\n<tr>\n<td colspan=\"5\"><img decoding=\"async\" src=\"https:\/\/www.agenciaminas.mg.gov.br\/ckeditor_assets\/pictures\/20949\/content_2_olho_topo.jpg\" alt=\"\" \/><\/td>\n<\/tr>\n<tr>\n<td><\/td>\n<td colspan=\"3\" rowspan=\"3\">\n<h1><strong>&#8220;Mais que qualquer obra p\u00fablica, espero que estejamos deixando um legado, nesta gest\u00e3o, de como fazer um governo com seriedade e austeridade&#8221;, refletiu Romeu Zema.<\/strong><\/h1>\n<\/td>\n<td><\/td>\n<\/tr>\n<tr>\n<td><\/td>\n<td><\/td>\n<\/tr>\n<tr>\n<td><\/td>\n<td><\/td>\n<\/tr>\n<tr>\n<td colspan=\"5\"><img decoding=\"async\" src=\"https:\/\/www.agenciaminas.mg.gov.br\/ckeditor_assets\/pictures\/20950\/content_2_olho_inferior.jpg\" alt=\"\" \/><\/td>\n<\/tr>\n<\/tbody>\n<\/table>\n<p>Durante a conversa, o secret\u00e1rio Gustavo Valadares comentou alguns dos projetos aprovados pela Assembleia Legislativa de Minas Gerais (ALMG) ao longo deste ano e os priorit\u00e1rios para 2025. Ele tamb\u00e9m aproveitou o momento para agradecer os parlamentares pelo fortalecimento da parceria.<\/p>\n<table border=\"0\" cellspacing=\"1\" cellpadding=\"1\" align=\"center\">\n<tbody>\n<tr>\n<td colspan=\"5\"><img decoding=\"async\" src=\"https:\/\/www.agenciaminas.mg.gov.br\/ckeditor_assets\/pictures\/20949\/content_2_olho_topo.jpg\" alt=\"\" \/><\/td>\n<\/tr>\n<tr>\n<td><\/td>\n<td colspan=\"3\" rowspan=\"3\">\n<h1><strong>&#8220;Quero fazer um breve agradecimento \u00e0 classe pol\u00edtica de Minas que t\u00e3o bem tem entendido o momento que o Estado est\u00e1 passando de reconstru\u00e7\u00e3o e de entregas&#8221;, disse Gustavo Valadares.<\/strong><\/h1>\n<\/td>\n<td><\/td>\n<\/tr>\n<tr>\n<td><\/td>\n<td><\/td>\n<\/tr>\n<tr>\n<td><\/td>\n<td><\/td>\n<\/tr>\n<tr>\n<td colspan=\"5\"><img decoding=\"async\" src=\"https:\/\/www.agenciaminas.mg.gov.br\/ckeditor_assets\/pictures\/20950\/content_2_olho_inferior.jpg\" alt=\"\" \/><\/td>\n<\/tr>\n<\/tbody>\n<\/table>\n<p><strong>Organiza\u00e7\u00e3o<\/strong><\/p>\n<p>A secret\u00e1ria de Planejamento e Gest\u00e3o, Lu\u00edsa Barreto, destacou que os passivos t\u00eam sido quitados, mantida a situa\u00e7\u00e3o de equil\u00edbrio, sem preju\u00edzo para os servi\u00e7os p\u00fablicos e sem onerar o cidad\u00e3o com novos impostos. &#8220;Fizemos investimentos recordes em Sa\u00fade e Educa\u00e7\u00e3o, tiramos obras do papel e tudo isso a partir de um esfor\u00e7o muito s\u00e9rio de gest\u00e3o\u201d, ressaltou.<\/p>\n<table border=\"0\" cellspacing=\"1\" cellpadding=\"1\" align=\"center\">\n<tbody>\n<tr>\n<td colspan=\"5\"><img decoding=\"async\" src=\"https:\/\/www.agenciaminas.mg.gov.br\/ckeditor_assets\/pictures\/20949\/content_2_olho_topo.jpg\" alt=\"\" \/><\/td>\n<\/tr>\n<tr>\n<td><\/td>\n<td colspan=\"3\" rowspan=\"3\">\n<h1><strong>\u201cEstamos entre os \u00fanicos a utilizar uma metodologia premiada pelo BID, o Or\u00e7amento Base Zero (OBZ), reduzindo custos sem prejudicar os servi\u00e7os, buscando l\u00f3gicas de efici\u00eancia, com a centraliza\u00e7\u00e3o de compras e digitaliza\u00e7\u00e3o de servi\u00e7os, por exemplo. E, com o Novo Acordo de Mariana, deixaremos um legado permanente para a Bacia do Rio Doce, para as pessoas atingidas, depois de um longo prazo sem repara\u00e7\u00e3o efetiva&#8221;, afirmou Lu\u00edsa Barreto.<\/strong><\/h1>\n<\/td>\n<td><\/td>\n<\/tr>\n<tr>\n<td><\/td>\n<td><\/td>\n<\/tr>\n<tr>\n<td><\/td>\n<td><\/td>\n<\/tr>\n<tr>\n<td colspan=\"5\"><img decoding=\"async\" src=\"https:\/\/www.agenciaminas.mg.gov.br\/ckeditor_assets\/pictures\/20950\/content_2_olho_inferior.jpg\" alt=\"\" \/><\/td>\n<\/tr>\n<\/tbody>\n<\/table>\n<p><strong>Contas em dia<\/strong><\/p>\n<p>Em 2024, o\u00a0<a href=\"https:\/\/www.mg.gov.br\/\" target=\"_blank\" rel=\"noopener\">Governo de Minas<\/a>\u00a0seguiu honrando os repasses constitucionais de ICMS, IPVA e Fundeb aos munic\u00edpios, uma d\u00edvida de R$ 6 bilh\u00f5es em atraso em 2019, mantendo os sal\u00e1rios dos servidores em dia, quitando passivos, como as f\u00e9rias-pr\u00eamio, que n\u00e3o vinham sendo pagas, acertando d\u00e9bitos com os fornecedores, retomando e ampliando os investimentos constitucionais em sa\u00fade e educa\u00e7\u00e3o.<\/p>\n<p>No segundo semestre de 2024, o resultado foi mais um desafio superado no ano em que pend\u00eancias hist\u00f3ricas, herdadas de gest\u00f5es anteriores, foram equacionadas, como a da d\u00edvida p\u00fablica mineira, por meio de acordo firmado em agosto de 2024 para a retomada do pagamento, nos termos do Regime de Recupera\u00e7\u00e3o Fiscal (RRF), das parcelas do d\u00e9bito de R$ 156 bilh\u00f5es com a Uni\u00e3o, e a solu\u00e7\u00e3o de passivos que, em 2019, chegavam a R$ 29,8 bilh\u00f5es.<\/p>\n<p>O secret\u00e1rio de Fazenda, Luiz Claudio Gomes, explicou que a solu\u00e7\u00e3o das pend\u00eancias se deve ao trabalho de gest\u00e3o eficiente do fluxo de caixa e aumento da arrecada\u00e7\u00e3o, sem a necessidade de cria\u00e7\u00e3o ou o aumento de impostos.<\/p>\n<table border=\"0\" cellspacing=\"1\" cellpadding=\"1\" align=\"center\">\n<tbody>\n<tr>\n<td colspan=\"5\"><img decoding=\"async\" src=\"https:\/\/www.agenciaminas.mg.gov.br\/ckeditor_assets\/pictures\/20949\/content_2_olho_topo.jpg\" alt=\"\" \/><\/td>\n<\/tr>\n<tr>\n<td><\/td>\n<td colspan=\"3\" rowspan=\"3\">\n<h1><strong>&#8220;A gest\u00e3o tribut\u00e1ria de Minas Gerais \u00e9 reconhecida como a melhor do Brasil porque quem investe quer seguran\u00e7a jur\u00eddica e isso tem contribu\u00eddo muito para o ambiente econ\u00f4mico, atra\u00e7\u00e3o de investimentos e cria\u00e7\u00e3o de emprego e renda para as fam\u00edlias mineiras&#8221;, disse Luiz Claudio Gomes.<\/strong><\/h1>\n<\/td>\n<td><\/td>\n<\/tr>\n<tr>\n<td><\/td>\n<td><\/td>\n<\/tr>\n<tr>\n<td><\/td>\n<td><\/td>\n<\/tr>\n<tr>\n<td colspan=\"5\"><img decoding=\"async\" src=\"https:\/\/www.agenciaminas.mg.gov.br\/ckeditor_assets\/pictures\/20950\/content_2_olho_inferior.jpg\" alt=\"\" \/><\/td>\n<\/tr>\n<\/tbody>\n<\/table>\n<p>Marcos no compromisso com a popula\u00e7\u00e3o, munic\u00edpios, servidores, com a responsabilidade fiscal e a sociedade mineira, essas a\u00e7\u00f5es foram viabilizadas pela gest\u00e3o respons\u00e1vel dos gastos, os esfor\u00e7os para incrementar a arrecada\u00e7\u00e3o e o empenho na busca pelo desenvolvimento do estado.<\/p>\n<p>Fonte: Ag\u00eancia Minas<\/p>\n<\/div>\n<p><\/main><\/p>\n","protected":false},"excerpt":{"rendered":"<p>O governador Romeu Zema e os secret\u00e1rios de\u00a0Planejamento e Gest\u00e3o, Lu\u00edsa Barreto, de\u00a0Fazenda, Luiz Claudio Gomes, e de\u00a0Governo, Gustavo Valadares, se reuniram na manh\u00e3 desta sexta-feira (13\/12) para apresentarem um balan\u00e7o das contas p\u00fablicas de 2024 e da atual gest\u00e3o. Em um encontro com jornalistas, o governador destacou alguns dos principais pontos de atua\u00e7\u00e3o, sobretudo [&hellip;]<\/p>\n","protected":false},"author":246,"featured_media":225937,"comment_status":"closed","ping_status":"closed","sticky":false,"template":"","format":"standard","meta":{"footnotes":""},"categories":[436,440,261,254,439],"tags":[],"class_list":["post-225936","post","type-post","status-publish","format-standard","has-post-thumbnail","hentry","category-destaque-da-semana","category-destaques-do-dia","category-economia","category-politica","category-ultima-hora"],"_links":{"self":[{"href":"https:\/\/diarioregionaldigital.com.br\/index.php?rest_route=\/wp\/v2\/posts\/225936","targetHints":{"allow":["GET"]}}],"collection":[{"href":"https:\/\/diarioregionaldigital.com.br\/index.php?rest_route=\/wp\/v2\/posts"}],"about":[{"href":"https:\/\/diarioregionaldigital.com.br\/index.php?rest_route=\/wp\/v2\/types\/post"}],"author":[{"embeddable":true,"href":"https:\/\/diarioregionaldigital.com.br\/index.php?rest_route=\/wp\/v2\/users\/246"}],"replies":[{"embeddable":true,"href":"https:\/\/diarioregionaldigital.com.br\/index.php?rest_route=%2Fwp%2Fv2%2Fcomments&post=225936"}],"version-history":[{"count":1,"href":"https:\/\/diarioregionaldigital.com.br\/index.php?rest_route=\/wp\/v2\/posts\/225936\/revisions"}],"predecessor-version":[{"id":225938,"href":"https:\/\/diarioregionaldigital.com.br\/index.php?rest_route=\/wp\/v2\/posts\/225936\/revisions\/225938"}],"wp:featuredmedia":[{"embeddable":true,"href":"https:\/\/diarioregionaldigital.com.br\/index.php?rest_route=\/wp\/v2\/media\/225937"}],"wp:attachment":[{"href":"https:\/\/diarioregionaldigital.com.br\/index.php?rest_route=%2Fwp%2Fv2%2Fmedia&parent=225936"}],"wp:term":[{"taxonomy":"category","embeddable":true,"href":"https:\/\/diarioregionaldigital.com.br\/index.php?rest_route=%2Fwp%2Fv2%2Fcategories&post=225936"},{"taxonomy":"post_tag","embeddable":true,"href":"https:\/\/diarioregionaldigital.com.br\/index.php?rest_route=%2Fwp%2Fv2%2Ftags&post=225936"}],"curies":[{"name":"wp","href":"https:\/\/api.w.org\/{rel}","templated":true}]}}