{"id":225933,"date":"2024-12-13T18:12:49","date_gmt":"2024-12-13T21:12:49","guid":{"rendered":"https:\/\/diarioregionaldigital.com.br\/?p=225933"},"modified":"2024-12-13T18:12:49","modified_gmt":"2024-12-13T21:12:49","slug":"novas-localidades-no-alo-minas-650-servicos-digitais-e-equilibrio-fiscal-estao-entre-os-avancos-da-seplag-mg-em-2024","status":"publish","type":"post","link":"https:\/\/diarioregionaldigital.com.br\/?p=225933","title":{"rendered":"Novas localidades no Al\u00f4, Minas!, 650 servi\u00e7os digitais, e equil\u00edbrio fiscal est\u00e3o entre os avan\u00e7os da Seplag-MG em 2024"},"content":{"rendered":"<p>Mais de 650 servi\u00e7os com todas as etapas digitais, como a transfer\u00eancia de ve\u00edculos on-line, e internet e telefonia em 150 localidades, beneficiando mais de 110 mil pessoas, est\u00e3o entre os avan\u00e7os do\u00a0<a href=\"https:\/\/www.mg.gov.br\/\" target=\"_blank\" rel=\"noopener\">Governo de Minas<\/a>\u00a0em 2024, por meio da\u00a0<a href=\"https:\/\/www.mg.gov.br\/planejamento\" target=\"_blank\" rel=\"noopener\">Secretaria de Estado de Planejamento e Gest\u00e3o (Seplag-MG)<\/a>.<\/p>\n<p>Investindo no equil\u00edbrio das contas p\u00fablicas com ferramentas como o Or\u00e7amento Base Zero (OBZ), a Seplag-MG atuou no equacionamento de passivos que, em 2019, chegavam a R$ 29,8 bilh\u00f5es, sem prejudicar servi\u00e7os p\u00fablicos. Compromissos com servidores, munic\u00edpios e fornecedores foram mantidos, com investimentos recordes em sa\u00fade e educa\u00e7\u00e3o. Al\u00e9m disso, avan\u00e7os em a\u00e7\u00f5es sustent\u00e1veis e aprimoramento do atendimento ao cidad\u00e3o.<\/p>\n<p><strong>Mariana<\/strong><\/p>\n<p>A repactua\u00e7\u00e3o \u00e9 o maior acordo socioambiental do mundo, com R$ 132 bilh\u00f5es em novos recursos destinados \u00e0 repara\u00e7\u00e3o do rompimento da barragem em 2015. O novo acordo era uma prioridade para o Governo de Minas, que atuou, por meio da Seplag-MG, para tornar realidade a repara\u00e7\u00e3o. Em novembro, foi lan\u00e7ada consulta p\u00fablica do novo projeto de concess\u00e3o rodovi\u00e1ria do trecho da BR-356, que liga Mariana \u00e0 BR-040, viabilizando a duplica\u00e7\u00e3o da rodovia e outras melhorias.<\/p>\n<p><strong>Brumadinho<\/strong><\/p>\n<p>As a\u00e7\u00f5es de repara\u00e7\u00e3o conduzidas pela Seplag-MG e Institui\u00e7\u00f5es de Justi\u00e7a viabilizaram, em 2024, o in\u00edcio de mais 27 novos projetos, totalizando 150 desde 2022, e o in\u00edcio da execu\u00e7\u00e3o do programa de Universaliza\u00e7\u00e3o do Saneamento B\u00e1sico para os munic\u00edpios atingidos, que destinar\u00e1 mais de R$ 1,8 bilh\u00e3o em novos projetos, entre outras a\u00e7\u00f5es.<\/p>\n<p><strong>Funcionalismo<\/strong><\/p>\n<p>O 13\u00ba sal\u00e1rio dos servidores ser\u00e1 pago em parcela \u00fanica neste s\u00e1bado\u00a0(14\/12) \u2013 quarto ano consecutivo em que \u00e9 depositado em dia. Em 2024, o Governo de Minas reajustou os sal\u00e1rios do funcionalismo em 4,62% e quitou passivos de f\u00e9rias-pr\u00eamio \u2013\u00a0cerca de R$ 100 milh\u00f5es para quase 3 mil servidores este ano.<\/p>\n<p><strong>Cidad\u00e3o<\/strong><\/p>\n<p>S\u00e3o 653 servi\u00e7os totalmente digitais, como a Transfer\u00eancia Digital de Ve\u00edculos, e mais de 81% das etapas realizadas de forma digital, por meio do Portal MG e do o MG App. Novas UAIs foram entregues, chegando a 51 no Estado, que foi o que mais emitiu a Carteira de Identidade Nacional: 2 milh\u00f5es de documentos. Foi conclu\u00edda, ainda, a instala\u00e7\u00e3o de antenas em 150 localidades sem cobertura de telefonia e internet, e lan\u00e7ada a Fase II do Al\u00f4, Minas! para mais\u00a0 41 localidades.<\/p>\n<p><strong>Moderniza\u00e7\u00e3o<\/strong><\/p>\n<p>O projeto Automatiza.MG se consolidou como uma solu\u00e7\u00e3o para desburocratiza\u00e7\u00e3o e efici\u00eancia no setor p\u00fablico. J\u00e1 foi poss\u00edvel reduzir em quase 8 mil as horas mensais de trabalho em atividades repetitivas e mec\u00e2nicas.<\/p>\n<p><strong>Tr\u00e2nsito<\/strong><\/p>\n<p>Em 2024, com a gest\u00e3o de tr\u00e2nsito de Minas Gerais incorporada \u00e0 Seplag-MG h\u00e1 um ano, s\u00e3o 118 servi\u00e7os digitalizados, correspondendo a 60,5% do total de servi\u00e7os da CET-MG. A implanta\u00e7\u00e3o da terceiriza\u00e7\u00e3o do servi\u00e7o de vistorias veiculares expandiu o atendimento para 97% dos munic\u00edpios.<\/p>\n<p><strong>Sustentabilidade<\/strong><\/p>\n<p>A Seplag-MG est\u00e1 substituindo gradualmente o abastecimento da frota veicular de gasolina para \u00e1lcool. A pasta tamb\u00e9m est\u00e1 fortalecendo a pr\u00e1tica de compras sustent\u00e1veis no Estado com novos crit\u00e9rios e pr\u00e1ticas para as licita\u00e7\u00f5es e contrata\u00e7\u00f5es p\u00fablicas.<\/p>\n<p>Veja o balan\u00e7o completo\u00a0<a href=\"https:\/\/www.mg.gov.br\/planejamento\/noticias\/seplag-mg-2024-mais-de-600-servicos-digitais-inclusive-transferencia-de\" target=\"_blank\" rel=\"noopener\">aqui<\/a>.<\/p>\n<p>Fonte: Ag\u00eancia Minas<\/p>\n","protected":false},"excerpt":{"rendered":"<p>Mais de 650 servi\u00e7os com todas as etapas digitais, como a transfer\u00eancia de ve\u00edculos on-line, e internet e telefonia em 150 localidades, beneficiando mais de 110 mil pessoas, est\u00e3o entre os avan\u00e7os do\u00a0Governo de Minas\u00a0em 2024, por meio da\u00a0Secretaria de Estado de Planejamento e Gest\u00e3o (Seplag-MG). Investindo no equil\u00edbrio das contas p\u00fablicas com ferramentas como [&hellip;]<\/p>\n","protected":false},"author":246,"featured_media":225934,"comment_status":"closed","ping_status":"closed","sticky":false,"template":"","format":"standard","meta":{"footnotes":""},"categories":[436,440,261,254,439],"tags":[],"class_list":["post-225933","post","type-post","status-publish","format-standard","has-post-thumbnail","hentry","category-destaque-da-semana","category-destaques-do-dia","category-economia","category-politica","category-ultima-hora"],"_links":{"self":[{"href":"https:\/\/diarioregionaldigital.com.br\/index.php?rest_route=\/wp\/v2\/posts\/225933","targetHints":{"allow":["GET"]}}],"collection":[{"href":"https:\/\/diarioregionaldigital.com.br\/index.php?rest_route=\/wp\/v2\/posts"}],"about":[{"href":"https:\/\/diarioregionaldigital.com.br\/index.php?rest_route=\/wp\/v2\/types\/post"}],"author":[{"embeddable":true,"href":"https:\/\/diarioregionaldigital.com.br\/index.php?rest_route=\/wp\/v2\/users\/246"}],"replies":[{"embeddable":true,"href":"https:\/\/diarioregionaldigital.com.br\/index.php?rest_route=%2Fwp%2Fv2%2Fcomments&post=225933"}],"version-history":[{"count":1,"href":"https:\/\/diarioregionaldigital.com.br\/index.php?rest_route=\/wp\/v2\/posts\/225933\/revisions"}],"predecessor-version":[{"id":225935,"href":"https:\/\/diarioregionaldigital.com.br\/index.php?rest_route=\/wp\/v2\/posts\/225933\/revisions\/225935"}],"wp:featuredmedia":[{"embeddable":true,"href":"https:\/\/diarioregionaldigital.com.br\/index.php?rest_route=\/wp\/v2\/media\/225934"}],"wp:attachment":[{"href":"https:\/\/diarioregionaldigital.com.br\/index.php?rest_route=%2Fwp%2Fv2%2Fmedia&parent=225933"}],"wp:term":[{"taxonomy":"category","embeddable":true,"href":"https:\/\/diarioregionaldigital.com.br\/index.php?rest_route=%2Fwp%2Fv2%2Fcategories&post=225933"},{"taxonomy":"post_tag","embeddable":true,"href":"https:\/\/diarioregionaldigital.com.br\/index.php?rest_route=%2Fwp%2Fv2%2Ftags&post=225933"}],"curies":[{"name":"wp","href":"https:\/\/api.w.org\/{rel}","templated":true}]}}