{"id":225930,"date":"2024-12-12T20:04:33","date_gmt":"2024-12-12T23:04:33","guid":{"rendered":"https:\/\/diarioregionaldigital.com.br\/?p=225930"},"modified":"2024-12-12T20:04:33","modified_gmt":"2024-12-12T23:04:33","slug":"campanha-natal-de-todas-e-todos-nos-segue-ate-dia-21","status":"publish","type":"post","link":"https:\/\/diarioregionaldigital.com.br\/?p=225930","title":{"rendered":"Campanha \u201cNatal de todas e todos n\u00f3s&#8221; segue at\u00e9 dia 21"},"content":{"rendered":"<p>Segundo informa\u00e7\u00f5es do site da Prefeitura de Juiz de Fora (PJF), segue at\u00e9 o pr\u00f3ximo dia 21 a arrecada\u00e7\u00e3o para a campanha \u201cNatal de todas e todos n\u00f3s\u201d. A iniciativa da Prefeitura de Juiz de Fora (PJF), em parceria com o programa Sesc Mesa Brasil, tem o objetivo de angariar alimentos para fam\u00edlias em situa\u00e7\u00e3o de vulnerabilidade no munic\u00edpio. As doa\u00e7\u00f5es ser\u00e3o distribu\u00eddas com a log\u00edstica do projeto a mais de 70 institui\u00e7\u00f5es empenhadas no combate \u00e0 fome em Juiz de Fora e que integram o <a href=\"https:\/\/www.pjf.mg.gov.br\/noticias\/view.php?modo=link2&amp;idnoticia2=69810\">Mesa de Cidadania, Espa\u00e7o de Articula\u00e7\u00e3o e Integra\u00e7\u00e3o das A\u00e7\u00f5es de Combate \u00e0 Fome da Prefeitura<\/a>.<\/p>\n<p>At\u00e9 esta quarta-feira, 11, cerca de tr\u00eas toneladas de donativos foram arrecadados e j\u00e1 est\u00e3o sendo distribu\u00eddos pelas entidades aos assistidos. As doa\u00e7\u00f5es poder\u00e3o ser feitas at\u00e9 o dia 21 de dezembro na sede da PJF, na Casa do Papai Noel e em supermercados da cidade.<\/p>\n<p><strong>Confira os locais<\/strong><\/p>\n<p>Casa do Papai Noel, dentro do Espa\u00e7o Cidade: Avenida Rio Branco, n\u00b0 2234, ao lado do Parque Halfeld<\/p>\n<div><\/div>\n<div>Prefeitura de Juiz de Fora &#8211; Av. Brasil, 2001 \u2013 Centro<\/div>\n<div><\/div>\n<div>Supermercados Bahamas: Democrata, F\u00e1brica, Francisco Bernardino, Grama, Ipiranga, J\u00f3quei Clube, Manoel Hon\u00f3rio, Morro da Gl\u00f3ria, Po\u00e7o Rico, Retiro, Santa Luzia, Santa Terezinha, Santos Dumont, Benfica, Cascatinha, S\u00e3o Mateus, S\u00e3o Pedro, Teixeiras e Centro.<\/div>\n<div><\/div>\n<div>Supermercados Pais e Filhos: Benfica, Borboleta, Francisco Bernardino, Centro, FontesVille, Nova Era e Paineiras.<\/div>\n<div><\/div>\n<div>Supermercados BH: Bom Clima, Distrito Industrial, Mariano Proc\u00f3pio e Teixeiras<\/div>\n<div>\n<strong>Outras informa\u00e7\u00f5es:<\/strong><\/div>\n<div>\n(32) 3690-7331 ou\u00a0<strong>sedh@pjf.mg.gov.br<\/strong><strong>\u00a0<\/strong>&#8211; Secretaria Especial de Direitos Humanos (SEDH)<\/div>\n","protected":false},"excerpt":{"rendered":"<p>Segundo informa\u00e7\u00f5es do site da Prefeitura de Juiz de Fora (PJF), segue at\u00e9 o pr\u00f3ximo dia 21 a arrecada\u00e7\u00e3o para a campanha \u201cNatal de todas e todos n\u00f3s\u201d. A iniciativa da Prefeitura de Juiz de Fora (PJF), em parceria com o programa Sesc Mesa Brasil, tem o objetivo de angariar alimentos para fam\u00edlias em situa\u00e7\u00e3o [&hellip;]<\/p>\n","protected":false},"author":246,"featured_media":225931,"comment_status":"closed","ping_status":"closed","sticky":false,"template":"","format":"standard","meta":{"footnotes":""},"categories":[253,436,439],"tags":[],"class_list":["post-225930","post","type-post","status-publish","format-standard","has-post-thumbnail","hentry","category-cidade","category-destaque-da-semana","category-ultima-hora"],"_links":{"self":[{"href":"https:\/\/diarioregionaldigital.com.br\/index.php?rest_route=\/wp\/v2\/posts\/225930","targetHints":{"allow":["GET"]}}],"collection":[{"href":"https:\/\/diarioregionaldigital.com.br\/index.php?rest_route=\/wp\/v2\/posts"}],"about":[{"href":"https:\/\/diarioregionaldigital.com.br\/index.php?rest_route=\/wp\/v2\/types\/post"}],"author":[{"embeddable":true,"href":"https:\/\/diarioregionaldigital.com.br\/index.php?rest_route=\/wp\/v2\/users\/246"}],"replies":[{"embeddable":true,"href":"https:\/\/diarioregionaldigital.com.br\/index.php?rest_route=%2Fwp%2Fv2%2Fcomments&post=225930"}],"version-history":[{"count":1,"href":"https:\/\/diarioregionaldigital.com.br\/index.php?rest_route=\/wp\/v2\/posts\/225930\/revisions"}],"predecessor-version":[{"id":225932,"href":"https:\/\/diarioregionaldigital.com.br\/index.php?rest_route=\/wp\/v2\/posts\/225930\/revisions\/225932"}],"wp:featuredmedia":[{"embeddable":true,"href":"https:\/\/diarioregionaldigital.com.br\/index.php?rest_route=\/wp\/v2\/media\/225931"}],"wp:attachment":[{"href":"https:\/\/diarioregionaldigital.com.br\/index.php?rest_route=%2Fwp%2Fv2%2Fmedia&parent=225930"}],"wp:term":[{"taxonomy":"category","embeddable":true,"href":"https:\/\/diarioregionaldigital.com.br\/index.php?rest_route=%2Fwp%2Fv2%2Fcategories&post=225930"},{"taxonomy":"post_tag","embeddable":true,"href":"https:\/\/diarioregionaldigital.com.br\/index.php?rest_route=%2Fwp%2Fv2%2Ftags&post=225930"}],"curies":[{"name":"wp","href":"https:\/\/api.w.org\/{rel}","templated":true}]}}