{"id":225927,"date":"2024-12-12T20:03:07","date_gmt":"2024-12-12T23:03:07","guid":{"rendered":"https:\/\/diarioregionaldigital.com.br\/?p=225927"},"modified":"2024-12-12T20:03:07","modified_gmt":"2024-12-12T23:03:07","slug":"lei-paulo-gustavo-centro-cultural-bernardo-mascarenhas-recebe-exposicao-de-artes-visuais-neste-sabado-14","status":"publish","type":"post","link":"https:\/\/diarioregionaldigital.com.br\/?p=225927","title":{"rendered":"Lei Paulo Gustavo: Centro Cultural Bernardo Mascarenhas recebe exposi\u00e7\u00e3o de artes visuais neste s\u00e1bado, 14"},"content":{"rendered":"<p>Segundo informa\u00e7\u00f5es do site da Prefeitura de Juiz de Fora (PJF), alunos do projeto \u201cOficina de Artes Visuais: Desenho e Pintura\u201d, contemplado pela Lei Paulo Gustavo, por meio do edital Multicultural, preparam uma exposi\u00e7\u00e3o como trabalho final do curso. Neste s\u00e1bado, 14, \u00e0s 18h, ser\u00e1 realizada a abertura da mostra com os trabalhos feitos pela turma no per\u00edodo de aprendizagem, iniciado em junho, no Centro Cultural Bernardo Mascarenhas, localizado na Avenida Get\u00falio Vargas, 200, Centro. Gratuita e aberta ao p\u00fablico, a apresenta\u00e7\u00e3o fica em cartaz no equipamento cultural at\u00e9 o dia 19 de dezembro, de segunda a sexta-feira, das 8h \u00e0s 17h.<br \/>\nO intuito da oficina foi democratizar o acesso \u00e0s artes visuais no munic\u00edpio de Juiz de Fora. Por meio da pol\u00edtica de 6 bolsas de gratuidade foram contempladas: 2 mulheres, 2 pessoas negras\/pardas e 2 pessoas LGBTQIAPN+. Os demais alunos contribu\u00edram com uma mensalidade social, no valor de R$ 40,00 inclusos todos os materiais e exerc\u00edcios.<br \/>\n\u201cAgora, a etapa final pretende inserir a comunidade em espa\u00e7os culturais do munic\u00edpio, atrav\u00e9s da exposi\u00e7\u00e3o final com os trabalhos dos alunos, produzidos ao longo das oficinas, de forma gratuita e aberta ao p\u00fablico em geral.\u201d, afirma o instrutor da oficina e proponente do projeto, Giuliano Alves. \u201cEssa \u00e9 a primeira oportunidade que muitos alunos t\u00eam de ver suas obras expostas em um espa\u00e7o renomado na \u00e1rea cultural como o CCBM e poder compartilhar esse momento com familiares e amigos.\u201d, completa.<br \/>\nO projeto conta com o patroc\u00ednio do Governo Federal e da\u00a0Prefeitura de Juiz de Fora, por meio do edital Multicultural, da Lei Paulo Gustavo, promovido pela Funda\u00e7\u00e3o Alfredo Ferreira Lage (Funalfa).<br \/>\n&nbsp;<\/p>\n","protected":false},"excerpt":{"rendered":"<p>Segundo informa\u00e7\u00f5es do site da Prefeitura de Juiz de Fora (PJF), alunos do projeto \u201cOficina de Artes Visuais: Desenho e Pintura\u201d, contemplado pela Lei Paulo Gustavo, por meio do edital Multicultural, preparam uma exposi\u00e7\u00e3o como trabalho final do curso. Neste s\u00e1bado, 14, \u00e0s 18h, ser\u00e1 realizada a abertura da mostra com os trabalhos feitos pela [&hellip;]<\/p>\n","protected":false},"author":246,"featured_media":225928,"comment_status":"closed","ping_status":"closed","sticky":false,"template":"","format":"standard","meta":{"footnotes":""},"categories":[253,436,439],"tags":[],"class_list":["post-225927","post","type-post","status-publish","format-standard","has-post-thumbnail","hentry","category-cidade","category-destaque-da-semana","category-ultima-hora"],"_links":{"self":[{"href":"https:\/\/diarioregionaldigital.com.br\/index.php?rest_route=\/wp\/v2\/posts\/225927","targetHints":{"allow":["GET"]}}],"collection":[{"href":"https:\/\/diarioregionaldigital.com.br\/index.php?rest_route=\/wp\/v2\/posts"}],"about":[{"href":"https:\/\/diarioregionaldigital.com.br\/index.php?rest_route=\/wp\/v2\/types\/post"}],"author":[{"embeddable":true,"href":"https:\/\/diarioregionaldigital.com.br\/index.php?rest_route=\/wp\/v2\/users\/246"}],"replies":[{"embeddable":true,"href":"https:\/\/diarioregionaldigital.com.br\/index.php?rest_route=%2Fwp%2Fv2%2Fcomments&post=225927"}],"version-history":[{"count":1,"href":"https:\/\/diarioregionaldigital.com.br\/index.php?rest_route=\/wp\/v2\/posts\/225927\/revisions"}],"predecessor-version":[{"id":225929,"href":"https:\/\/diarioregionaldigital.com.br\/index.php?rest_route=\/wp\/v2\/posts\/225927\/revisions\/225929"}],"wp:featuredmedia":[{"embeddable":true,"href":"https:\/\/diarioregionaldigital.com.br\/index.php?rest_route=\/wp\/v2\/media\/225928"}],"wp:attachment":[{"href":"https:\/\/diarioregionaldigital.com.br\/index.php?rest_route=%2Fwp%2Fv2%2Fmedia&parent=225927"}],"wp:term":[{"taxonomy":"category","embeddable":true,"href":"https:\/\/diarioregionaldigital.com.br\/index.php?rest_route=%2Fwp%2Fv2%2Fcategories&post=225927"},{"taxonomy":"post_tag","embeddable":true,"href":"https:\/\/diarioregionaldigital.com.br\/index.php?rest_route=%2Fwp%2Fv2%2Ftags&post=225927"}],"curies":[{"name":"wp","href":"https:\/\/api.w.org\/{rel}","templated":true}]}}