{"id":225924,"date":"2024-12-12T20:02:11","date_gmt":"2024-12-12T23:02:11","guid":{"rendered":"https:\/\/diarioregionaldigital.com.br\/?p=225924"},"modified":"2024-12-12T20:02:11","modified_gmt":"2024-12-12T23:02:11","slug":"espetaculo-dancando-com-estrelas-promove-protagonismo-artistico-e-celebracao-cultural","status":"publish","type":"post","link":"https:\/\/diarioregionaldigital.com.br\/?p=225924","title":{"rendered":"Espet\u00e1culo \u201cDan\u00e7ando com Estrelas\u201d promove protagonismo art\u00edstico e celebra\u00e7\u00e3o cultural"},"content":{"rendered":"<p>Segundo informa\u00e7\u00f5es do site da Prefeitura de Juiz de Fora (PJF), o\u00a0Programa Gente em Primeiro Lugar (PGPL) apresenta nesta sexta-feira, 13, a partir das 19h, o espet\u00e1culo \u201cDan\u00e7ando com Estrelas\u201d, uma experi\u00eancia singular de protagonismo art\u00edstico, proporcionando aos participantes do PGPL um dia dedicado \u00e0 cria\u00e7\u00e3o, apresenta\u00e7\u00e3o e avalia\u00e7\u00e3o de suas habilidades art\u00edsticas.<\/p>\n<p>O evento acontece no Teatro Paschoal Carlos Magno, localizado na Rua Gilberto de Alencar, atr\u00e1s da Igreja S\u00e3o Sebasti\u00e3o, e \u00e9 uma oportunidade para valorizar o desenvolvimento corporal e mental dos 300 bailarinos envolvidos, vindos do Centro Cultural Dnar Rocha e dos dez territ\u00f3rios de Juiz de Fora, parceiros do Programa Gente em Primeiro Lugar na linguagem da dan\u00e7a, celebrando os frutos do processo de ensino-aprendizagem. A entrada \u00e9 gratuita e todos os p\u00fablicos est\u00e3o convidados a prestigiar a montagem.<\/p>\n<p>O espet\u00e1culo apresentar\u00e1 performances que abrangem todas as modalidades de dan\u00e7a oferecidas pelo programa, sob a orienta\u00e7\u00e3o dos articuladores culturais: Izabela Maia (Ballet), Regina Ferreira (Samba), Ronaldo Golfinho (Dan\u00e7as Populares) e Pedro Henrique (Dan\u00e7as Urbanas). Com dire\u00e7\u00e3o teatral de Raissa Garcia e supervis\u00e3o geral de Raul Magalh\u00e3es, o espet\u00e1culo integra fragmentos do conte\u00fado estudado ao longo do ano, culminando em uma coreografia final que reflete o aprendizado e a socializa\u00e7\u00e3o promovidos pelo Programa Gente em Primeiro Lugar.<\/p>\n<p>Al\u00e9m de ser uma vitrine art\u00edstica, \u201cDan\u00e7ando com Estrelas\u201d tem como objetivo fomentar o interc\u00e2mbio cultural entre os participantes de diferentes institui\u00e7\u00f5es parceiras e do Centro Cultural Dnar Rocha. O evento promove momentos de troca de experi\u00eancias e apresenta\u00e7\u00f5es que exploram a complementaridade dos diferentes estilos de dan\u00e7a, contribuindo para a integra\u00e7\u00e3o e o fortalecimento das rela\u00e7\u00f5es interpessoais.<\/p>\n<p>\u201cUm espet\u00e1culo de dan\u00e7a do Gente em Primeiro Lugar \u00e9 sempre uma coroa\u00e7\u00e3o. De uma linguagem que \u00e9 muito requisitada nas parcerias que o programa tem hoje. Atualmente, est\u00e3o presentes em quase todas as institui\u00e7\u00f5es credenciadas conosco e a gente fica muito feliz por ver todos os alunos e alunas ocupando palcos, como estes de teatro. Para alguns ser\u00e1 a primeira vez no Teatro Paschoal Carlos Magno\u201d, celebra o coordenador do Programa Gente em Primeiro Lugar, Fernando Val\u00e9rio.<\/p>\n<p>O Programa Gente em Primeiro Lugar \u00e9 mantido pela Prefeitura de Juiz de Fora (PJF), com gest\u00e3o da Funda\u00e7\u00e3o Cultural Alfredo Ferreira Lage (Funalfa) e apoio da Associa\u00e7\u00e3o Municipal de Apoio Comunit\u00e1rio (Amac).<\/p>\n<p>&nbsp;<\/p>\n","protected":false},"excerpt":{"rendered":"<p>Segundo informa\u00e7\u00f5es do site da Prefeitura de Juiz de Fora (PJF), o\u00a0Programa Gente em Primeiro Lugar (PGPL) apresenta nesta sexta-feira, 13, a partir das 19h, o espet\u00e1culo \u201cDan\u00e7ando com Estrelas\u201d, uma experi\u00eancia singular de protagonismo art\u00edstico, proporcionando aos participantes do PGPL um dia dedicado \u00e0 cria\u00e7\u00e3o, apresenta\u00e7\u00e3o e avalia\u00e7\u00e3o de suas habilidades art\u00edsticas. O evento [&hellip;]<\/p>\n","protected":false},"author":246,"featured_media":225925,"comment_status":"closed","ping_status":"closed","sticky":false,"template":"","format":"standard","meta":{"footnotes":""},"categories":[253,436,440,257,439],"tags":[],"class_list":["post-225924","post","type-post","status-publish","format-standard","has-post-thumbnail","hentry","category-cidade","category-destaque-da-semana","category-destaques-do-dia","category-esporte","category-ultima-hora"],"_links":{"self":[{"href":"https:\/\/diarioregionaldigital.com.br\/index.php?rest_route=\/wp\/v2\/posts\/225924","targetHints":{"allow":["GET"]}}],"collection":[{"href":"https:\/\/diarioregionaldigital.com.br\/index.php?rest_route=\/wp\/v2\/posts"}],"about":[{"href":"https:\/\/diarioregionaldigital.com.br\/index.php?rest_route=\/wp\/v2\/types\/post"}],"author":[{"embeddable":true,"href":"https:\/\/diarioregionaldigital.com.br\/index.php?rest_route=\/wp\/v2\/users\/246"}],"replies":[{"embeddable":true,"href":"https:\/\/diarioregionaldigital.com.br\/index.php?rest_route=%2Fwp%2Fv2%2Fcomments&post=225924"}],"version-history":[{"count":1,"href":"https:\/\/diarioregionaldigital.com.br\/index.php?rest_route=\/wp\/v2\/posts\/225924\/revisions"}],"predecessor-version":[{"id":225926,"href":"https:\/\/diarioregionaldigital.com.br\/index.php?rest_route=\/wp\/v2\/posts\/225924\/revisions\/225926"}],"wp:featuredmedia":[{"embeddable":true,"href":"https:\/\/diarioregionaldigital.com.br\/index.php?rest_route=\/wp\/v2\/media\/225925"}],"wp:attachment":[{"href":"https:\/\/diarioregionaldigital.com.br\/index.php?rest_route=%2Fwp%2Fv2%2Fmedia&parent=225924"}],"wp:term":[{"taxonomy":"category","embeddable":true,"href":"https:\/\/diarioregionaldigital.com.br\/index.php?rest_route=%2Fwp%2Fv2%2Fcategories&post=225924"},{"taxonomy":"post_tag","embeddable":true,"href":"https:\/\/diarioregionaldigital.com.br\/index.php?rest_route=%2Fwp%2Fv2%2Ftags&post=225924"}],"curies":[{"name":"wp","href":"https:\/\/api.w.org\/{rel}","templated":true}]}}