{"id":225921,"date":"2024-12-12T20:00:33","date_gmt":"2024-12-12T23:00:33","guid":{"rendered":"https:\/\/diarioregionaldigital.com.br\/?p=225921"},"modified":"2024-12-12T20:00:33","modified_gmt":"2024-12-12T23:00:33","slug":"guilherme-caribe-e-prata-nos-100m-livre-no-mundial-de-piscina-curta","status":"publish","type":"post","link":"https:\/\/diarioregionaldigital.com.br\/?p=225921","title":{"rendered":"Guilherme Carib\u00e9 \u00e9 prata nos 100m livre no Mundial de piscina curta"},"content":{"rendered":"<p>O nadador baiano Guilherme Caribe faturou prata no 100 metros livre, a primeira medalha do Brasil no Mundial de piscina curta (25 metros) em Budapeste (Hungria), que vai at\u00e9 domingo (15). De quebra, ele estabeleceu novo recorde sul-americano, que at\u00e9 ent\u00e3o pertencia ao compatriota C\u00e9sar Cielo. Na final disputada nesta quinta-feira (12), terceiro dia da competi\u00e7\u00e3o, o atleta de 21 anos completou a prova em 45s47, tempo 40 cent\u00e9simos mais baixo que o de Cielo, obtido em 2010 no \u00a0Trof\u00e9u Jos\u00e9 Finkel de Nata\u00e7\u00e3o, no Rio de Janeiro. \u00a0O vencedor dos 100m livre em Budapeste foi o norte-americano Jack Alexy (45s38) e o bronze ficou com Jordan Crooks (45s48), nadador da Ilhas Cayman. \u00a0<img decoding=\"async\" src=\"https:\/\/agenciabrasil.ebc.com.br\/ebc.png?id=1623564&amp;o=node\" \/><img decoding=\"async\" src=\"https:\/\/agenciabrasil.ebc.com.br\/ebc.gif?id=1623564&amp;o=node\" \/><\/p>\n<p>O p\u00f3dio de Carib\u00e9 \u00e9 o primeiro dele em Mundiais de piscina curta. O baiano chegou \u00e0 final ap\u00f3s cravar o sexto melhor tempo (45s86) em sua semifinal. Ele vai em busca de mais uma medalha no s\u00e1bado (14), na disputa dos 50m livre. O baiano de Salvador chegou a competir este ano na Olimp\u00edada de Paris, mas foi eliminado ao ficar em 10\u00aa lugar ao fim das semifinais \u2013 apenas os oito primeiros disputaram medalhas.<\/p>\n<p>Outros brasileiros brilharam hoje em Budapeste ao quebrarem recordes sul-americanos nos 100m medley. Caio Pumputis terminou a prova em 51s76 e garantiu presen\u00e7a na final. J\u00e1 Fernanda Celid\u00f4nio estabeleceu o novo recorde com o tempo de 59s58, mas finalizou em 15\u00ba lugar e ficou fora da briga pelo p\u00f3dio.<\/p>\n<p>Nas eliminat\u00f3rias do revezamento feminino 4x200m livre, o quarteto formado por Maria Fernanda Costa, Gabrielle Roncatto Fernanda Celid\u00f4nio e Let\u00edcia Fassina Rom\u00e3o quebraram o recorde anterior com o tempo 7min47s97. Depois, na final, reduziram ainda mais: encerraram a prova em\u00a07min46s76, na oitava posi\u00e7\u00e3o.<\/p>\n<h2>Programa\u00e7\u00e3o<\/h2>\n<p><em>Provas eliminat\u00f3rias \u00e0s 5h<\/em><\/p>\n<p><em>Finais \u00e0s 13h30<\/em><\/p>\n<p><strong>SEXTA-FEIRA (13)<\/strong><\/p>\n<p>100m borboleta \u2013 Nicolas Albiero<\/p>\n<p>1.500m livre \u2013 Beatriz Dizotti e Let\u00edcia Fassina Rom\u00e3o<\/p>\n<p><strong>S\u00c1BADO (14)<\/strong><\/p>\n<p>400m medley \u2013 Gabriela Roncatto<\/p>\n<p>50m livre -Guilherme Carib\u00e9<\/p>\n<p>50m peito \u2013 Caio Pumputis<\/p>\n<p><strong>DOMINGO (15)<\/strong><\/p>\n<p>200m livre \u2013 Maria Fernanda Costa e Gabrielle Roncatto<\/p>\n<p>200m livre \u2013 Ka\u00edque Alves<\/p>\n<p>200m costas \u2013 Nicolas Albiero<\/p>\n<p>Fonte: Ag\u00eancia Brasil<\/p>\n<p>&nbsp;<\/p>\n","protected":false},"excerpt":{"rendered":"<p>O nadador baiano Guilherme Caribe faturou prata no 100 metros livre, a primeira medalha do Brasil no Mundial de piscina curta (25 metros) em Budapeste (Hungria), que vai at\u00e9 domingo (15). De quebra, ele estabeleceu novo recorde sul-americano, que at\u00e9 ent\u00e3o pertencia ao compatriota C\u00e9sar Cielo. Na final disputada nesta quinta-feira (12), terceiro dia da [&hellip;]<\/p>\n","protected":false},"author":246,"featured_media":225922,"comment_status":"closed","ping_status":"closed","sticky":false,"template":"","format":"standard","meta":{"footnotes":""},"categories":[436,440,257,439],"tags":[],"class_list":["post-225921","post","type-post","status-publish","format-standard","has-post-thumbnail","hentry","category-destaque-da-semana","category-destaques-do-dia","category-esporte","category-ultima-hora"],"_links":{"self":[{"href":"https:\/\/diarioregionaldigital.com.br\/index.php?rest_route=\/wp\/v2\/posts\/225921","targetHints":{"allow":["GET"]}}],"collection":[{"href":"https:\/\/diarioregionaldigital.com.br\/index.php?rest_route=\/wp\/v2\/posts"}],"about":[{"href":"https:\/\/diarioregionaldigital.com.br\/index.php?rest_route=\/wp\/v2\/types\/post"}],"author":[{"embeddable":true,"href":"https:\/\/diarioregionaldigital.com.br\/index.php?rest_route=\/wp\/v2\/users\/246"}],"replies":[{"embeddable":true,"href":"https:\/\/diarioregionaldigital.com.br\/index.php?rest_route=%2Fwp%2Fv2%2Fcomments&post=225921"}],"version-history":[{"count":1,"href":"https:\/\/diarioregionaldigital.com.br\/index.php?rest_route=\/wp\/v2\/posts\/225921\/revisions"}],"predecessor-version":[{"id":225923,"href":"https:\/\/diarioregionaldigital.com.br\/index.php?rest_route=\/wp\/v2\/posts\/225921\/revisions\/225923"}],"wp:featuredmedia":[{"embeddable":true,"href":"https:\/\/diarioregionaldigital.com.br\/index.php?rest_route=\/wp\/v2\/media\/225922"}],"wp:attachment":[{"href":"https:\/\/diarioregionaldigital.com.br\/index.php?rest_route=%2Fwp%2Fv2%2Fmedia&parent=225921"}],"wp:term":[{"taxonomy":"category","embeddable":true,"href":"https:\/\/diarioregionaldigital.com.br\/index.php?rest_route=%2Fwp%2Fv2%2Fcategories&post=225921"},{"taxonomy":"post_tag","embeddable":true,"href":"https:\/\/diarioregionaldigital.com.br\/index.php?rest_route=%2Fwp%2Fv2%2Ftags&post=225921"}],"curies":[{"name":"wp","href":"https:\/\/api.w.org\/{rel}","templated":true}]}}