{"id":225918,"date":"2024-12-12T19:58:40","date_gmt":"2024-12-12T22:58:40","guid":{"rendered":"https:\/\/diarioregionaldigital.com.br\/?p=225918"},"modified":"2024-12-12T19:58:40","modified_gmt":"2024-12-12T22:58:40","slug":"der-mg-inicia-obras-de-recuperacao-do-asfalto-na-rodovia-mgc-356-no-vetor-sul-de-belo-horizonte","status":"publish","type":"post","link":"https:\/\/diarioregionaldigital.com.br\/?p=225918","title":{"rendered":"DER-MG inicia obras de recupera\u00e7\u00e3o do asfalto na rodovia MGC-356, no vetor sul de Belo Horizonte"},"content":{"rendered":"<p>O\u00a0<a href=\"https:\/\/www.der.mg.gov.br\/\" target=\"_blank\" rel=\"noopener\">Departamento de Estradas de Rodagem de Minas Gerais (DER-MG)<\/a>\u00a0realiza, a partir desta quinta-feira (12\/12), a recupera\u00e7\u00e3o do pavimento de 5,6 quil\u00f4metros da rodovia MGC-356, entre o trevo do bairro Belvedere at\u00e9 o entroncamento com o Anel Rodovi\u00e1rio, no vetor sul de Belo Horizonte.<\/p>\n<p>As obras ser\u00e3o executadas no per\u00edodo da noite, das 21h \u00e0s 5h, para n\u00e3o atrapalhar o fluxo de ve\u00edculos no hor\u00e1rio de maior movimento no tr\u00e2nsito.\u00a0 As interven\u00e7\u00f5es devem durar tr\u00eas meses e v\u00e3o come\u00e7ar pr\u00f3ximo ao Anel Rodovi\u00e1rio, no sentido Belo Horizonte, conforme cronograma do DER-MG.<\/p>\n<p>Este cronograma de obras foi elaborado levando em considera\u00e7\u00e3o o tr\u00e2nsito e as datas comemorativas de fim de ano, para o bom funcionamento do com\u00e9rcio e a circula\u00e7\u00e3o de consumidores neste per\u00edodo.<\/p>\n<p>Fonte: Ag\u00eancia Minas<\/p>\n","protected":false},"excerpt":{"rendered":"<p>O\u00a0Departamento de Estradas de Rodagem de Minas Gerais (DER-MG)\u00a0realiza, a partir desta quinta-feira (12\/12), a recupera\u00e7\u00e3o do pavimento de 5,6 quil\u00f4metros da rodovia MGC-356, entre o trevo do bairro Belvedere at\u00e9 o entroncamento com o Anel Rodovi\u00e1rio, no vetor sul de Belo Horizonte. As obras ser\u00e3o executadas no per\u00edodo da noite, das 21h \u00e0s 5h, [&hellip;]<\/p>\n","protected":false},"author":246,"featured_media":225919,"comment_status":"closed","ping_status":"closed","sticky":false,"template":"","format":"standard","meta":{"footnotes":""},"categories":[436,254,252,439],"tags":[],"class_list":["post-225918","post","type-post","status-publish","format-standard","has-post-thumbnail","hentry","category-destaque-da-semana","category-politica","category-regiao","category-ultima-hora"],"_links":{"self":[{"href":"https:\/\/diarioregionaldigital.com.br\/index.php?rest_route=\/wp\/v2\/posts\/225918","targetHints":{"allow":["GET"]}}],"collection":[{"href":"https:\/\/diarioregionaldigital.com.br\/index.php?rest_route=\/wp\/v2\/posts"}],"about":[{"href":"https:\/\/diarioregionaldigital.com.br\/index.php?rest_route=\/wp\/v2\/types\/post"}],"author":[{"embeddable":true,"href":"https:\/\/diarioregionaldigital.com.br\/index.php?rest_route=\/wp\/v2\/users\/246"}],"replies":[{"embeddable":true,"href":"https:\/\/diarioregionaldigital.com.br\/index.php?rest_route=%2Fwp%2Fv2%2Fcomments&post=225918"}],"version-history":[{"count":1,"href":"https:\/\/diarioregionaldigital.com.br\/index.php?rest_route=\/wp\/v2\/posts\/225918\/revisions"}],"predecessor-version":[{"id":225920,"href":"https:\/\/diarioregionaldigital.com.br\/index.php?rest_route=\/wp\/v2\/posts\/225918\/revisions\/225920"}],"wp:featuredmedia":[{"embeddable":true,"href":"https:\/\/diarioregionaldigital.com.br\/index.php?rest_route=\/wp\/v2\/media\/225919"}],"wp:attachment":[{"href":"https:\/\/diarioregionaldigital.com.br\/index.php?rest_route=%2Fwp%2Fv2%2Fmedia&parent=225918"}],"wp:term":[{"taxonomy":"category","embeddable":true,"href":"https:\/\/diarioregionaldigital.com.br\/index.php?rest_route=%2Fwp%2Fv2%2Fcategories&post=225918"},{"taxonomy":"post_tag","embeddable":true,"href":"https:\/\/diarioregionaldigital.com.br\/index.php?rest_route=%2Fwp%2Fv2%2Ftags&post=225918"}],"curies":[{"name":"wp","href":"https:\/\/api.w.org\/{rel}","templated":true}]}}