{"id":225909,"date":"2024-12-12T19:55:28","date_gmt":"2024-12-12T22:55:28","guid":{"rendered":"https:\/\/diarioregionaldigital.com.br\/?p=225909"},"modified":"2024-12-12T19:55:28","modified_gmt":"2024-12-12T22:55:28","slug":"orgaos-do-sistema-de-infraestrutura-de-minas-gerais-apresentam-resultados-e-avancos-no-evento-infra-minas-2024","status":"publish","type":"post","link":"https:\/\/diarioregionaldigital.com.br\/?p=225909","title":{"rendered":"\u00d3rg\u00e3os do Sistema de Infraestrutura de Minas Gerais apresentam resultados e avan\u00e7os no evento Infra Minas 2024"},"content":{"rendered":"<p><main class=\"clear margin-md-bottom-3\"><\/p>\n<div class=\"clear \">\n<p>Servidores da\u00a0<a href=\"http:\/\/www.infraestrutura.mg.gov.br\/\" target=\"_blank\" rel=\"noopener\">Secretaria de Estado de Infraestrutura, Mobilidade e Parcerias (Seinfra)<\/a>, do<a href=\"https:\/\/www.der.mg.gov.br\/\" target=\"_blank\" rel=\"noopener\">\u00a0Departamento de Estradas e Rodagem de Minas Gerais (DER-MG)<\/a>\u00a0e das Ag\u00eancias de Desenvolvimento da Regi\u00e3o Metropolitana de\u00a0<a href=\"https:\/\/www.agenciarmbh.mg.gov.br\/\" target=\"_blank\" rel=\"noopener\">Belo Horizonte (ARMBH)<\/a>\u00a0e do\u00a0<a href=\"https:\/\/www.agenciarmva.mg.gov.br\/\" target=\"_blank\" rel=\"noopener\">Vale do A\u00e7o (ARMVA)<\/a>\u00a0se reuniram em um evento realizado no audit\u00f3rio JK, na Cidade Administrativa, nessa quarta-feira (11\/12), para apresentar\u00a0os avan\u00e7os e entregas dos principais projetos desenvolvidos pelo Sistema de Infraestrutura de Minas Gerais. O momento de integra\u00e7\u00e3o contou com a participa\u00e7\u00e3o de mais de 400 pessoas.<\/p>\n<p>O governador Romeu Zema abriu o encontro destacando a melhora nas estradas mineiras que \u00e9 fruto da amplia\u00e7\u00e3o do investimento feito pelo Governo de Minas e do trabalho realizado pelas equipes da Seinfra e do DER-MG.<\/p>\n<p>&#8220;O aumento dos investimentos nas estradas mineiras \u00e9 algo que me deixa extremamente feliz. O secret\u00e1rio Pedro Bruno me atualiza como est\u00e3o os trabalhos, do percentual de estradas boas, regulares e ruins, e o que n\u00f3s temos visto \u00e9 uma evolu\u00e7\u00e3o muita expressiva&#8221;, disse.<\/p>\n<p>A integra\u00e7\u00e3o dos \u00f3rg\u00e3os permitiu o avan\u00e7o de projetos priorit\u00e1rios de infraestrutura para Minas, beneficiando os mineiros em todas as regi\u00f5es do estado.<\/p>\n<p>\u201cAs vezes estamos aqui focados no nosso trabalho, focados no dia a dia, e n\u00e3o temos a dimens\u00e3o do impacto que levamos para a vida das pessoas. A gente vem se tornando uma refer\u00eancia, em fun\u00e7\u00e3o do trabalho de cada um dos servidores, pelo planejamento, pela execu\u00e7\u00e3o, pelas entregas. Tenho certeza que ainda vamos deixar um legado muito grande para todos\u201d, agradeceu o secret\u00e1rio de Estado de Infraestrutura, Mobilidade e Parcerias, Pedro Bruno.<\/p>\n<p><b>Entregas<\/b><\/p>\n<p>As estradas mais modernas, por meio do programa Caminhos pra Avan\u00e7ar, foi um dos destaques apresentados durante o encontro. Com maior seguran\u00e7a e efici\u00eancia log\u00edstica, o programa fortalece as voca\u00e7\u00f5es econ\u00f4micas do nosso estado.\u00a0Ainda na \u00e1rea de log\u00edstica, outra consolida\u00e7\u00e3o importante foi a estrutura\u00e7\u00e3o de novos projetos de concess\u00f5es rodovi\u00e1rias, com destaque para os lotes Vetor Norte e Ouro Preto \u2013 Mariana.<\/p>\n<p>No Rodoanel, a execu\u00e7\u00e3o do projeto e das etapas de licenciamento seguem dentro do cronograma planejado. O in\u00edcio das obras da linha 2 do metr\u00f4 da RMBH, a entrega do primeiro lote de novos \u00f4nibus para o sistema de transporte metropolitano reafirmam o compromisso de todo o Sistema de Infraestrutura com a mobilidade urbana.<\/p>\n<p>Tamb\u00e9m foi intensificada a fiscaliza\u00e7\u00e3o dos \u00f4nibus metropolitanos e intermunicipais, que permitiu a interven\u00e7\u00e3o no contrato de uma das maiores empresas, que operava no Sul de Minas, melhorando a presta\u00e7\u00e3o do servi\u00e7o.\u00a0Na \u00e1rea de edifica\u00e7\u00f5es, a constru\u00e7\u00e3o dos Hospitais Regionais de Divin\u00f3polis, Sete Lagoas, Governador Valadares e Te\u00f3filo Otoni avan\u00e7aram consideravelmente este ano.<\/p>\n<p>Na capital, as obras de restaura\u00e7\u00e3o do pr\u00e9dio centen\u00e1rio do Instituto de Educa\u00e7\u00e3o de Minas Gerais (Iemg) foram iniciadas para garantir mais acessibilidade e seguran\u00e7a aos estudantes. O compromisso com o desenvolvimento regional tamb\u00e9m foi destaque com o programa de conv\u00eanios e doa\u00e7\u00f5es de materiais.<\/p>\n<p>No planejamento e gest\u00e3o integrada das regi\u00f5es Metropolitanas de Belo Horizonte e do Vale do A\u00e7o, as Ag\u00eancias de Desenvolvimento promoveram projetos de ordena\u00e7\u00e3o territorial, regula\u00e7\u00e3o Urbana, refor\u00e7ando a governan\u00e7a interfederativa.\u00a0O balan\u00e7o das principais entregas de 2024 est\u00e3o dispon\u00edveis\u00a0<a href=\"http:\/\/www.infraestrutura.mg.gov.br\/images\/Noticias\/2024\/balanco%20seinfra%202024%20-%2012%20dez.pdf\" target=\"_blank\" rel=\"noopener\">neste link<\/a>.<\/p>\n<p>&nbsp;<\/p>\n<p>Fonte: Ag\u00eancia Minas<\/p>\n<\/div>\n<p><\/main><\/p>\n","protected":false},"excerpt":{"rendered":"<p>Servidores da\u00a0Secretaria de Estado de Infraestrutura, Mobilidade e Parcerias (Seinfra), do\u00a0Departamento de Estradas e Rodagem de Minas Gerais (DER-MG)\u00a0e das Ag\u00eancias de Desenvolvimento da Regi\u00e3o Metropolitana de\u00a0Belo Horizonte (ARMBH)\u00a0e do\u00a0Vale do A\u00e7o (ARMVA)\u00a0se reuniram em um evento realizado no audit\u00f3rio JK, na Cidade Administrativa, nessa quarta-feira (11\/12), para apresentar\u00a0os avan\u00e7os e entregas dos principais projetos [&hellip;]<\/p>\n","protected":false},"author":246,"featured_media":225910,"comment_status":"closed","ping_status":"closed","sticky":false,"template":"","format":"standard","meta":{"footnotes":""},"categories":[436,440,261,254,439],"tags":[],"class_list":["post-225909","post","type-post","status-publish","format-standard","has-post-thumbnail","hentry","category-destaque-da-semana","category-destaques-do-dia","category-economia","category-politica","category-ultima-hora"],"_links":{"self":[{"href":"https:\/\/diarioregionaldigital.com.br\/index.php?rest_route=\/wp\/v2\/posts\/225909","targetHints":{"allow":["GET"]}}],"collection":[{"href":"https:\/\/diarioregionaldigital.com.br\/index.php?rest_route=\/wp\/v2\/posts"}],"about":[{"href":"https:\/\/diarioregionaldigital.com.br\/index.php?rest_route=\/wp\/v2\/types\/post"}],"author":[{"embeddable":true,"href":"https:\/\/diarioregionaldigital.com.br\/index.php?rest_route=\/wp\/v2\/users\/246"}],"replies":[{"embeddable":true,"href":"https:\/\/diarioregionaldigital.com.br\/index.php?rest_route=%2Fwp%2Fv2%2Fcomments&post=225909"}],"version-history":[{"count":1,"href":"https:\/\/diarioregionaldigital.com.br\/index.php?rest_route=\/wp\/v2\/posts\/225909\/revisions"}],"predecessor-version":[{"id":225911,"href":"https:\/\/diarioregionaldigital.com.br\/index.php?rest_route=\/wp\/v2\/posts\/225909\/revisions\/225911"}],"wp:featuredmedia":[{"embeddable":true,"href":"https:\/\/diarioregionaldigital.com.br\/index.php?rest_route=\/wp\/v2\/media\/225910"}],"wp:attachment":[{"href":"https:\/\/diarioregionaldigital.com.br\/index.php?rest_route=%2Fwp%2Fv2%2Fmedia&parent=225909"}],"wp:term":[{"taxonomy":"category","embeddable":true,"href":"https:\/\/diarioregionaldigital.com.br\/index.php?rest_route=%2Fwp%2Fv2%2Fcategories&post=225909"},{"taxonomy":"post_tag","embeddable":true,"href":"https:\/\/diarioregionaldigital.com.br\/index.php?rest_route=%2Fwp%2Fv2%2Ftags&post=225909"}],"curies":[{"name":"wp","href":"https:\/\/api.w.org\/{rel}","templated":true}]}}