{"id":225907,"date":"2024-12-12T12:16:32","date_gmt":"2024-12-12T15:16:32","guid":{"rendered":"https:\/\/diarioregionaldigital.com.br\/?p=225907"},"modified":"2024-12-12T12:16:32","modified_gmt":"2024-12-12T15:16:32","slug":"o-coracao-tem-razoes-que-a-propria-razao-desconhece","status":"publish","type":"post","link":"https:\/\/diarioregionaldigital.com.br\/?p=225907","title":{"rendered":"O cora\u00e7\u00e3o tem raz\u00f5es que a pr\u00f3pria raz\u00e3o desconhece"},"content":{"rendered":"<p>Blaise Pascal \u00e9 um dos pensadores fundamentais \u00a0da hist\u00f3ria do Ocidente. Reconhecido por ter criado a calculadora e pelo seu legado na matem\u00e1tica e na f\u00edsica, sua import\u00e2ncia vai muito al\u00e9m das ci\u00eancias exatas. Epistemologicamente seu pensamento constitui um chamado ao equil\u00edbrio entre raz\u00e3o e f\u00e9.<\/p>\n<p>&nbsp;<\/p>\n<p>Ele viveu na Fran\u00e7a do s\u00e9culo XVII, mesmo sendo contempor\u00e2neo de Descartes e da explos\u00e3o racionalista que o acompanhou, n\u00e3o aderiu ao <span class=\"s3\">zeitgeist<\/span> (esp\u00edrito do tempo) de sua \u00e9poca, buscando trilhar um outro caminho; insubmisso \u00e0 moda inovou pelas veredas do bom senso.<\/p>\n<p>&nbsp;<\/p>\n<p>Pascal era aficcionado pelo infinito. Tratou do tema em cada \u00e1rea que transitou. Para ele, n\u00e3o fazia sentido buscar limitar Deus ou o pr\u00f3prio ser humano \u00e0s estreitas fronteiras da intelec\u00e7\u00e3o \u00a0racional.<\/p>\n<p>&nbsp;<\/p>\n<p>Pascal se contrap\u00f4s \u00e0 ideia de que a racionalidade \u00e9 absoluta. Apesar de seus feitos cient\u00edficos, acreditava que a raz\u00e3o tem \u00f3bvias restri\u00e7\u00f5es. Ele ensina que o ato de perceber ou entender algo de forma profunda e significativa requer a disposi\u00e7\u00e3o de estar atento ao que vai al\u00e9m da pr\u00f3pria cogni\u00e7\u00e3o. Pascal empenha-se em provar que existem aspectos da vida que n\u00e3o podem ser exauridos por meio da an\u00e1lise met\u00f3dica t\u00edpica do racioc\u00ednio l\u00f3gico.<\/p>\n<p>&nbsp;<\/p>\n<p>A raz\u00e3o simplesmente n\u00e3o consegue responder a todas as perguntas relacionadas \u00e0 exist\u00eancia. Apesar de ser capaz de resolver problemas matem\u00e1ticos complexos e desvendar mecanismos de funcionamento da natureza, ela \u00e9 in\u00fatil para resolver satisfatoriamente quest\u00f5es como o sentido da vida ou a ess\u00eancia da realidade.<\/p>\n<p>Consequentemente, recomenda que a confian\u00e7a em rela\u00e7\u00e3o \u00e0 raz\u00e3o seja equilibrada, visto que h\u00e1 algo no ser humano que est\u00e1 acima e vai al\u00e9m.<\/p>\n<p>&nbsp;<\/p>\n<p>Sua famosa frase, &#8220;o cora\u00e7\u00e3o tem raz\u00f5es que a pr\u00f3pria raz\u00e3o desconhece&#8221; expressa bem seu pensamento. Em suas reflex\u00f5es, elaboradas na obra p\u00f3stuma \u201cPens\u00e9es&#8221;, Pascal conceitua o cora\u00e7\u00e3o como o centro do \u201ceu\u201d individual. Uma parte do ser humano que escapa totalmente \u00e0 raz\u00e3o l\u00f3gica, n\u00e3o porque rivalize com ela mas porque a transcende. O cora\u00e7\u00e3o est\u00e1 acima e vai al\u00e9m do intelecto.<\/p>\n<p>&nbsp;<\/p>\n<p>Que parte nossa \u00e9 capaz de captar e reunir no mesmo plano as verdades pr\u00e1ticas \u00e0quelas essencialmente espirituais e existenciais? Definitivamente n\u00e3o \u00e9 a mente racional, mas o cora\u00e7\u00e3o. Para Pascal, o cora\u00e7\u00e3o proporciona uma esp\u00e9cie de acesso direto ao conhecimento inexplic\u00e1vel logicamente.<\/p>\n<p>&nbsp;<\/p>\n<p>A mente racional \u00e9 capaz de escrutinar o sentido das coisas vis\u00edveis. J\u00e1 o cora\u00e7\u00e3o \u00e9 essencial tanto para a experi\u00eancia sens\u00edvel quanto \u00e0quela religiosa. Pensar com o cora\u00e7\u00e3o nos permite arranhar o infinito, compreendendo o que escapa \u00e0s sinapses cerebrais. Atrav\u00e9s dele enxergamos al\u00e9m do mundo e podemos contemplar o pr\u00f3prio Deus.<\/p>\n<p>&nbsp;<\/p>\n<p>&nbsp;<\/p>\n","protected":false},"excerpt":{"rendered":"<p>Blaise Pascal \u00e9 um dos pensadores fundamentais \u00a0da hist\u00f3ria do Ocidente. Reconhecido por ter criado a calculadora e pelo seu legado na matem\u00e1tica e na f\u00edsica, sua import\u00e2ncia vai muito al\u00e9m das ci\u00eancias exatas. Epistemologicamente seu pensamento constitui um chamado ao equil\u00edbrio entre raz\u00e3o e f\u00e9. &nbsp; Ele viveu na Fran\u00e7a do s\u00e9culo XVII, mesmo [&hellip;]<\/p>\n","protected":false},"author":246,"featured_media":0,"comment_status":"closed","ping_status":"closed","sticky":false,"template":"","format":"standard","meta":{"footnotes":""},"categories":[1244],"tags":[],"class_list":["post-225907","post","type-post","status-publish","format-standard","hentry","category-oleg-abramov"],"_links":{"self":[{"href":"https:\/\/diarioregionaldigital.com.br\/index.php?rest_route=\/wp\/v2\/posts\/225907","targetHints":{"allow":["GET"]}}],"collection":[{"href":"https:\/\/diarioregionaldigital.com.br\/index.php?rest_route=\/wp\/v2\/posts"}],"about":[{"href":"https:\/\/diarioregionaldigital.com.br\/index.php?rest_route=\/wp\/v2\/types\/post"}],"author":[{"embeddable":true,"href":"https:\/\/diarioregionaldigital.com.br\/index.php?rest_route=\/wp\/v2\/users\/246"}],"replies":[{"embeddable":true,"href":"https:\/\/diarioregionaldigital.com.br\/index.php?rest_route=%2Fwp%2Fv2%2Fcomments&post=225907"}],"version-history":[{"count":1,"href":"https:\/\/diarioregionaldigital.com.br\/index.php?rest_route=\/wp\/v2\/posts\/225907\/revisions"}],"predecessor-version":[{"id":225908,"href":"https:\/\/diarioregionaldigital.com.br\/index.php?rest_route=\/wp\/v2\/posts\/225907\/revisions\/225908"}],"wp:attachment":[{"href":"https:\/\/diarioregionaldigital.com.br\/index.php?rest_route=%2Fwp%2Fv2%2Fmedia&parent=225907"}],"wp:term":[{"taxonomy":"category","embeddable":true,"href":"https:\/\/diarioregionaldigital.com.br\/index.php?rest_route=%2Fwp%2Fv2%2Fcategories&post=225907"},{"taxonomy":"post_tag","embeddable":true,"href":"https:\/\/diarioregionaldigital.com.br\/index.php?rest_route=%2Fwp%2Fv2%2Ftags&post=225907"}],"curies":[{"name":"wp","href":"https:\/\/api.w.org\/{rel}","templated":true}]}}