{"id":225904,"date":"2024-12-11T19:51:51","date_gmt":"2024-12-11T22:51:51","guid":{"rendered":"https:\/\/diarioregionaldigital.com.br\/?p=225904"},"modified":"2024-12-11T19:51:51","modified_gmt":"2024-12-11T22:51:51","slug":"audiencia-publica-do-plano-diretor-de-juiz-de-fora-e-realizada-no-predio-da-pjf","status":"publish","type":"post","link":"https:\/\/diarioregionaldigital.com.br\/?p=225904","title":{"rendered":"Audi\u00eancia P\u00fablica do Plano Diretor de Juiz de Fora \u00e9 realizada no pr\u00e9dio da PJF"},"content":{"rendered":"<p>Segundo informa\u00e7\u00f5es do site da Prefeitura de Juiz de Fora (PJF), a\u00a0Audi\u00eancia P\u00fablica do Plano Diretor de Juiz de Fora, com participa\u00e7\u00e3o popular, aconteceu nesta quarta-feira, 15h, no audit\u00f3rio do 1\u00ba andar da Prefeitura de Juiz de Fora (PJF). O objetivo da audi\u00eancia \u00e9 apresentar as a\u00e7\u00f5es executadas em andamento em 2024, e previstas para o ano de 2025, no que tange \u00e0s diretrizes de planejamento territorial no munic\u00edpio de Juiz de Fora.<\/p>\n<p>&nbsp;<\/p>\n<p>A prefeita Margarida Salom\u00e3o esteve no evento e destacou que \u201cesta \u00e9 uma ocasi\u00e3o muito importante para que as pessoas interessadas tenham oportunidade de conhecer o trabalho que vem sendo feito, inclusive, com a implanta\u00e7\u00e3o dos Planos de Estrutura\u00e7\u00e3o Urbana (PEUS), que tornar\u00e3o efetivamente poss\u00edvel uma revis\u00e3o do plano diretor.\u201d<\/p>\n<p>&nbsp;<\/p>\n<p>O secret\u00e1rio de Planejamento Urbano, Raphael Rodrigues, apresentou dados de desenvolvimento dos marcos regulat\u00f3rios, instrumentos da gest\u00e3o democr\u00e1tica, pol\u00edticas de Habita\u00e7\u00e3o de Interesse Social, Saneamento B\u00e1sico, Mobilidade Urbana, Pol\u00edtica Ambiental, Patrim\u00f4nio Cultura, Desenvolvimento Econ\u00f4mico Sustent\u00e1vel e Redu\u00e7\u00e3o de Riscos e Desastres, bem como a apresenta\u00e7\u00e3o de Projetos arquitet\u00f4nicos e urbanos que visam atender \u00e0s demandas urgentes da cidade.<\/p>\n<p>\u201cA estrutura da audi\u00eancia consiste em uma apresenta\u00e7\u00e3o mais t\u00e9cnica das a\u00e7\u00f5es. Fazemos uma compila\u00e7\u00e3o de todas as secretarias colocando elas dentro do Eixo que o Plano Diretor de 2018 estabelece\u201d destaca Raphael. Depois da explica\u00e7\u00e3o do secret\u00e1rio, houve\u00a0 participa\u00e7\u00e3o popular a partir de inscri\u00e7\u00f5es pr\u00e9vias, feitas por meio de preenchimento de formul\u00e1rio eletr\u00f4nico.<\/p>\n<p>Conforme disposto no Art. 195 da Lei Complementar 82\/2018, que institui a Pol\u00edtica de Desenvolvimento Urbano e Territorial e o Sistema Municipal de Planejamento do Territ\u00f3rio e o Plano Diretor Participativo &#8211; PDP\/JF, o \u00d3rg\u00e3o de Planejamento Urbano, dever\u00e1 realizar uma audi\u00eancia p\u00fablica anual para dar publicidade \u00e0s a\u00e7\u00f5es integradas no territ\u00f3rio. Dessa forma, a VI Audi\u00eancia P\u00fablica do Plano Diretor de Juiz de Fora objetiva a divulga\u00e7\u00e3o e debate acerca das a\u00e7\u00f5es setoriais que foram executadas em 2024 e aquelas planejadas para 2025,\u00a0 bem como responder a questionamentos e fomentar a participa\u00e7\u00e3o cidad\u00e3.<\/p>\n","protected":false},"excerpt":{"rendered":"<p>Segundo informa\u00e7\u00f5es do site da Prefeitura de Juiz de Fora (PJF), a\u00a0Audi\u00eancia P\u00fablica do Plano Diretor de Juiz de Fora, com participa\u00e7\u00e3o popular, aconteceu nesta quarta-feira, 15h, no audit\u00f3rio do 1\u00ba andar da Prefeitura de Juiz de Fora (PJF). O objetivo da audi\u00eancia \u00e9 apresentar as a\u00e7\u00f5es executadas em andamento em 2024, e previstas para [&hellip;]<\/p>\n","protected":false},"author":246,"featured_media":225905,"comment_status":"closed","ping_status":"closed","sticky":false,"template":"","format":"standard","meta":{"footnotes":""},"categories":[253,436,440,439],"tags":[],"class_list":["post-225904","post","type-post","status-publish","format-standard","has-post-thumbnail","hentry","category-cidade","category-destaque-da-semana","category-destaques-do-dia","category-ultima-hora"],"_links":{"self":[{"href":"https:\/\/diarioregionaldigital.com.br\/index.php?rest_route=\/wp\/v2\/posts\/225904","targetHints":{"allow":["GET"]}}],"collection":[{"href":"https:\/\/diarioregionaldigital.com.br\/index.php?rest_route=\/wp\/v2\/posts"}],"about":[{"href":"https:\/\/diarioregionaldigital.com.br\/index.php?rest_route=\/wp\/v2\/types\/post"}],"author":[{"embeddable":true,"href":"https:\/\/diarioregionaldigital.com.br\/index.php?rest_route=\/wp\/v2\/users\/246"}],"replies":[{"embeddable":true,"href":"https:\/\/diarioregionaldigital.com.br\/index.php?rest_route=%2Fwp%2Fv2%2Fcomments&post=225904"}],"version-history":[{"count":1,"href":"https:\/\/diarioregionaldigital.com.br\/index.php?rest_route=\/wp\/v2\/posts\/225904\/revisions"}],"predecessor-version":[{"id":225906,"href":"https:\/\/diarioregionaldigital.com.br\/index.php?rest_route=\/wp\/v2\/posts\/225904\/revisions\/225906"}],"wp:featuredmedia":[{"embeddable":true,"href":"https:\/\/diarioregionaldigital.com.br\/index.php?rest_route=\/wp\/v2\/media\/225905"}],"wp:attachment":[{"href":"https:\/\/diarioregionaldigital.com.br\/index.php?rest_route=%2Fwp%2Fv2%2Fmedia&parent=225904"}],"wp:term":[{"taxonomy":"category","embeddable":true,"href":"https:\/\/diarioregionaldigital.com.br\/index.php?rest_route=%2Fwp%2Fv2%2Fcategories&post=225904"},{"taxonomy":"post_tag","embeddable":true,"href":"https:\/\/diarioregionaldigital.com.br\/index.php?rest_route=%2Fwp%2Fv2%2Ftags&post=225904"}],"curies":[{"name":"wp","href":"https:\/\/api.w.org\/{rel}","templated":true}]}}