{"id":225901,"date":"2024-12-11T19:50:55","date_gmt":"2024-12-11T22:50:55","guid":{"rendered":"https:\/\/diarioregionaldigital.com.br\/?p=225901"},"modified":"2024-12-11T19:50:55","modified_gmt":"2024-12-11T22:50:55","slug":"destaques-da-copa-prefeitura-de-futebol-amador-2024-serao-premiados-na-terca-17","status":"publish","type":"post","link":"https:\/\/diarioregionaldigital.com.br\/?p=225901","title":{"rendered":"Destaques da Copa Prefeitura de Futebol Amador 2024 ser\u00e3o premiados na ter\u00e7a, 17"},"content":{"rendered":"<p>Segundo informa\u00e7\u00f5es do site da Prefeitura de Juiz de Fora (PJF), ap\u00f3s mais um ano de sucesso da Copa Prefeitura de Futebol Amador, as premia\u00e7\u00f5es individuais e coletivas da edi\u00e7\u00e3o 2024 ser\u00e3o realizadas na pr\u00f3xima ter\u00e7a-feira, 17. A entrega das homenagens aos atletas e comiss\u00f5es t\u00e9cnicas ser\u00e1 no Teatro Paschoal Carlos Magno, \u00e0s 19h.<\/p>\n<p>Este ano, 194 equipes foram credenciadas em 14 categorias e participaram da competi\u00e7\u00e3o. Foram realizadas 326 partidas, no per\u00edodo de agosto a dezembro, com participa\u00e7\u00e3o de aproximadamente 4.500 pessoas, entre atletas e comiss\u00e3o t\u00e9cnica.<\/p>\n<p>Realizada desde 1983, a Copa \u00e9 um dos maiores eventos do g\u00eanero a n\u00edvel nacional, e tem como objetivo incentivar a pr\u00e1tica do futebol amador e comunit\u00e1rio no munic\u00edpio de Juiz de Fora e regi\u00e3o, al\u00e9m de intervir educacionalmente, especialmente, pautado na Cultura da Paz no Esporte e promover o interc\u00e2mbio esportivo e social entre os diversos segmentos e camadas da sociedade, integrando os indiv\u00edduos, da crian\u00e7a ao idoso.<\/p>\n<p>Confira em anexo os campe\u00f5es de cada categoria<\/p>\n<p>&nbsp;<\/p>\n<div class=\"texto_anexo\"><img loading=\"lazy\" decoding=\"async\" src=\"https:\/\/www.pjf.mg.gov.br\/imagens\/clips.jpg\" width=\"22\" height=\"20\" \/>\u00a0<a href=\"https:\/\/www.pjf.mg.gov.br\/noticias\/anexo\/CAMPE%C3%95ESDACOPA.pdf\" target=\"_blank\" rel=\"noopener\">Veja o anexo<\/a><\/div>\n","protected":false},"excerpt":{"rendered":"<p>Segundo informa\u00e7\u00f5es do site da Prefeitura de Juiz de Fora (PJF), ap\u00f3s mais um ano de sucesso da Copa Prefeitura de Futebol Amador, as premia\u00e7\u00f5es individuais e coletivas da edi\u00e7\u00e3o 2024 ser\u00e3o realizadas na pr\u00f3xima ter\u00e7a-feira, 17. A entrega das homenagens aos atletas e comiss\u00f5es t\u00e9cnicas ser\u00e1 no Teatro Paschoal Carlos Magno, \u00e0s 19h. Este [&hellip;]<\/p>\n","protected":false},"author":246,"featured_media":225902,"comment_status":"closed","ping_status":"closed","sticky":false,"template":"","format":"standard","meta":{"footnotes":""},"categories":[253,436,257,439],"tags":[],"class_list":["post-225901","post","type-post","status-publish","format-standard","has-post-thumbnail","hentry","category-cidade","category-destaque-da-semana","category-esporte","category-ultima-hora"],"_links":{"self":[{"href":"https:\/\/diarioregionaldigital.com.br\/index.php?rest_route=\/wp\/v2\/posts\/225901","targetHints":{"allow":["GET"]}}],"collection":[{"href":"https:\/\/diarioregionaldigital.com.br\/index.php?rest_route=\/wp\/v2\/posts"}],"about":[{"href":"https:\/\/diarioregionaldigital.com.br\/index.php?rest_route=\/wp\/v2\/types\/post"}],"author":[{"embeddable":true,"href":"https:\/\/diarioregionaldigital.com.br\/index.php?rest_route=\/wp\/v2\/users\/246"}],"replies":[{"embeddable":true,"href":"https:\/\/diarioregionaldigital.com.br\/index.php?rest_route=%2Fwp%2Fv2%2Fcomments&post=225901"}],"version-history":[{"count":1,"href":"https:\/\/diarioregionaldigital.com.br\/index.php?rest_route=\/wp\/v2\/posts\/225901\/revisions"}],"predecessor-version":[{"id":225903,"href":"https:\/\/diarioregionaldigital.com.br\/index.php?rest_route=\/wp\/v2\/posts\/225901\/revisions\/225903"}],"wp:featuredmedia":[{"embeddable":true,"href":"https:\/\/diarioregionaldigital.com.br\/index.php?rest_route=\/wp\/v2\/media\/225902"}],"wp:attachment":[{"href":"https:\/\/diarioregionaldigital.com.br\/index.php?rest_route=%2Fwp%2Fv2%2Fmedia&parent=225901"}],"wp:term":[{"taxonomy":"category","embeddable":true,"href":"https:\/\/diarioregionaldigital.com.br\/index.php?rest_route=%2Fwp%2Fv2%2Fcategories&post=225901"},{"taxonomy":"post_tag","embeddable":true,"href":"https:\/\/diarioregionaldigital.com.br\/index.php?rest_route=%2Fwp%2Fv2%2Ftags&post=225901"}],"curies":[{"name":"wp","href":"https:\/\/api.w.org\/{rel}","templated":true}]}}