{"id":225898,"date":"2024-12-11T19:49:55","date_gmt":"2024-12-11T22:49:55","guid":{"rendered":"https:\/\/diarioregionaldigital.com.br\/?p=225898"},"modified":"2024-12-11T19:49:55","modified_gmt":"2024-12-11T22:49:55","slug":"jf-volei-enfrenta-o-araguari-volei-neste-sabado-14","status":"publish","type":"post","link":"https:\/\/diarioregionaldigital.com.br\/?p=225898","title":{"rendered":"JF V\u00f4lei enfrenta o Araguari V\u00f4lei neste s\u00e1bado, 14"},"content":{"rendered":"<p>Segundo informa\u00e7\u00f5es do site da Prefeitura de Juiz de Fora (PJF), neste s\u00e1bado, 14, \u00e0s 19h30, o JF V\u00f4lei enfrenta o Araguari V\u00f4lei, no Gin\u00e1sio Poliesportivo General M\u00e1rio Brum Negreiros, em Araguari-MG, em jogo v\u00e1lido pela segunda rodada da Superliga B.\u00a0 A equipe juiz-forana estreou com uma vit\u00f3ria de 3 a 0 dentro de casa contra o Norde V\u00f4lei e busca manter a sua boa sequ\u00eancia na competi\u00e7\u00e3o.<\/p>\n<p>&nbsp;<\/p>\n<div>Em junho de 2023, a Companhia de Saneamento Municipal (Cesama) da Prefeitura de Juiz de Fora (PJF) firmou patroc\u00ednio para o projeto JF V\u00f4lei. O valor acertado do patroc\u00ednio foi de R$ 700 mil por dois anos. A parceria entre a Cesama e a Associa\u00e7\u00e3o de Ensino e Pesquisa em Esporte e Lazer (Asepel), coordenadora do projeto JF V\u00f4lei, tem como objetivo principal oferecer condi\u00e7\u00f5es t\u00e9cnicas e infraestrutura para a equipe de voleibol masculino do JF V\u00f4lei, a fim de desenvolver seu potencial esportivo e representar Juiz de Fora na Superliga e no Campeonato Mineiro de Voleibol nesses dois anos.<\/div>\n","protected":false},"excerpt":{"rendered":"<p>Segundo informa\u00e7\u00f5es do site da Prefeitura de Juiz de Fora (PJF), neste s\u00e1bado, 14, \u00e0s 19h30, o JF V\u00f4lei enfrenta o Araguari V\u00f4lei, no Gin\u00e1sio Poliesportivo General M\u00e1rio Brum Negreiros, em Araguari-MG, em jogo v\u00e1lido pela segunda rodada da Superliga B.\u00a0 A equipe juiz-forana estreou com uma vit\u00f3ria de 3 a 0 dentro de casa [&hellip;]<\/p>\n","protected":false},"author":246,"featured_media":225899,"comment_status":"closed","ping_status":"closed","sticky":false,"template":"","format":"standard","meta":{"footnotes":""},"categories":[253,436,257,439],"tags":[],"class_list":["post-225898","post","type-post","status-publish","format-standard","has-post-thumbnail","hentry","category-cidade","category-destaque-da-semana","category-esporte","category-ultima-hora"],"_links":{"self":[{"href":"https:\/\/diarioregionaldigital.com.br\/index.php?rest_route=\/wp\/v2\/posts\/225898","targetHints":{"allow":["GET"]}}],"collection":[{"href":"https:\/\/diarioregionaldigital.com.br\/index.php?rest_route=\/wp\/v2\/posts"}],"about":[{"href":"https:\/\/diarioregionaldigital.com.br\/index.php?rest_route=\/wp\/v2\/types\/post"}],"author":[{"embeddable":true,"href":"https:\/\/diarioregionaldigital.com.br\/index.php?rest_route=\/wp\/v2\/users\/246"}],"replies":[{"embeddable":true,"href":"https:\/\/diarioregionaldigital.com.br\/index.php?rest_route=%2Fwp%2Fv2%2Fcomments&post=225898"}],"version-history":[{"count":1,"href":"https:\/\/diarioregionaldigital.com.br\/index.php?rest_route=\/wp\/v2\/posts\/225898\/revisions"}],"predecessor-version":[{"id":225900,"href":"https:\/\/diarioregionaldigital.com.br\/index.php?rest_route=\/wp\/v2\/posts\/225898\/revisions\/225900"}],"wp:featuredmedia":[{"embeddable":true,"href":"https:\/\/diarioregionaldigital.com.br\/index.php?rest_route=\/wp\/v2\/media\/225899"}],"wp:attachment":[{"href":"https:\/\/diarioregionaldigital.com.br\/index.php?rest_route=%2Fwp%2Fv2%2Fmedia&parent=225898"}],"wp:term":[{"taxonomy":"category","embeddable":true,"href":"https:\/\/diarioregionaldigital.com.br\/index.php?rest_route=%2Fwp%2Fv2%2Fcategories&post=225898"},{"taxonomy":"post_tag","embeddable":true,"href":"https:\/\/diarioregionaldigital.com.br\/index.php?rest_route=%2Fwp%2Fv2%2Ftags&post=225898"}],"curies":[{"name":"wp","href":"https:\/\/api.w.org\/{rel}","templated":true}]}}