{"id":225892,"date":"2024-12-11T19:47:31","date_gmt":"2024-12-11T22:47:31","guid":{"rendered":"https:\/\/diarioregionaldigital.com.br\/?p=225892"},"modified":"2024-12-11T19:47:31","modified_gmt":"2024-12-11T22:47:31","slug":"minas-gerais-tem-reducao-de-roubos-e-feminicidios-em-ano-marcado-por-aumento-da-presenca-policial-e-foco-no-trafico-de-drogas","status":"publish","type":"post","link":"https:\/\/diarioregionaldigital.com.br\/?p=225892","title":{"rendered":"Minas Gerais tem redu\u00e7\u00e3o de roubos e feminic\u00eddios em ano marcado por aumento da presen\u00e7a policial e foco no tr\u00e1fico de drogas"},"content":{"rendered":"<p><main class=\"clear margin-md-bottom-3\"><\/p>\n<div class=\"clear \">\n<p>As estrat\u00e9gias do\u00a0<a href=\"https:\/\/www.mg.gov.br\/\" target=\"_blank\" rel=\"noopener\">Governo de Minas<\/a>\u00a0e das For\u00e7as de Seguran\u00e7a\u00a0no combate \u00e0 criminalidade resultaram na queda do n\u00famero de roubos em todo o Estado, incluindo o de roubos de celulares. Os dados foram apresentados em entrevista coletiva nesta quinta-feira (11\/12), em Belo Horizonte.<\/p>\n<p>O acumulado de janeiro a novembro de 2024 aponta para uma redu\u00e7\u00e3o de 6,2% nos registros de roubo em geral, em Minas, na compara\u00e7\u00e3o com o mesmo per\u00edodo do ano passado. Isso significa pelo menos 2,7 mil\u00a0ocorr\u00eancias a menos (19.817\/17.054)<\/p>\n<p>O roubo de celular segue a mesma linha e caiu 9,4% em Minas e, tamb\u00e9m, na capital (5,7%). A modalidade de roubar o pedestre, que poderia, por exemplo, estar voltando do trabalho ou no ponto de \u00f4nibus, tamb\u00e9m diminuiu 10,5%. Assim como a subtra\u00e7\u00e3o de bens de quem anda de coletivo, que \u00e9 um destaque, ali\u00e1s, porque alcan\u00e7a a redu\u00e7\u00e3o de 19,3%.<\/p>\n<p>O roubo de cargas, no estado que tem a maior malha vi\u00e1ria do pa\u00eds, chegou a 22,2%. O detalhamento est\u00e1 dispon\u00edvel no\u00a0site\u00a0da\u00a0<a href=\"https:\/\/www.seguranca.mg.gov.br\/\" target=\"_blank\" rel=\"noopener\">Secretaria de Estado de Justi\u00e7a e Seguran\u00e7a P\u00fablica (Sejusp)<\/a>.<\/p>\n<table border=\"0\" cellspacing=\"1\" cellpadding=\"1\" align=\"center\">\n<tbody>\n<tr>\n<td colspan=\"5\"><img decoding=\"async\" src=\"https:\/\/www.agenciaminas.mg.gov.br\/ckeditor_assets\/pictures\/20949\/content_2_olho_topo.jpg\" alt=\"\" \/><\/td>\n<\/tr>\n<tr>\n<td><\/td>\n<td colspan=\"3\" rowspan=\"3\">\n<h1><strong>&#8220;Minas Gerais tem se destacado no cen\u00e1rio nacional, principalmente quando falamos de crimes contra o patrim\u00f4nio. Esse tipo de crime, especialmente o roubo, o furto, tem uma rela\u00e7\u00e3o muito direta com a sensa\u00e7\u00e3o de seguran\u00e7a e, por isso, avaliamos esse marco como muito positivo&#8221;, destacou o secret\u00e1rio de Estado de Justi\u00e7a e Seguran\u00e7a P\u00fablica, Rog\u00e9rio Greco.<\/strong><\/h1>\n<\/td>\n<td><\/td>\n<\/tr>\n<tr>\n<td><\/td>\n<td><\/td>\n<\/tr>\n<tr>\n<td><\/td>\n<td><\/td>\n<\/tr>\n<tr>\n<td colspan=\"5\"><img decoding=\"async\" src=\"https:\/\/www.agenciaminas.mg.gov.br\/ckeditor_assets\/pictures\/20950\/content_2_olho_inferior.jpg\" alt=\"\" \/><\/td>\n<\/tr>\n<\/tbody>\n<\/table>\n<p>Vale lembrar que os resultados de 2024 seguem a tend\u00eancia,\u00a0uma vez que 2023 registrou o\u00a0<a href=\"https:\/\/www.agenciaminas.mg.gov.br\/noticia\/governo-de-minas-alcanca-reducao-de-19-4-nos-roubos-que-chegam-ao-menor-patamar-dos-ultimos-12-anos\" target=\"_blank\" rel=\"noopener\">menor n\u00famero de roubos dos \u00faltimos 12 anos<\/a>. O resultado do ano passado (quase 20 mil ocorr\u00eancias) \u00e9 quase sete vezes menor que o encontrado no pico da s\u00e9rie hist\u00f3rica, em 2016 (cerca de 132 mil ocorr\u00eancias).<\/p>\n<p>No balan\u00e7o, a redu\u00e7\u00e3o das v\u00edtimas de feminic\u00eddio em 2024 tamb\u00e9m \u00e9 avaliada como um importante passo na defesa das mineiras. A queda foi de 22,8% (153\/118), na avalia\u00e7\u00e3o de janeiro a outubro de 2023 com 2024.<\/p>\n<p><strong>Maior alcance e presen\u00e7a<\/strong><\/p>\n<p>Em 2024, o\u00a0<a id=\"OWA5f276d0f-ce7f-0467-76f0-39d57cdeb526\" title=\"https:\/\/emergencia.mg.gov.br\/\" href=\"https:\/\/emergencia.mg.gov.br\/\" target=\"_blank\" rel=\"noopener noreferrer\" data-auth=\"NotApplicable\" data-linkindex=\"2\">Emerg\u00eancia MG<\/a>,\u00a0que \u00e9 um servi\u00e7o de acionamento das For\u00e7as de Seguran\u00e7a do estado via internet, cresceu e ganhou corpo, chegando a 7 milh\u00f5es de mineiros. Foram cinco expans\u00f5es ao longo do ano, alcan\u00e7ando, agora,\u00a0<a href=\"https:\/\/www.seguranca.mg.gov.br\/index.php\/integracao\/cidades-atendidas-pelo-emergencia-mg\" target=\"_blank\" rel=\"noopener\">107 cidades<\/a>.<\/p>\n<p>At\u00e9 o final do\u00a0ano passado, o servi\u00e7o funcionava como um piloto apenas em Lagoa Santa. O projeto, que \u00e9 pioneiro no pa\u00eds, funciona de forma integrada e permite que o 190 (Pol\u00edcia Militar), 197 (Pol\u00edcia Civil) e 193 (Corpo de Bombeiros Militar) sejam alcan\u00e7ados de forma on-line.<\/p>\n<p>A presen\u00e7a da\u00a0<a href=\"https:\/\/www.policiamilitar.mg.gov.br\/\" target=\"_blank\" rel=\"noopener\">Pol\u00edcia Militar de Minas Gerais (PMMG)<\/a>\u00a0foi ampliada. Ao longo do ano, foram formados cerca de 3 mil novos militares, que refor\u00e7aram o policiamento em todas as regi\u00f5es.<\/p>\n<p>Mais 1,34 mil\u00a0novas viaturas passaram a circular para a prote\u00e7\u00e3o dos mineiros. Em mais de R$ 500 milh\u00f5es de investimentos, \u00e9 destaque a aquisi\u00e7\u00e3o de mais de 8,2 mil\u00a0coletes para a corpora\u00e7\u00e3o, al\u00e9m de um caminh\u00e3o para o transporte de combust\u00edveis.<\/p>\n<p>O\u00a0<a href=\"https:\/\/www.bombeiros.mg.gov.br\/\" target=\"_blank\" rel=\"noopener\">Corpo de Bombeiros Militar de Minas Gerais (CBMMG)<\/a>\u00a0expandiu seu atendimento com a instala\u00e7\u00e3o de tr\u00eas pelot\u00f5es nos munic\u00edpios de Campo Belo, Jo\u00e3o Monlevade e Itaobim. Tamb\u00e9m foram criadas brigadas em Conselheiro Pena e Parais\u00f3polis.<\/p>\n<p>A cidade de Bom Despacho tamb\u00e9m ampliou sua capacidade com a eleva\u00e7\u00e3o do Posto Avan\u00e7ado e, at\u00e9 o final deste ano, Caranda\u00ed deve receber uma brigada municipal.<\/p>\n<p>Para corroborar esta expans\u00e3o, o\u00a0<a href=\"https:\/\/www.mg.gov.br\/\" target=\"_blank\" rel=\"noopener\">Governo de Minas<\/a>\u00a0anunciou 329 vagas de concurso para recomposi\u00e7\u00e3o e amplia\u00e7\u00e3o do efetivo do CBMMG. Foram disponibilizadas 21 vagas para o Curso de Forma\u00e7\u00e3o de Oficiais, cinco para o Quadro de Oficiais da Sa\u00fade e 303 vagas para o Curso de Forma\u00e7\u00e3o de Soldados.<\/p>\n<p><strong>Pris\u00f5es e tr\u00e1fico de drogas<\/strong><\/p>\n<p>Em 2024, a\u00a0<a href=\"https:\/\/www.policiacivil.mg.gov.br\/\" target=\"_blank\" rel=\"noopener\">Pol\u00edcia Civil de Minas Gerais (PCMG)<\/a>\u00a0trabalhou com foco na repress\u00e3o qualificada a organiza\u00e7\u00f5es criminosas no estado &#8211; sobretudo no combate ao tr\u00e1fico de drogas e crimes correlatos. Apenas por tr\u00e1fico de drogas, 19,4 mil pessoas foram indiciadas em procedimentos instaurados pela PCMG.<\/p>\n<p>Um montante superior a 461 mil procedimentos investigativos de diferentes naturezas foi conclu\u00eddo pela Pol\u00edcia Civil \u2013 cerca de 29,3 mil\u00a0somente relacionados ao tr\u00e1fico de drogas.<\/p>\n<p>A Pol\u00edcia Militar tamb\u00e9m manteve um combate sistem\u00e1tico \u00e0 criminalidade no estado, incluindo o tr\u00e1fico de drogas, por meio de uma s\u00e9rie de a\u00e7\u00f5es estrat\u00e9gicas \u2013 que envolvem servi\u00e7o de intelig\u00eancia e opera\u00e7\u00f5es preventivas e repressivas pontuais e qualificadas.<\/p>\n<p>Essas opera\u00e7\u00f5es, realizadas pelas unidades da corpora\u00e7\u00e3o e por meio de a\u00e7\u00f5es conjuntas com outras ag\u00eancias e \u00f3rg\u00e3os do Executivo mineiro, resultaram na pris\u00e3o\/apreens\u00e3o de cerca de 237 mil pessoas, sendo que cerca de 25,5 mil\u00a0delas eram foragidas. Tamb\u00e9m foram apreendidas mais de mais de 70 toneladas de drogas e retiradas mais de 7 mil armas de fogo e simulacros de circula\u00e7\u00e3o.<\/p>\n<p>Exatas 50 opera\u00e7\u00f5es integradas e coordenadas pela Sejusp tamb\u00e9m foram realizadas em 2024, com focos diversos que v\u00e3o de viol\u00eancia contra a crian\u00e7a, mulher e, at\u00e9 mesmo, furto de \u00e1gua e fios de cobre. Nessas a\u00e7\u00f5es, cerca de 2,8 mil\u00a0pessoas foram presas.<\/p>\n<p><strong>Viol\u00eancia contra a mulher<\/strong><\/p>\n<p>A Pol\u00edcia Civil de Minas j\u00e1 indiciou quase 27,7 mil\u00a0pessoas pela pr\u00e1tica de crimes de viol\u00eancia contra a mulher no per\u00edodo de janeiro a novembro de 2024.\u00a0 J\u00e1 visando \u00e0 prote\u00e7\u00e3o das v\u00edtimas, foram formalizados 58,2 mil\u00a0pedidos de medidas protetivas \u00e0 Justi\u00e7a, o que representa uma m\u00e9dia de 5,3 mil\u00a0mil solicita\u00e7\u00f5es por m\u00eas.<\/p>\n<p>&nbsp;<\/p>\n<table border=\"0\" cellspacing=\"1\" cellpadding=\"1\" align=\"center\">\n<tbody>\n<tr>\n<td colspan=\"5\"><img decoding=\"async\" src=\"https:\/\/www.agenciaminas.mg.gov.br\/ckeditor_assets\/pictures\/20949\/content_2_olho_topo.jpg\" alt=\"\" \/><\/td>\n<\/tr>\n<tr>\n<td><\/td>\n<td colspan=\"3\" rowspan=\"3\">\n<h1><strong>&#8220;Temos fortalecido as delegacias de atendimento \u00e0 mulher, com investimentos tanto em infraestrutura, log\u00edstica, quadro de pessoal e defini\u00e7\u00e3o de procedimentos operacionais padr\u00e3o para que a gente tenha tanto o acolhimento da mulher quanto maior celeridade nos procedimentos de pol\u00edcia judici\u00e1ria&#8221;, salientou a chefe da Pol\u00edcia Civil, delegada-geral Let\u00edcia Gamboge.<\/strong><\/h1>\n<\/td>\n<td><\/td>\n<\/tr>\n<tr>\n<td><\/td>\n<td><\/td>\n<\/tr>\n<tr>\n<td><\/td>\n<td><\/td>\n<\/tr>\n<tr>\n<td colspan=\"5\"><img decoding=\"async\" src=\"https:\/\/www.agenciaminas.mg.gov.br\/ckeditor_assets\/pictures\/20950\/content_2_olho_inferior.jpg\" alt=\"\" \/><\/td>\n<\/tr>\n<\/tbody>\n<\/table>\n<p>&nbsp;<\/p>\n<p><strong>Estelionato virtual e tecnologia<\/strong><\/p>\n<p>A Pol\u00edcia Militar desenvolveu a megacampanha\u00a0<a href=\"https:\/\/www.agenciaminas.mg.gov.br\/noticia\/policia-militar-lanca-megacampanha-publicitaria-se-deu-duvida-e-golpe\" target=\"_blank\" rel=\"noopener\">Se deu d\u00favida, \u00e9 golpe!<\/a>, com mais de quatro mil a\u00e7\u00f5es de publicidade e propaganda e 147 presos.<\/p>\n<p>&nbsp;<\/p>\n<table border=\"0\" cellspacing=\"1\" cellpadding=\"1\" align=\"center\">\n<tbody>\n<tr>\n<td colspan=\"5\"><img decoding=\"async\" src=\"https:\/\/www.agenciaminas.mg.gov.br\/ckeditor_assets\/pictures\/20949\/content_2_olho_topo.jpg\" alt=\"\" \/><\/td>\n<\/tr>\n<tr>\n<td><\/td>\n<td colspan=\"3\" rowspan=\"3\">\n<h1>\n<strong>&#8220;Essa a\u00e7\u00e3o surte impactos, j\u00e1 que, fruto dessa campanha, houve uma queda na ordem de 14% nos dados de estelionato virtual em Minas Gerais&#8221;, salientou o\u00a0comandante-geral da Corpora\u00e7\u00e3o, coronel Carlos Frederico Otoni Garcia.<\/strong><\/h1>\n<\/td>\n<td><\/td>\n<\/tr>\n<tr>\n<td><\/td>\n<td><\/td>\n<\/tr>\n<tr>\n<td><\/td>\n<td><\/td>\n<\/tr>\n<tr>\n<td colspan=\"5\"><img decoding=\"async\" src=\"https:\/\/www.agenciaminas.mg.gov.br\/ckeditor_assets\/pictures\/20950\/content_2_olho_inferior.jpg\" alt=\"\" \/><\/td>\n<\/tr>\n<\/tbody>\n<\/table>\n<p>\u00c9 destaque, ainda, a integra\u00e7\u00e3o de sistemas tecnol\u00f3gicos com o servi\u00e7o operacional, como o Sistema Helios que, a partir de c\u00e2meras instaladas em pontos estrat\u00e9gicos de Minas, realiza a leitura autom\u00e1tica de placas, contribuindo para a localiza\u00e7\u00e3o e apreens\u00e3o de ve\u00edculos com restri\u00e7\u00f5es ou furtados e\/ou roubados.<\/p>\n<p>Fonte: Ag\u00eancia Minas<\/p>\n<\/div>\n<p><\/main><\/p>\n","protected":false},"excerpt":{"rendered":"<p>As estrat\u00e9gias do\u00a0Governo de Minas\u00a0e das For\u00e7as de Seguran\u00e7a\u00a0no combate \u00e0 criminalidade resultaram na queda do n\u00famero de roubos em todo o Estado, incluindo o de roubos de celulares. Os dados foram apresentados em entrevista coletiva nesta quinta-feira (11\/12), em Belo Horizonte. O acumulado de janeiro a novembro de 2024 aponta para uma redu\u00e7\u00e3o de [&hellip;]<\/p>\n","protected":false},"author":246,"featured_media":225893,"comment_status":"closed","ping_status":"closed","sticky":false,"template":"","format":"standard","meta":{"footnotes":""},"categories":[301,436,439],"tags":[],"class_list":["post-225892","post","type-post","status-publish","format-standard","has-post-thumbnail","hentry","category-artigos-policiais","category-destaque-da-semana","category-ultima-hora"],"_links":{"self":[{"href":"https:\/\/diarioregionaldigital.com.br\/index.php?rest_route=\/wp\/v2\/posts\/225892","targetHints":{"allow":["GET"]}}],"collection":[{"href":"https:\/\/diarioregionaldigital.com.br\/index.php?rest_route=\/wp\/v2\/posts"}],"about":[{"href":"https:\/\/diarioregionaldigital.com.br\/index.php?rest_route=\/wp\/v2\/types\/post"}],"author":[{"embeddable":true,"href":"https:\/\/diarioregionaldigital.com.br\/index.php?rest_route=\/wp\/v2\/users\/246"}],"replies":[{"embeddable":true,"href":"https:\/\/diarioregionaldigital.com.br\/index.php?rest_route=%2Fwp%2Fv2%2Fcomments&post=225892"}],"version-history":[{"count":1,"href":"https:\/\/diarioregionaldigital.com.br\/index.php?rest_route=\/wp\/v2\/posts\/225892\/revisions"}],"predecessor-version":[{"id":225894,"href":"https:\/\/diarioregionaldigital.com.br\/index.php?rest_route=\/wp\/v2\/posts\/225892\/revisions\/225894"}],"wp:featuredmedia":[{"embeddable":true,"href":"https:\/\/diarioregionaldigital.com.br\/index.php?rest_route=\/wp\/v2\/media\/225893"}],"wp:attachment":[{"href":"https:\/\/diarioregionaldigital.com.br\/index.php?rest_route=%2Fwp%2Fv2%2Fmedia&parent=225892"}],"wp:term":[{"taxonomy":"category","embeddable":true,"href":"https:\/\/diarioregionaldigital.com.br\/index.php?rest_route=%2Fwp%2Fv2%2Fcategories&post=225892"},{"taxonomy":"post_tag","embeddable":true,"href":"https:\/\/diarioregionaldigital.com.br\/index.php?rest_route=%2Fwp%2Fv2%2Ftags&post=225892"}],"curies":[{"name":"wp","href":"https:\/\/api.w.org\/{rel}","templated":true}]}}