{"id":225889,"date":"2024-12-11T19:46:16","date_gmt":"2024-12-11T22:46:16","guid":{"rendered":"https:\/\/diarioregionaldigital.com.br\/?p=225889"},"modified":"2024-12-11T19:46:16","modified_gmt":"2024-12-11T22:46:16","slug":"governo-de-minas-organiza-programacao-especial-comemorativa-dos-127-anos-de-belo-horizonte","status":"publish","type":"post","link":"https:\/\/diarioregionaldigital.com.br\/?p=225889","title":{"rendered":"Governo de Minas organiza programa\u00e7\u00e3o especial comemorativa dos 127 anos de Belo Horizonte"},"content":{"rendered":"<p>Belo Horizonte completar\u00e1 127 anos nesta quinta-feira (12\/12) e para celebrar a data o\u00a0<a href=\"https:\/\/www.mg.gov.br\/\" target=\"_blank\" rel=\"noopener\">Governo de Minas<\/a>, por meio da\u00a0<a href=\"https:\/\/www.secult.mg.gov.br\/\" target=\"_blank\" rel=\"noopener\">Secretaria de Estado de Cultura e Turismo (Secult)<\/a>\u00a0e da\u00a0<a href=\"https:\/\/fcs.mg.gov.br\/\" target=\"_blank\" rel=\"noopener\">Funda\u00e7\u00e3o Cl\u00f3vis Salgado (FCS)<\/a>, e parceiros organizam uma programa\u00e7\u00e3o especial que ser\u00e1 promovida ao longo do dia.<\/p>\n<p>Est\u00e3o previstas abertura de mostras, apresenta\u00e7\u00e3o de cantata, e destaque para a inaugura\u00e7\u00e3o da Ilumina\u00e7\u00e3o Monumental permanente do Pal\u00e1cio da Liberdade e um emocionante show de drones. A iniciativa exalta a hist\u00f3ria da capital, reconhecida como um polo cultural e tur\u00edstico, atraindo visitantes de todo o pa\u00eds e do exterior.<\/p>\n<p>O Minist\u00e9rio P\u00fablico de Minas Gerais (MPMG) e o Governo de Minas v\u00e3o inaugurar a ilumina\u00e7\u00e3o permanente do Pal\u00e1cio da Liberdade a partir das 19h.<\/p>\n<p>Pela primeira vez, o equipamento e os detalhes de sua arquitetura ser\u00e3o valorizados com uma tecnologia que permitir\u00e1 a ilumina\u00e7\u00e3o de todas as fachadas de maneira uniforme.<\/p>\n<p>No momento da inaugura\u00e7\u00e3o, as luzes do Natal da Mineiridade na Pra\u00e7a da Liberdade e a ilumina\u00e7\u00e3o p\u00fablica do entorno imediato do pal\u00e1cio ser\u00e3o apagadas para real\u00e7ar a beleza e a entrega da Ilumina\u00e7\u00e3o Monumental para a cidade.<\/p>\n<p>A instala\u00e7\u00e3o dessas luzes foi contemplada por meio do Semente, o n\u00facleo de projetos socioambientais do MPMG e contou com a coordena\u00e7\u00e3o do Instituto Estadual do Patrim\u00f4nio Hist\u00f3rico e Art\u00edstico de Minas Gerais (Iepha-MG), que orientou a escolha da tonalidade das luzes na cor \u00e2mbar.<\/p>\n<p>Em datas especiais, como o Natal e o Outubro Rosa, por exemplo, o centro cultural poder\u00e1 receber tamb\u00e9m proje\u00e7\u00f5es luminosas em cores diferentes do projeto original.<\/p>\n<p>Na sequ\u00eancia, \u00e0s 19h30, haver\u00e1 a apresenta\u00e7\u00e3o da Cantata de Natal Copasa com a Orquestra Jovem das Gerais em frente \u00e0s escadarias do Pal\u00e1cio da Liberdade. Outro destaque que celebrar\u00e1 o anivers\u00e1rio de BH e a universalidade do esp\u00edrito natalino ser\u00e1 um show de drones, com patroc\u00ednio da Companhia Energ\u00e9tica de Minas Gerais (Cemig), o qual integra a programa\u00e7\u00e3o do Natal da Mineiridade.<\/p>\n<p>A partir das 20h30, o espet\u00e1culo luminoso proporcionar\u00e1 uma verdadeira coreografia a\u00e9rea, composta por 12 forma\u00e7\u00f5es que criar\u00e3o imagens deslumbrantes no c\u00e9u de Belo Horizonte.<\/p>\n<p>O show trar\u00e1 s\u00edmbolos tradicionais do Natal, como o nascimento do menino Jesus, a \u00e1rvore de Natal, os tr\u00eas Reis Magos, e o Papai Noel. Al\u00e9m disso, ser\u00e3o homenageados \u00edcones da capital mineira, como a Pra\u00e7a Sete.<\/p>\n<p><strong>Mostras<\/strong><\/p>\n<p>Duas exposi\u00e7\u00f5es complementam a programa\u00e7\u00e3o. A primeira delas \u00e9 a retrospectiva individual de Yara Tupinamb\u00e1, que ser\u00e1 inaugurada, a partir das 11h, na Grande Galeria Alberto da Veiga Guignard, no Pal\u00e1cio das Artes. A mostra Paisagens da Alma Mineira re\u00fane 121 obras, entre pinturas, gravuras, objetos, estudos, desenhos e registros fotogr\u00e1ficos com curadoria do Instituto &amp; Memorial Yara Tupynamb\u00e1.<\/p>\n<p>A outra \u00e9 uma exposi\u00e7\u00e3o in\u00e9dita do renomado pintor mineiro Carlos Bracher, que re\u00fane do primeiro quadro pintado em Belo Horizonte a mais de 30 obras feitas exclusivamente para a ocasi\u00e3o. A mostra ser\u00e1 inaugurada a partir das 10h, na Casa Fiat de Cultura. Intitulada Belo Bracher Horizonte, a exposi\u00e7\u00e3o re\u00fane pinturas a \u00f3leo, aquarelas e estandartes que revelam a paix\u00e3o de Bracher pela capital mineira.<\/p>\n<p><img decoding=\"async\" src=\"https:\/\/www.agenciaminas.mg.gov.br\/ckeditor_assets\/pictures\/22111\/content_programacao.jpeg\" \/><br \/>\nFonte: Ag\u00eancia Minas<\/p>\n","protected":false},"excerpt":{"rendered":"<p>Belo Horizonte completar\u00e1 127 anos nesta quinta-feira (12\/12) e para celebrar a data o\u00a0Governo de Minas, por meio da\u00a0Secretaria de Estado de Cultura e Turismo (Secult)\u00a0e da\u00a0Funda\u00e7\u00e3o Cl\u00f3vis Salgado (FCS), e parceiros organizam uma programa\u00e7\u00e3o especial que ser\u00e1 promovida ao longo do dia. Est\u00e3o previstas abertura de mostras, apresenta\u00e7\u00e3o de cantata, e destaque para a [&hellip;]<\/p>\n","protected":false},"author":246,"featured_media":225890,"comment_status":"closed","ping_status":"closed","sticky":false,"template":"","format":"standard","meta":{"footnotes":""},"categories":[436,440,261,254,252,439],"tags":[],"class_list":["post-225889","post","type-post","status-publish","format-standard","has-post-thumbnail","hentry","category-destaque-da-semana","category-destaques-do-dia","category-economia","category-politica","category-regiao","category-ultima-hora"],"_links":{"self":[{"href":"https:\/\/diarioregionaldigital.com.br\/index.php?rest_route=\/wp\/v2\/posts\/225889","targetHints":{"allow":["GET"]}}],"collection":[{"href":"https:\/\/diarioregionaldigital.com.br\/index.php?rest_route=\/wp\/v2\/posts"}],"about":[{"href":"https:\/\/diarioregionaldigital.com.br\/index.php?rest_route=\/wp\/v2\/types\/post"}],"author":[{"embeddable":true,"href":"https:\/\/diarioregionaldigital.com.br\/index.php?rest_route=\/wp\/v2\/users\/246"}],"replies":[{"embeddable":true,"href":"https:\/\/diarioregionaldigital.com.br\/index.php?rest_route=%2Fwp%2Fv2%2Fcomments&post=225889"}],"version-history":[{"count":1,"href":"https:\/\/diarioregionaldigital.com.br\/index.php?rest_route=\/wp\/v2\/posts\/225889\/revisions"}],"predecessor-version":[{"id":225891,"href":"https:\/\/diarioregionaldigital.com.br\/index.php?rest_route=\/wp\/v2\/posts\/225889\/revisions\/225891"}],"wp:featuredmedia":[{"embeddable":true,"href":"https:\/\/diarioregionaldigital.com.br\/index.php?rest_route=\/wp\/v2\/media\/225890"}],"wp:attachment":[{"href":"https:\/\/diarioregionaldigital.com.br\/index.php?rest_route=%2Fwp%2Fv2%2Fmedia&parent=225889"}],"wp:term":[{"taxonomy":"category","embeddable":true,"href":"https:\/\/diarioregionaldigital.com.br\/index.php?rest_route=%2Fwp%2Fv2%2Fcategories&post=225889"},{"taxonomy":"post_tag","embeddable":true,"href":"https:\/\/diarioregionaldigital.com.br\/index.php?rest_route=%2Fwp%2Fv2%2Ftags&post=225889"}],"curies":[{"name":"wp","href":"https:\/\/api.w.org\/{rel}","templated":true}]}}