{"id":225886,"date":"2024-12-11T19:44:13","date_gmt":"2024-12-11T22:44:13","guid":{"rendered":"https:\/\/diarioregionaldigital.com.br\/?p=225886"},"modified":"2024-12-11T19:44:13","modified_gmt":"2024-12-11T22:44:13","slug":"secult-anuncia-planos-para-a-promocao-do-turismo-e-da-cultura-nas-cidades-historicas-em-2025","status":"publish","type":"post","link":"https:\/\/diarioregionaldigital.com.br\/?p=225886","title":{"rendered":"Secult anuncia planos para a promo\u00e7\u00e3o do turismo e da cultura nas cidades hist\u00f3ricas em 2025"},"content":{"rendered":"<p><main class=\"clear margin-md-bottom-3\"><\/p>\n<div class=\"clear col-md-10 col-md-offset-1 \">\n<p>A\u00a0<a href=\"https:\/\/www.secult.mg.gov.br\/\" target=\"_blank\" rel=\"noopener\">Secretaria de Estado de Cultura e Turismo de Minas Gerais (Secult-MG)<\/a>\u00a0se reuniu, na tarde dessa ter\u00e7a-feira (10\/11), no Pal\u00e1cio da Liberdade, com cerca de 80 representantes de munic\u00edpios integrantes da Associa\u00e7\u00e3o das Cidades Hist\u00f3ricas de Minas Gerais (ACHMG) e anunciou novidades para a promo\u00e7\u00e3o e o fortalecimento da cultura e do turismo no estado a partir de 2025.<\/p>\n<p>No ano que vem, a Secult\u00a0ir\u00e1 repassar aos munic\u00edpios mineiros um total de aproximadamente R$ 250 milh\u00f5es, divididos entre os recursos do programa de fortalecimento do turismo nos munic\u00edpios, que passa a se chamar +Turismo e destinar\u00e1 R$ 80 milh\u00f5es, e os R$ 165 milh\u00f5es via ICMS Patrim\u00f4nio Cultural, por meio do I<a href=\"https:\/\/www.iepha.mg.gov.br\/\" target=\"_blank\" rel=\"noopener\">nstituto Estadual do Patrim\u00f4nio Hist\u00f3rico e Art\u00edstico de Minas Gerais (Iepha-MG)<\/a>, al\u00e9m de R$ 130 milh\u00f5es por meio dos editais da Pol\u00edtica Nacional Aldir Blanc (PNAB).<\/p>\n<p>O +Turismo tamb\u00e9m passar\u00e1 por mudan\u00e7as, se transformando em um mecanismo menos burocr\u00e1tico. Munic\u00edpios que t\u00eam mais estrutura e capacidade de atrair turistas receber\u00e3o mais recursos. Outra novidade \u00e9 que no ano que vem o recurso da Secult-MG para a promo\u00e7\u00e3o tur\u00edstica tamb\u00e9m saltar\u00e1 de R$ 3 milh\u00f5es para R$ 27 milh\u00f5es.<\/p>\n<p>Atuais prefeitos e vice-prefeitos, prefeitos e vices eleitos ou reeleitos, atuais e futuros secret\u00e1rios municipais de cultura e turismo, agentes de cultura e turismo e colaboradores dos munic\u00edpios filiados \u00e0 ACHMG participaram do encontro. Integram a ACHMG 32 cidades, dentre elas Ouro Preto, Diamantina, Sabar\u00e1, Tiradentes, Caet\u00e9, Congonhas, Itabira, Mariana, S\u00e3o Jo\u00e3o del-Rei, Itapecerica, Santa Luzia, Brumadinho, Janu\u00e1ria, Catas Altas e Concei\u00e7\u00e3o do Mato Dentro.<\/p>\n<p>Durante o encontro, o secret\u00e1rio de Cultura e Turismo de Minas Gerais, Le\u00f4nidas de Oliveira, destacou que o estado ocupa a segunda posi\u00e7\u00e3o no ranking de gera\u00e7\u00e3o de emprego com carteira assinada no setor cultural, que emprega 549 mil pessoas em Minas, de acordo com dados mais recentes do Instituto Brasileiro de Geografia e Estat\u00edstica, referentes a 2022, e lidera, h\u00e1 dois anos consecutivos, o crescimento da atividade tur\u00edstica no pa\u00eds, tamb\u00e9m segundo o IBGE.<\/p>\n<p>\u201cOs munic\u00edpios podem ter na Secult uma ponte para todo o\u00a0<a href=\"https:\/\/www.mg.gov.br\/\" target=\"_blank\" rel=\"noopener\">Governo de Minas<\/a>\u00a0para garantir mais recursos e fazermos com que esse cen\u00e1rio de desenvolvimento e gera\u00e7\u00e3o de emprego e renda tenha continuidade nos pr\u00f3ximos anos\u201d, salientou Oliveira.<\/p>\n<p>A import\u00e2ncia de projetos para incentivar e promover o Carnaval, a Semana Santa e os festivais de inverno nas cidades hist\u00f3ricas, a parceria dos munic\u00edpios com a\u00a0<a href=\"https:\/\/redeminas.tv\/\" target=\"_blank\" rel=\"noopener\">Rede Minas<\/a>\u00a0e a\u00a0<a href=\"https:\/\/www.inconfidencia.com.br\/\" target=\"_blank\" rel=\"noopener\">R\u00e1dio Inconfid\u00eancia<\/a>\u00a0e a participa\u00e7\u00e3o da ACHMG no estandes da Secult em feiras nacionais e internacionais de turismo tamb\u00e9m estiveram na pauta do encontro, importante momento para refor\u00e7ar a atua\u00e7\u00e3o do Iepha-MG para o resguardo e a preserva\u00e7\u00e3o do patrim\u00f4nio hist\u00f3rico.<\/p>\n<p>Presidente da Associa\u00e7\u00e3o das Cidades Hist\u00f3ricas de Minas Gerais e atual prefeito de Itapecerica, Wirley Reis refor\u00e7ou a import\u00e2ncia de um cen\u00e1rio que preza pelo di\u00e1logo e pela coopera\u00e7\u00e3o: \u201cA uni\u00e3o fez a for\u00e7a e fizemos muito. A Secult \u00e9 parte importante para alavancar nossa associa\u00e7\u00e3o. Somos fomentadores da cultura, do turismo e fazemos com que o turismo possa crescer em Minas\u201d.<\/p>\n<p>Fonte: Ag\u00eancia Minas<\/p>\n<\/div>\n<p><\/main><\/p>\n","protected":false},"excerpt":{"rendered":"<p>A\u00a0Secretaria de Estado de Cultura e Turismo de Minas Gerais (Secult-MG)\u00a0se reuniu, na tarde dessa ter\u00e7a-feira (10\/11), no Pal\u00e1cio da Liberdade, com cerca de 80 representantes de munic\u00edpios integrantes da Associa\u00e7\u00e3o das Cidades Hist\u00f3ricas de Minas Gerais (ACHMG) e anunciou novidades para a promo\u00e7\u00e3o e o fortalecimento da cultura e do turismo no estado a [&hellip;]<\/p>\n","protected":false},"author":246,"featured_media":225887,"comment_status":"closed","ping_status":"closed","sticky":false,"template":"","format":"standard","meta":{"footnotes":""},"categories":[436,261,252,439],"tags":[],"class_list":["post-225886","post","type-post","status-publish","format-standard","has-post-thumbnail","hentry","category-destaque-da-semana","category-economia","category-regiao","category-ultima-hora"],"_links":{"self":[{"href":"https:\/\/diarioregionaldigital.com.br\/index.php?rest_route=\/wp\/v2\/posts\/225886","targetHints":{"allow":["GET"]}}],"collection":[{"href":"https:\/\/diarioregionaldigital.com.br\/index.php?rest_route=\/wp\/v2\/posts"}],"about":[{"href":"https:\/\/diarioregionaldigital.com.br\/index.php?rest_route=\/wp\/v2\/types\/post"}],"author":[{"embeddable":true,"href":"https:\/\/diarioregionaldigital.com.br\/index.php?rest_route=\/wp\/v2\/users\/246"}],"replies":[{"embeddable":true,"href":"https:\/\/diarioregionaldigital.com.br\/index.php?rest_route=%2Fwp%2Fv2%2Fcomments&post=225886"}],"version-history":[{"count":1,"href":"https:\/\/diarioregionaldigital.com.br\/index.php?rest_route=\/wp\/v2\/posts\/225886\/revisions"}],"predecessor-version":[{"id":225888,"href":"https:\/\/diarioregionaldigital.com.br\/index.php?rest_route=\/wp\/v2\/posts\/225886\/revisions\/225888"}],"wp:featuredmedia":[{"embeddable":true,"href":"https:\/\/diarioregionaldigital.com.br\/index.php?rest_route=\/wp\/v2\/media\/225887"}],"wp:attachment":[{"href":"https:\/\/diarioregionaldigital.com.br\/index.php?rest_route=%2Fwp%2Fv2%2Fmedia&parent=225886"}],"wp:term":[{"taxonomy":"category","embeddable":true,"href":"https:\/\/diarioregionaldigital.com.br\/index.php?rest_route=%2Fwp%2Fv2%2Fcategories&post=225886"},{"taxonomy":"post_tag","embeddable":true,"href":"https:\/\/diarioregionaldigital.com.br\/index.php?rest_route=%2Fwp%2Fv2%2Ftags&post=225886"}],"curies":[{"name":"wp","href":"https:\/\/api.w.org\/{rel}","templated":true}]}}