{"id":225880,"date":"2024-12-11T18:55:39","date_gmt":"2024-12-11T21:55:39","guid":{"rendered":"https:\/\/diarioregionaldigital.com.br\/?p=225880"},"modified":"2024-12-11T18:55:39","modified_gmt":"2024-12-11T21:55:39","slug":"sistema-fecomercio-mg-e-sindicomercio-de-santos-dumont-inauguram-unidade-do-sesc-no-municipio-da-zona-da-mata","status":"publish","type":"post","link":"https:\/\/diarioregionaldigital.com.br\/?p=225880","title":{"rendered":"Sistema Fecom\u00e9rcio MG e SindiCom\u00e9rcio de Santos Dumont inauguram unidade do Sesc no munic\u00edpio da Zona da Mata"},"content":{"rendered":"<p>O Sistema Fecom\u00e9rcio MG est\u00e1 ampliando sua atua\u00e7\u00e3o na Zona da Mata mineira com a implanta\u00e7\u00e3o de uma unidade de servi\u00e7os do Sesc em Santos Dumont. Em breve, a popula\u00e7\u00e3o local ter\u00e1 acesso a servi\u00e7os nas \u00e1reas de Sa\u00fade, Educa\u00e7\u00e3o, Cultura, Esporte, Lazer, A\u00e7\u00e3o Social e Turismo.<\/p>\n<p>Em reforma desde julho de 2024, o Sesc Santos Dumont funcionar\u00e1 no centro da cidade, na avenida Get\u00falio Vargas, 289. A estrutura contar\u00e1 com sala de refor\u00e7o escolar, n\u00facleo de sa\u00fade, sala de pilates, espa\u00e7o de conviv\u00eancia e sala multi\u00faso. A previs\u00e3o de inaugura\u00e7\u00e3o \u00e9 para o primeiro semestre de 2025.<\/p>\n<p>Os servi\u00e7os do Sesc em Minas atendem prioritariamente a pessoas que trabalham no com\u00e9rcio, incluindo dependentes, com descontos e condi\u00e7\u00f5es especiais de matr\u00edcula. Al\u00e9m disso, diversas atividades gratuitas s\u00e3o oferecidas pelo Programa Sesc de Gratuidade para o p\u00fablico com renda familiar de at\u00e9 dois sal\u00e1rios m\u00ednimos por pessoa, conforme editais espec\u00edficos.<\/p>\n<p>A expans\u00e3o das atividades do Sistema Fecom\u00e9rcio MG em Santos Dumont est\u00e1 sendo poss\u00edvel gra\u00e7as \u00e0 parceria com o Sindicom\u00e9rcio do munic\u00edpio. Essa colabora\u00e7\u00e3o visa promover o desenvolvimento econ\u00f4mico e social na regi\u00e3o, fortalecendo o setor e possibilitando aos trabalhadores e \u00e0s trabalhadoras de todas as idades o acesso a pr\u00e1ticas esportivas, atendimentos em sa\u00fade, atividades pedag\u00f3gicas e de lazer, turismo e a\u00e7\u00f5es sociais.<\/p>\n<p><strong>Sesc em Minas<\/strong><\/p>\n<p>H\u00e1 mais de 70 anos, o Sesc cumpre a miss\u00e3o de promover o encontro das pessoas com o bem-estar e a qualidade de vida. S\u00e3o encontros di\u00e1rios com a Sa\u00fade, a Educa\u00e7\u00e3o, o Turismo, o Lazer, o Esporte e a Cultura.<\/p>\n<p>Fundado pela Confedera\u00e7\u00e3o Nacional do Com\u00e9rcio em 13 de setembro de 1946, o Sesc em Minas \u00e9 uma institui\u00e7\u00e3o privada mantida pela contribui\u00e7\u00e3o sindical do empresariado do com\u00e9rcio. Por isso, embora as atividades sejam destinadas a toda a popula\u00e7\u00e3o, os trabalhadores e as trabalhadoras do com\u00e9rcio de bens, servi\u00e7os e turismo, incluindo dependentes, s\u00e3o o p\u00fablico priorit\u00e1rio das a\u00e7\u00f5es e t\u00eam direito a descontos especiais.<\/p>\n<p>Em Minas Gerais, o Sesc atua em todas as regi\u00f5es do estado, com 23 unidades fixas e 11 unidades m\u00f3veis.<\/p>\n<p><strong>Sobre a Fecom\u00e9rcio MG<\/strong><\/p>\n<p>A Federa\u00e7\u00e3o do Com\u00e9rcio de Bens, Servi\u00e7os e Turismo de Minas Gerais integra o Sistema Fecom\u00e9rcio MG, Sesc e Senac em Minas e Sindicatos Empresariais, que tem como presidente o empres\u00e1rio Nadim Donato. A Fecom\u00e9rcio MG \u00e9 a maior representante do setor terci\u00e1rio no estado, atuando em prol de mais de 740 mil empresas mineiras. Em conjunto com a Confedera\u00e7\u00e3o Nacional do Com\u00e9rcio (CNC), presidida por Jos\u00e9 Roberto Tadros, a Fecom\u00e9rcio MG atua junto \u00e0s esferas p\u00fablica e privada para defender os interesses do setor de Bens, Servi\u00e7os e Turismo a fim de requisitar melhores condi\u00e7\u00f5es tribut\u00e1rias, celebrar conven\u00e7\u00f5es coletivas de trabalho, disponibilizar benef\u00edcios visando ao desenvolvimento do com\u00e9rcio no estado e muito mais.<\/p>\n<p>H\u00e1 85 anos fortalecendo e defendendo o setor, beneficiando e transformando a vida de cidad\u00e3os e cidad\u00e3s.<\/p>\n","protected":false},"excerpt":{"rendered":"<p>O Sistema Fecom\u00e9rcio MG est\u00e1 ampliando sua atua\u00e7\u00e3o na Zona da Mata mineira com a implanta\u00e7\u00e3o de uma unidade de servi\u00e7os do Sesc em Santos Dumont. Em breve, a popula\u00e7\u00e3o local ter\u00e1 acesso a servi\u00e7os nas \u00e1reas de Sa\u00fade, Educa\u00e7\u00e3o, Cultura, Esporte, Lazer, A\u00e7\u00e3o Social e Turismo. Em reforma desde julho de 2024, o Sesc [&hellip;]<\/p>\n","protected":false},"author":246,"featured_media":225881,"comment_status":"closed","ping_status":"closed","sticky":false,"template":"","format":"standard","meta":{"footnotes":""},"categories":[436,252,439],"tags":[],"class_list":["post-225880","post","type-post","status-publish","format-standard","has-post-thumbnail","hentry","category-destaque-da-semana","category-regiao","category-ultima-hora"],"_links":{"self":[{"href":"https:\/\/diarioregionaldigital.com.br\/index.php?rest_route=\/wp\/v2\/posts\/225880","targetHints":{"allow":["GET"]}}],"collection":[{"href":"https:\/\/diarioregionaldigital.com.br\/index.php?rest_route=\/wp\/v2\/posts"}],"about":[{"href":"https:\/\/diarioregionaldigital.com.br\/index.php?rest_route=\/wp\/v2\/types\/post"}],"author":[{"embeddable":true,"href":"https:\/\/diarioregionaldigital.com.br\/index.php?rest_route=\/wp\/v2\/users\/246"}],"replies":[{"embeddable":true,"href":"https:\/\/diarioregionaldigital.com.br\/index.php?rest_route=%2Fwp%2Fv2%2Fcomments&post=225880"}],"version-history":[{"count":1,"href":"https:\/\/diarioregionaldigital.com.br\/index.php?rest_route=\/wp\/v2\/posts\/225880\/revisions"}],"predecessor-version":[{"id":225882,"href":"https:\/\/diarioregionaldigital.com.br\/index.php?rest_route=\/wp\/v2\/posts\/225880\/revisions\/225882"}],"wp:featuredmedia":[{"embeddable":true,"href":"https:\/\/diarioregionaldigital.com.br\/index.php?rest_route=\/wp\/v2\/media\/225881"}],"wp:attachment":[{"href":"https:\/\/diarioregionaldigital.com.br\/index.php?rest_route=%2Fwp%2Fv2%2Fmedia&parent=225880"}],"wp:term":[{"taxonomy":"category","embeddable":true,"href":"https:\/\/diarioregionaldigital.com.br\/index.php?rest_route=%2Fwp%2Fv2%2Fcategories&post=225880"},{"taxonomy":"post_tag","embeddable":true,"href":"https:\/\/diarioregionaldigital.com.br\/index.php?rest_route=%2Fwp%2Fv2%2Ftags&post=225880"}],"curies":[{"name":"wp","href":"https:\/\/api.w.org\/{rel}","templated":true}]}}