{"id":225873,"date":"2024-12-10T20:03:10","date_gmt":"2024-12-10T23:03:10","guid":{"rendered":"https:\/\/diarioregionaldigital.com.br\/?p=225873"},"modified":"2024-12-10T20:03:10","modified_gmt":"2024-12-10T23:03:10","slug":"pjf-disponibiliza-onibus-extra-para-o-pism-neste-sabado-14-e-domingo-15","status":"publish","type":"post","link":"https:\/\/diarioregionaldigital.com.br\/?p=225873","title":{"rendered":"PJF disponibiliza \u00f4nibus extra para o Pism neste s\u00e1bado, 14, e domingo, 15"},"content":{"rendered":"<p>Segundo informa\u00e7\u00f5es do site da Prefeitura de Juiz de Fora (PJF), um esquema especial do transporte coletivo foi preparado pelos t\u00e9cnicos da Secretaria de Mobilidade Urbana (SMU), da Prefeitura de Juiz de Fora (PJF), para atender aos 25.032 candidatos que realizam na cidade as provas do Programa de Ingresso Seletivo Misto (Pism), da Universidade Federal de Juiz de Fora (UFJF), que acontecem neste s\u00e1bado, 14, e domingo, 15, no campus sede e em outras 49 institui\u00e7\u00f5es de ensino.<\/p>\n<p>&nbsp;<\/p>\n<div>A SMU orienta aos motoristas que n\u00e3o circulem no entorno da UFJF e da Faculdade de Medicina no Dom Orione entre 11h e 13h30, caso n\u00e3o estejam transportando candidatos, para evitar de ficarem retidos por longo tempo no tr\u00e2nsito, pois no local prestam a prova cerca de nove mil pessoas.\n<\/div>\n<div>A Avenida Costa e Silva ir\u00e1 funcionar em sentido de m\u00e3o \u00fanica a partir da Rua Ant\u00f4nio Rufino at\u00e9 a rotat\u00f3ria, e a Rua Jos\u00e9 Louren\u00e7o Kelmer da rotat\u00f3ria at\u00e9 o Trevo do Jardim Casablanca. Outras modifica\u00e7\u00f5es no tr\u00e2nsito dos bairros pr\u00f3ximos \u00e0 UFJF ainda est\u00e3o sendo estudadas pela SMU.\n<\/div>\n<div>No domingo, 10, os candidatos utilizam os coletivos gratuitamente, dentro do programa Doming\u00e3o de Bus\u00e3o, n\u00e3o havendo cobran\u00e7a de tarifa. A linha especial 180 (Universidade) come\u00e7a a sair \u00e0s 6h do ponto da Av. Get\u00falio Vargas n\u00ba 251. Os \u00f4nibus come\u00e7am a circular intermitentemente a partir de 10h at\u00e9 11h20, \u00faltimo hor\u00e1rio previsto com mais garantias de chegada at\u00e9 \u00e0s 13h, quando ocorre o fechamento dos port\u00f5es, lembrando que a UFJF orienta os candidatos para que se programem para chegar at\u00e9 uma hora antes. J\u00e1 do mesmo ponto no Centro sai a linha 570 (Fac. de Medicina) em dire\u00e7\u00e3o \u00e0s faculdades de Medicina e Fisioterapia da UFJF e a Faculdade Doctum, na Avenida Eug\u00eanio do Nascimento s\/n, com hor\u00e1rios a partir das 10h, e o \u00faltimo garantido \u00e0s 11h.\n<\/div>\n<div>A linha 555 (Universidade) que entra pelo P\u00f3rtico Norte, em S\u00e3o Pedro, ter\u00e1 ponto inicial tamb\u00e9m na Av. Get\u00falio Vargas n\u00ba 251, com circula\u00e7\u00e3o intermitente a partir de 10h. Uma nova linha especial, a 280, foi inclu\u00edda este ano para atender aos candidatos que realizam prova na Suprema e Col\u00e9gio Sarah Dawsey, com dois hor\u00e1rios somente, \u00e0s 11h e 11h15, da Av. Get\u00falio Vargas n\u00ba 251. O retorno desta linha ao Centro ser\u00e1 exclusivamente no hor\u00e1rio de 17h45.<\/div>\n<p>&nbsp;<\/p>\n<div>Os candidatos que partem dos locais atendidos por linhas que seguem para o campus universit\u00e1rio e para Avenida Eug\u00eanio do Nascimento, s\/n, ter\u00e3o a disposi\u00e7\u00e3o os seguintes hor\u00e1rios: 170 (Zona Nordeste\/UFJF) sa\u00edda de Filgueiras \u00e0s 10h e retorno 17h45; 190 (Zona Sul\/UFJF), sai do bairro Sagrado Cora\u00e7\u00e3o \u00e0s 10h10 e retorno 17h45; 655 (IF Sudeste\/UFJF) parte do Esplanada \u00e0s 10h30 e retorno 17h45; e 755 (Zona Norte\/UFJF), com sa\u00edda do bairro Santa L\u00facia \u00e0s 10h e \u00e0s 10h30, e com retorno \u00e0s 17h e 17h45. Exceto pelas linhas 170 e 755, que primeiramente atendem ao campus, todas as outras passam primeiro na Faculdade Doctum e nas faculdades de Medicina e Fisioterapia, no Dom Orione.<\/div>\n<p>&nbsp;<\/p>\n<div>Al\u00e9m disso, outras seis linhas que atendem somente ao anel vi\u00e1rio da UFJF, sem ir at\u00e9 as faculdades e institutos, com partidas do Centro e entrada pelo P\u00f3rtico Sul, s\u00e3o tamb\u00e9m op\u00e7\u00f5es para os candidatos, que devem conferir o hor\u00e1rio e o itiner\u00e1rio no\u00a0<a href=\"http:\/\/www.pjf.mg.gov.br\/\"><strong>link Infotrans<\/strong><\/a>, no Portal da PJF. S\u00e3o elas: 532 (S\u00e3o Pedro), 534 (Santos Dumont), 544 (Recanto dos Brugger), 547 (Nossa Senhora de F\u00e1tima), 548 (Adolpho Vireque) e 549 (Nova Germ\u00e2nia). N\u00e3o v\u00e3o circular nos dias de Pism as linhas 525, 535 e 545.<\/div>\n<p>&nbsp;<\/p>\n<div><strong>Confira abaixo os itiner\u00e1rios especiais de cada linha que atende ao Pism:<\/strong>\n<\/div>\n<div>&#8211; Linha 180 (Universidade) \u2013 sa\u00eddas do Centro a partir de 10h:<\/div>\n<p>&nbsp;<\/p>\n<div>Sentido Centro\/UFJF: Av. Get\u00falio Vargas n\u00ba 251, Av. Itamar Franco, Av. Paulo Japiass\u00fa Coelho, Av. Deusdedith Salgado, Av. Mello Reis, Av. Eug\u00eanio do Nascimento, Av. Eng. Valdir Pedro Monachesi, Rua Umberto Nery, via local UFJF, Faculdade de Odontologia, Farm\u00e1cia, Economia e ICH, Faculdade de Direito e Proinfra \u2013 ponto final.<\/div>\n<p>&nbsp;<\/p>\n<div>Sentido UFJF\/Centro: Faculdades de Engenharia e Arquitetura, de Odontologia, Farm\u00e1cia, Economia e ICH, faculdades de Direito, Letras, P\u00f3rtico Sul, Av. Itamar Franco, Travessa Dr. Prisco, Francisco Bernardino, Rua S\u00e3o Sebasti\u00e3o, Av. Get\u00falio Vargas n\u00ba 251 \u2013 ponto final.<\/div>\n<p>&nbsp;<\/p>\n<div>&#8211; Linha 555 \u2013 UFJF \u2013 sa\u00eddas do Centro a partir de 10h:<\/div>\n<p>&nbsp;<\/p>\n<div>Sentido Centro\/UFJF: Av. Get\u00falio Vargas 251, Av. Itamar Franco, Av. Rio Branco, Rua Silva Jardim, Av. Francisco Bernardino, Bar\u00e3o de Cataguases, Avenida dos Andradas, Rua Jos\u00e9 Carlos Moraes Sarmento, Estrada Gentil Forn, Rua Jos\u00e9 Louren\u00e7o Kelmer, Av. Pedro Henrique Krambeck (Via S\u00e3o Pedro) at\u00e9 o retorno pr\u00f3ximo ao Hiper Bahamas, retornar pela Av. Pedro Henrique Krambeck, Rua Ant\u00f4nio Rufino, Av. Costa e Silva, P\u00f3rtico Norte, faculdades de Letras, Engenharia, Odontologia, Farm\u00e1cia, Economia e ICH, Faculdade de Direito e Proinfra \u2013 ponto final.\n<\/div>\n<div>Sentido UFJF\/Centro: Faculdades de Engenharia e Arquitetura, Anel Vi\u00e1rio da UFJF, Faculdade de Odontologia, Farm\u00e1cia, Economia, e ICH, Anel Vi\u00e1rio da UFJF, Faculdade de Direito, Rua Jos\u00e9 Louren\u00e7o Kelmer, Rua Eng. Gentil Forn, Rua Eng. Jos\u00e9 Carlos Moraes Sarmento, Avenida dos Andradas, Rua Silva Jardim, Av. Rio Branco, Rua Afonso Pinto da Mota, Av. Get\u00falio Vargas, 251 \u2013 ponto final.<\/div>\n<p>&nbsp;<\/p>\n<div>&#8211; Linha 570 &#8211; Fac. Medicina \u2013 sa\u00eddas do Centro a partir de 10h30:\n<\/div>\n<div>Sentido Centro\/Fac. Medicina: Av. Get\u00falio Vargas n\u00ba 251, Av. Itamar Franco, Av. Paulo Japiass\u00fa Coelho, Av. Deusdedith Salgado, Av. Mello Reis, Av. Eug\u00eanio do Nascimento, Faculdades de Medicina e Fisioterapia\/ HU\/CAS \u2013 ponto final.<\/div>\n<div>\nSentido Fac. Medicina\/Centro: Faculdades de Medicina e Fisioterapia\/ HU\/CAS, Av. Eug\u00eanio Nascimento, P\u00f3rtico Sul, Anel Vi\u00e1rio UFJF, P\u00f3rtico Sul, Av. Itamar Franco, Pra\u00e7a Ant\u00f4nio Carlos, Travessa Dr. Prisco, Av. Francisco Bernardino \u2013 ponto final.<\/div>\n<p>&nbsp;<\/p>\n<div>&#8211; Linha 280 &#8211; Suprema \/Col\u00e9gio Sarah Dawsey \u2013 sa\u00edda \u00e0s 11h e 11h15:<\/div>\n<p>&nbsp;<\/p>\n<div>Sentido Centro\/Suprema: Av. Get\u00falio Vargas n\u00ba 251, Av. Itamar Franco, Av. Japiass\u00fa Coelho, Av. Deusdedith Salgado, Faculdade Suprema \u2013 ponto final.<\/div>\n<p>&nbsp;<\/p>\n<div>Sentido Suprema\/Centro: Faculdade Suprema, Av. Deusdedith Salgado, Av. Japiass\u00fa Coelho, Av. Itamar Franco, Pra\u00e7a Ant\u00f4nio Carlos, Travessa Dr. Prisco, Av. Francisco Bernardino, Rua S\u00e3o Sebasti\u00e3o, Av. Get\u00falio Vargas, 251 \u2013 ponto final.<\/div>\n<div>\n&#8211; Linha 170 \u2013 (Zona Nordeste\/UFJF) \u2013 sa\u00edda de Filgueiras \u00e0s 10h:<\/div>\n<p>&nbsp;<\/p>\n<div>Sentido Zona Nordeste\/UFJF: Rua An\u00edbal Beligoli, 409 \u2013 Ponto Final, Rua Orlando Riani, Rua Diomar Monteiro, Avenida Juiz de Fora, Rua Paracatu, Av. Bar\u00e3o do Rio Branco (pista lateral), Rua Bar\u00e3o de Cataguases, Rua Jo\u00e3o Pinheiro, Rua Engenheiro Gentil Forn, Rua Jos\u00e9 Louren\u00e7o Kelmer, Av. Pedro Henrique Krambeck (Via S\u00e3o Pedro) at\u00e9 o retorno pr\u00f3ximo ao Hiper Bahamas, retornar pela Av. Pedro Henrique Krambeck, Rua Ant\u00f4nio Rufino, Av. Costa e Silva, P\u00f3rtico Norte (UFJF), Anel vi\u00e1rio da UFJF, Faculdade de Letras, rua local de acesso \u00e0s Faculdades de Engenharia e Arquitetura, Anel Vi\u00e1rio da UFJF, P\u00f3rtico Sul, Avenida Eug\u00eanio Nascimento, rua local de acesso ao HU\/CAS, faculdades de Medicina e Fisioterapia, Avenida Eug\u00eanio Nascimento, P\u00f3rtico Sul, Anel Vi\u00e1rio da UFJF, faculdades de Odontologia, Farm\u00e1cia, ICH, Anel Vi\u00e1rio da UFJF, Faculdade de Direito &#8211; ponto final.<\/div>\n<div>\nSentido UFJF\/ Zona Nordeste: Faculdade de Letras, faculdades de Engenharia e Arquitetura, Anel Vi\u00e1rio da UFJF, P\u00f3rtico Sul, Avenida Eug\u00eanio Nascimento, rua local de acesso ao HU\/CAS, faculdades de Medicina e Fisioterapia, Avenida Eug\u00eanio Nascimento, P\u00f3rtico Sul, Anel Vi\u00e1rio da UFJF, faculdades de Odontologia, Farm\u00e1cia, Economia, ICH, Anel Vi\u00e1rio da UFJF, Faculdade de Direito, Anel Vi\u00e1rio da UFJF, P\u00f3rtico Norte, Rua Jos\u00e9 Louren\u00e7o Kelmer\u2026<\/div>\n<p>&nbsp;<\/p>\n<div>&#8211; Linha 190 (Zona Sul\/UFJF) \u2013 sa\u00edda do Sagrado Cora\u00e7\u00e3o \u00e0s 10h10:<\/div>\n<p>&nbsp;<\/p>\n<div>Sentido Zona Sul\/UFJF: Rua Marciano Pinto n\u00ba 1635, Rua Bady Geara, Av. Pedro Afonso Pinheiro, Rua Heitor In\u00e1cio, Rua Cl\u00f3vis Jaguaribe dos Santos, Rua Jos\u00e9 Ferreira, Rua Doutor D\u00e9lcio Fortini, Rua Maria de Lourdes Oliveira, Rua Heitor In\u00e1cio, Avenida Pedro Afonso Pinheiro, Rua Bady Geara, Av. Darcy Vargas, Rua Augusta Sobreira Tostes, Rua Renato Pandolfi, Rua Almiro Ribeiro de Toledo, Rua Francisco Henriques, Rua Dep. Alcides Paiva Campos, Av. Santa Luzia, Rua Ingr\u00e1cia Pinheiro, Rua Jos\u00e9 Nunes Leal, Rua Aurora Torres, Rua Jos\u00e9 Nunes Leal, Av. Santa Luzia, Rua \u00c1gua Limpa, Rua Ch\u00e1cara, Rua Ibitiguaia, Av. Darcy Vargas, Rua Dr. Costa Reis, Rua Maria de Almeida Silva Acesso Sul, Rua Cust\u00f3dio Furtado de Souza, Rua Maria Eug\u00eania de Rezende, Rua Marly Mendes Alves, Av. Deusdedit Salgado, Av. Dr. Paulo Japiassu Coelho, Av. Itamar Franco, Av. Eug\u00eanio Nascimento, rua local de acesso ao HU\/CAS, faculdades de Medicina e Fisioterapia, Av. Eug\u00eanio Nascimento, P\u00f3rtico Sul, Anel Vi\u00e1rio da UFJF, faculdades de Odontologia, Farm\u00e1cia, Economia, ICH, Anel Vi\u00e1rio da UFJF, faculdades de Direito e Letras, faculdades de Engenharia e Arquitetura \u2013 ponto final.\n<\/div>\n<div>Sentido UFJF\/ Zona Sul: Anel Vi\u00e1rio, Faculdade de Letras, rua local de acesso \u00e0s Faculdades de Engenharia e Arquitetura, Anel Vi\u00e1rio, rua local de acesso \u00e0s Faculdades de Odontologia, Farm\u00e1cia, Economia, I.C.H, Anel Vi\u00e1rio, Faculdades de Direito e Letras, Anel Vi\u00e1rio, P\u00f3rtico Sul, Av. Eug\u00eanio Nascimento, rua local de acesso ao HU\/CAS, Faculdades de Medicina e Fisioterapia, retorna, Av. Eug\u00eanio Nascimento, Av. Itamar Franco, Av. Paulo Japiass\u00fa Coelho&#8230;\n<\/div>\n<div>&#8211; Linha 655 (IF Sudeste\/UFJF) \u2013 sa\u00edda do Esplanada \u00e0s 10h30:<\/div>\n<div>\nSentido IF Sudeste\/UFJF: Rua Eduardo Weiss n\u00ba 82, Rua Lu\u00eds Andre Hagen, Rua Lu\u00eds Baltazar Eberle, Rua En\u00e9as Mascarenhas, Rua Coronel Quint\u00e3o, Rua Branca Mascarenhas, Rua Geraldo Gomes Ribeiro, Rua Expedicion\u00e1rio Ant\u00f4nio Novaes, Rua Eunice Weaver, Rua Guilardo Xavier Furtado, Rua Marechal Cordeiro de Faria, Rua Gorizia Trentini da Silva, Rua Jos\u00e9 de Almeida Portes, Rua Dr. Alvino de Paula, Rua Guilardo Xavier Furtado, Rua Eunice Weaver, Rua Helena Bittencourt, Rua Pedro Ronzani, Rua Maria Geralda de Freitas, Rua Nazira Mattar de Freitas, Rua Maestro Jos\u00e9 Quirino, Rua Rog\u00e9rio Fernando Scoralick, Rua Manoel Porfiro Ferreira, Rua Benedito Jos\u00e9 de Freitas, Av. Senhor dos Passos, Rua Vereador Dr. Arlindo Zanini, Rua Oct\u00e1vio Malvaccini, Rua Ac\u00e1cio Alves Alvim, Rua das \u00c1gatas, Rua dos Rub\u00eds, Rua Ac\u00e1cio Alves Alvim, Rua Jos\u00e9 Vict\u00f3rio Castegliani, Rua Professor Vilas Bou\u00e7ada, Rua Dr. Fernando Cyrne, Rua Paulo Botti, Avenida Eug\u00eanio Nascimento, rua local de acesso ao HU\/CAS, faculdades de Medicina e Fisioterapia, Avenida Eug\u00eanio Nascimento, Av. Eng. Waldir Predro Monachesi, Rua Umberto Nery, Estacionamento Critt, Anel Vi\u00e1rio UFJF, Rua Local de acesso \u00e0s Faculdades de Odontologia, Farm\u00e1cia, ICH, Anel Vi\u00e1rio da UFJF, Faculdades de Direito, Proinfra \u2013 ponto final.<\/div>\n<p>&nbsp;<\/p>\n<div>Sentido UFJF\/IF Sudeste: Faculdades de Odontologia, Farm\u00e1cia, ICH, Anel Vi\u00e1rio da UFJF, faculdades de Direito e Letras, faculdades de Engenharia e Arquitetura, P\u00f3rtico Sul, Avenida Eug\u00eanio Nascimento, faculdades de Medicina e Fisioterapia, Av Eug\u00eanio Nascimento (sentido est\u00e1dio municipal),\u2026<\/div>\n<p>&nbsp;<\/p>\n<div>&#8211; Linha 755 (Zona Norte\/UFJF) \u2013 sa\u00eddas do Santa L\u00facia \u00e0s 10h e \u00e0s 10h30:\n<\/div>\n<div>Sentido Zona Norte\/UFJF: Rua Oz\u00f3rio Campos n\u00ba 30, Av. Doutor Bezerra de Menezes, Rua Sebasti\u00e3o Alves Marcato, Rua Doutor Dias da Cruz, Rua General Almerindo da Silva Gomes, Rua Guimar\u00e3es J\u00fanior, Rua Jos\u00e9 Simpliciano Alves, Rua Elp\u00eddio Jos\u00e9 dos Reis, Rua General Almerindo da Silva Gomes, Rua \u00c1lvaro Coelho Lemos, Av. Dr. Sime\u00e3o de Faria, Rua Jos\u00e9 Paulino Sobrinho, Rua Ant\u00f4nio Jos\u00e9 Cosso, Rua Monsenhor Francisco de Paula Salgado, Av. Dr. Sime\u00e3o de Faria, Rua Doutor Ant\u00f4nio Mour\u00e3o Guimar\u00e3es, Rua Fel\u00edcio Manoel de Oliveira, Rua Maria C\u00e2ndida de Jesus, Rua Bartolomeu dos Santos, Rua C\u00e9lio Braga de Ara\u00fajo, Rua Bartolomeu dos Santos, Rua Martins Barbosa, Rua Evaristo da Veiga, Rua Henrique Dias, Rua Diogo \u00c1lvares, Rua Tom\u00e9 de Souza, Av. Juscelino Kubitschek, Av. Olavo Bilac, Rua Bernardo Mascarenhas, Rua Professora Violeta Santos, Av. Vereador Laudelino Schettino, Rua Benjamim Guimar\u00e3es, Rua Ant\u00f4nio Fellet, Rua Engenheiro Gentil Forn, Rua Nelson Gomes de Carvalho, Rua Doutor Hameleto Fellet, Rua Engenheiro Gentil Forn, Rua Jos\u00e9 Louren\u00e7o Kelmer, Av. Pedro Henrique Krambeck (Via S\u00e3o Pedro), retornar pr\u00f3ximo ao Hiper Bahamas pela Av. Pedro Henrique Krambeck, Rua Ant\u00f4nio Rufino, Av. Costa e Silva, P\u00f3rtico Norte (UFJF), Anel Vi\u00e1rio da UFJF, Faculdade de Letras, faculdades de Engenharia e Arquitetura, Anel Vi\u00e1rio da UFJF, P\u00f3rtico Sul,, Av. Eug\u00eanio Nascimento, rua local de acesso ao HU\/CAS, faculdades de Medicina e Fisioterapia, Av Eug\u00eanio Nascimento, P\u00f3rtico Sul, Anel Vi\u00e1rio da UFJF, faculdades de Odontologia, Farm\u00e1cia, ICH, Anel Vi\u00e1rio da UFJF, Faculdade de Direito &#8211; Ponto Final.<\/div>\n<p>&nbsp;<\/p>\n<div>Sentido UFJF\/Zona Norte: Faculdade de Letras, faculdades de Engenharia e Arquitetura, Anel Vi\u00e1rio da UFJF, P\u00f3rtico Sul, Av. Eug\u00eanio Nascimento, rua local de acesso ao HU\/CAS, faculdades de Medicina e Fisioterapia, Av Eug\u00eanio Nascimento, P\u00f3rtico Sul, Anel Vi\u00e1rio da UFJF, faculdades de Odontologia, Farm\u00e1cia, ICH, Anel Vi\u00e1rio da UFJF, Faculdade de Direito, Anel Vi\u00e1rio da UFJF, Rua Jos\u00e9 Louren\u00e7o Kelmer&#8230;<\/div>\n","protected":false},"excerpt":{"rendered":"<p>Segundo informa\u00e7\u00f5es do site da Prefeitura de Juiz de Fora (PJF), um esquema especial do transporte coletivo foi preparado pelos t\u00e9cnicos da Secretaria de Mobilidade Urbana (SMU), da Prefeitura de Juiz de Fora (PJF), para atender aos 25.032 candidatos que realizam na cidade as provas do Programa de Ingresso Seletivo Misto (Pism), da Universidade Federal [&hellip;]<\/p>\n","protected":false},"author":246,"featured_media":225874,"comment_status":"closed","ping_status":"closed","sticky":false,"template":"","format":"standard","meta":{"footnotes":""},"categories":[253,436,440,439],"tags":[],"class_list":["post-225873","post","type-post","status-publish","format-standard","has-post-thumbnail","hentry","category-cidade","category-destaque-da-semana","category-destaques-do-dia","category-ultima-hora"],"_links":{"self":[{"href":"https:\/\/diarioregionaldigital.com.br\/index.php?rest_route=\/wp\/v2\/posts\/225873","targetHints":{"allow":["GET"]}}],"collection":[{"href":"https:\/\/diarioregionaldigital.com.br\/index.php?rest_route=\/wp\/v2\/posts"}],"about":[{"href":"https:\/\/diarioregionaldigital.com.br\/index.php?rest_route=\/wp\/v2\/types\/post"}],"author":[{"embeddable":true,"href":"https:\/\/diarioregionaldigital.com.br\/index.php?rest_route=\/wp\/v2\/users\/246"}],"replies":[{"embeddable":true,"href":"https:\/\/diarioregionaldigital.com.br\/index.php?rest_route=%2Fwp%2Fv2%2Fcomments&post=225873"}],"version-history":[{"count":1,"href":"https:\/\/diarioregionaldigital.com.br\/index.php?rest_route=\/wp\/v2\/posts\/225873\/revisions"}],"predecessor-version":[{"id":225875,"href":"https:\/\/diarioregionaldigital.com.br\/index.php?rest_route=\/wp\/v2\/posts\/225873\/revisions\/225875"}],"wp:featuredmedia":[{"embeddable":true,"href":"https:\/\/diarioregionaldigital.com.br\/index.php?rest_route=\/wp\/v2\/media\/225874"}],"wp:attachment":[{"href":"https:\/\/diarioregionaldigital.com.br\/index.php?rest_route=%2Fwp%2Fv2%2Fmedia&parent=225873"}],"wp:term":[{"taxonomy":"category","embeddable":true,"href":"https:\/\/diarioregionaldigital.com.br\/index.php?rest_route=%2Fwp%2Fv2%2Fcategories&post=225873"},{"taxonomy":"post_tag","embeddable":true,"href":"https:\/\/diarioregionaldigital.com.br\/index.php?rest_route=%2Fwp%2Fv2%2Ftags&post=225873"}],"curies":[{"name":"wp","href":"https:\/\/api.w.org\/{rel}","templated":true}]}}