{"id":225870,"date":"2024-12-10T20:01:42","date_gmt":"2024-12-10T23:01:42","guid":{"rendered":"https:\/\/diarioregionaldigital.com.br\/?p=225870"},"modified":"2024-12-10T20:01:42","modified_gmt":"2024-12-10T23:01:42","slug":"jogo-solidario-vai-ter-recreacao-infantil-e-palhacos","status":"publish","type":"post","link":"https:\/\/diarioregionaldigital.com.br\/?p=225870","title":{"rendered":"Jogo Solid\u00e1rio vai ter recrea\u00e7\u00e3o infantil e palha\u00e7os"},"content":{"rendered":"<p>Segundo informa\u00e7\u00f5es do site da Prefeitura de Juiz de Fora (PJF), a crian\u00e7ada est\u00e1 convidada a participar do Jogo Solid\u00e1rio Amigos da Guarda, que acontece no pr\u00f3ximo s\u00e1bado, 14, a partir das 8h, no Est\u00e1dio Municipal Radialista M\u00e1rio Hel\u00eanio. O evento vai contar com recrea\u00e7\u00e3o para os pequenos. Vai ter m\u00fasica, brincadeiras, a presen\u00e7a dos M\u00e9dicos do Barulho, do palha\u00e7o Bolinha e da palha\u00e7a Sissi. A entrada \u00e9 franca. O p\u00fablico pode contribuir com doa\u00e7\u00e3o de alimentos n\u00e3o perec\u00edveis ou caixas de leite.<\/p>\n<div>O Jogo Solid\u00e1rio acontece todo fim de ano, com o prop\u00f3sito de reunir amigos para um bate bola e arrecadar doa\u00e7\u00f5es para entidades beneficentes da cidade. A a\u00e7\u00e3o encaminha todo o volume de alimentos recolhido para o Mesa Brasil do Servi\u00e7o Social do Com\u00e9rcio (Sesc), parceiro do Jogo. Em 2023, a mobiliza\u00e7\u00e3o foi respons\u00e1vel pela entrega de 3 toneladas de g\u00eaneros aliment\u00edcios.<\/div>\n<p>&nbsp;<\/p>\n<div>A a\u00e7\u00e3o institucional tamb\u00e9m marca o anivers\u00e1rio da Guarda Municipal, que completa 16 anos de atua\u00e7\u00e3o cidad\u00e3 em Juiz de Fora no m\u00eas de dezembro. Assim a corpora\u00e7\u00e3o festeja e reafirma seu papel solid\u00e1rio, colaborativo e de defesa da vida. Comemorar e contribuir com quem precisa \u00e9 a regra do jogo.<\/div>\n<p>&nbsp;<\/p>\n<div>A hist\u00f3ria do Jogo Solid\u00e1rio come\u00e7ou como uma brincadeira entre amigos. O futebol j\u00e1 era atividade em comum entre o grupo inicial, mas em 2019, a disputa de bola ganhou finalidade solid\u00e1ria, arrecadando doa\u00e7\u00f5es para o Hospital S\u00e3o Camilo de Lelis, em Santa Luzia. Ap\u00f3s a pandemia, o jogo assumiu definitivamente o car\u00e1ter solid\u00e1rio.<\/div>\n<p>&nbsp;<\/p>\n<div>O evento tem o apoio da Secretaria de Esporte e Lazer (SEL), Funda\u00e7\u00e3o Cultural Alfredo Ferreira Laje (Funalfa), Secretaria de Comunica\u00e7\u00e3o (Secom), do Servi\u00e7o Social do Com\u00e9rcio (Sesc) e do Mesa Brasil.<\/div>\n","protected":false},"excerpt":{"rendered":"<p>Segundo informa\u00e7\u00f5es do site da Prefeitura de Juiz de Fora (PJF), a crian\u00e7ada est\u00e1 convidada a participar do Jogo Solid\u00e1rio Amigos da Guarda, que acontece no pr\u00f3ximo s\u00e1bado, 14, a partir das 8h, no Est\u00e1dio Municipal Radialista M\u00e1rio Hel\u00eanio. O evento vai contar com recrea\u00e7\u00e3o para os pequenos. Vai ter m\u00fasica, brincadeiras, a presen\u00e7a dos [&hellip;]<\/p>\n","protected":false},"author":246,"featured_media":225871,"comment_status":"closed","ping_status":"closed","sticky":false,"template":"","format":"standard","meta":{"footnotes":""},"categories":[253,436,257,439],"tags":[],"class_list":["post-225870","post","type-post","status-publish","format-standard","has-post-thumbnail","hentry","category-cidade","category-destaque-da-semana","category-esporte","category-ultima-hora"],"_links":{"self":[{"href":"https:\/\/diarioregionaldigital.com.br\/index.php?rest_route=\/wp\/v2\/posts\/225870","targetHints":{"allow":["GET"]}}],"collection":[{"href":"https:\/\/diarioregionaldigital.com.br\/index.php?rest_route=\/wp\/v2\/posts"}],"about":[{"href":"https:\/\/diarioregionaldigital.com.br\/index.php?rest_route=\/wp\/v2\/types\/post"}],"author":[{"embeddable":true,"href":"https:\/\/diarioregionaldigital.com.br\/index.php?rest_route=\/wp\/v2\/users\/246"}],"replies":[{"embeddable":true,"href":"https:\/\/diarioregionaldigital.com.br\/index.php?rest_route=%2Fwp%2Fv2%2Fcomments&post=225870"}],"version-history":[{"count":1,"href":"https:\/\/diarioregionaldigital.com.br\/index.php?rest_route=\/wp\/v2\/posts\/225870\/revisions"}],"predecessor-version":[{"id":225872,"href":"https:\/\/diarioregionaldigital.com.br\/index.php?rest_route=\/wp\/v2\/posts\/225870\/revisions\/225872"}],"wp:featuredmedia":[{"embeddable":true,"href":"https:\/\/diarioregionaldigital.com.br\/index.php?rest_route=\/wp\/v2\/media\/225871"}],"wp:attachment":[{"href":"https:\/\/diarioregionaldigital.com.br\/index.php?rest_route=%2Fwp%2Fv2%2Fmedia&parent=225870"}],"wp:term":[{"taxonomy":"category","embeddable":true,"href":"https:\/\/diarioregionaldigital.com.br\/index.php?rest_route=%2Fwp%2Fv2%2Fcategories&post=225870"},{"taxonomy":"post_tag","embeddable":true,"href":"https:\/\/diarioregionaldigital.com.br\/index.php?rest_route=%2Fwp%2Fv2%2Ftags&post=225870"}],"curies":[{"name":"wp","href":"https:\/\/api.w.org\/{rel}","templated":true}]}}