{"id":225867,"date":"2024-12-10T20:00:20","date_gmt":"2024-12-10T23:00:20","guid":{"rendered":"https:\/\/diarioregionaldigital.com.br\/?p=225867"},"modified":"2024-12-10T20:00:20","modified_gmt":"2024-12-10T23:00:20","slug":"premio-do-esporte-mineiro-consagra-avancos-promovidos-pelo-governo-de-minas-em-2024","status":"publish","type":"post","link":"https:\/\/diarioregionaldigital.com.br\/?p=225867","title":{"rendered":"Pr\u00eamio do Esporte Mineiro consagra avan\u00e7os promovidos pelo Governo de Minas em 2024"},"content":{"rendered":"<p>O\u00a0<a id=\"OWA04b64868-3b1b-29c3-b11d-78a028b986b6\" title=\"https:\/\/www.mg.gov.br\/\" href=\"https:\/\/www.mg.gov.br\/\" target=\"_blank\" rel=\"noopener noreferrer\" data-auth=\"NotApplicable\" data-linkindex=\"1\">Governo de Minas<\/a>\u00a0entregou, nessa segunda-feira (9\/12), o Pr\u00eamio do Esporte Mineiro, reconhecendo personalidades que se destacaram na temporada 2024. O evento celebrou ainda os avan\u00e7os promovidos pela\u00a0<a id=\"OWA51c3519f-b5e5-502f-0292-40627d8235b4\" title=\"https:\/\/social.mg.gov.br\/\" href=\"https:\/\/social.mg.gov.br\/\" target=\"_blank\" rel=\"noopener noreferrer\" data-auth=\"NotApplicable\" data-linkindex=\"2\">Secretaria de Estado de Desenvolvimento Social (Sedese)<\/a>\u00a0e o compromisso com pol\u00edticas p\u00fablicas esportivas que transformam vidas.<\/p>\n<figure class=\"image\"><img decoding=\"async\" src=\"https:\/\/www.agenciaminas.mg.gov.br\/ckeditor_assets\/pictures\/22103\/content_1733799466620.jpg\" alt=\"\" \/><figcaption><em><sup>Tiago Ciccarini \/ Divulga\u00e7\u00e3o<\/sup><\/em><\/figcaption><\/figure>\n<p>A Sala Minas Gerais, em Belo Horizonte, recebeu a cerim\u00f4nia que foi transmitida para todo o estado, ao vivo, pela\u00a0<a id=\"OWA9276c4c8-18c3-c8d0-505d-d776833f4436\" title=\"https:\/\/www.agenciaminas.mg.gov.br\/evento\/redeminas.tv\/como-sintonizar\" href=\"https:\/\/www.agenciaminas.mg.gov.br\/evento\/redeminas.tv\/como-sintonizar\" target=\"_blank\" rel=\"noopener noreferrer\" data-auth=\"NotApplicable\" data-linkindex=\"3\">Rede Minas<\/a>\u00a0e\u00a0<a id=\"OWA7186895b-d725-6fe9-bfc0-74aa0338b17c\" title=\"https:\/\/www.inconfidencia.com.br\/\" href=\"https:\/\/www.inconfidencia.com.br\/\" target=\"_blank\" rel=\"noopener noreferrer\" data-auth=\"NotApplicable\" data-linkindex=\"4\">R\u00e1dio Inconfid\u00eancia<\/a>. Ao som da\u00a0Big Band, do Centro de Forma\u00e7\u00e3o Art\u00edstica e Tecnol\u00f3gica da\u00a0<a id=\"OWA349bb462-9880-58e8-b15a-a0bcf5826439\" title=\"https:\/\/fcs.mg.gov.br\/\" href=\"https:\/\/fcs.mg.gov.br\/\" target=\"_blank\" rel=\"noopener noreferrer\" data-auth=\"NotApplicable\" data-linkindex=\"5\">Funda\u00e7\u00e3o Cl\u00f3vis Salgado (Cefart)<\/a>, foram\u00a0homenageados atletas, treinadores, clubes, projetos sociais e iniciativas que promoveram inclus\u00e3o em todas as regi\u00f5es do estado.<\/p>\n<p>O governador Romeu Zema fez quest\u00e3o de participar da festa e enviou um v\u00eddeo exibido logo na abertura do evento. O governador\u00a0refor\u00e7ou a import\u00e2ncia do pr\u00eamio: \u201c\u00c9 uma grande alegria participar desta noite de festa do esporte. Este \u00e9 um evento que enche Minas Gerais de orgulho, porque reconhece o talento e a dedica\u00e7\u00e3o de todos que fazem do esporte mineiro uma refer\u00eancia nacional\u201d, destacou Romeu Zema.<\/p>\n<p>&nbsp;<\/p>\n<table border=\"0\" cellspacing=\"1\" cellpadding=\"1\" align=\"center\">\n<tbody>\n<tr>\n<td colspan=\"5\"><img decoding=\"async\" src=\"https:\/\/www.agenciaminas.mg.gov.br\/ckeditor_assets\/pictures\/20949\/content_2_olho_topo.jpg\" alt=\"\" \/><\/td>\n<\/tr>\n<tr>\n<td><\/td>\n<td colspan=\"3\" rowspan=\"3\">\n<h1><strong>\u201cComemoramos tamb\u00e9m os avan\u00e7os promovidos pelo nosso governo, como a amplia\u00e7\u00e3o da Lei de Incentivo ao Esporte e o fortalecimento do ICMS Esportivo, que est\u00e3o levando mais recursos e oportunidades para projetos em todo o estado. Quero parabenizar todos os ganhadores do pr\u00eamio, que tanto nos orgulham e levam o nome de Minas ao Brasil e ao mundo\u201d, celebrou o governador Romeu Zema.<\/strong><\/h1>\n<\/td>\n<td><\/td>\n<\/tr>\n<tr>\n<td><\/td>\n<td><\/td>\n<\/tr>\n<tr>\n<td><\/td>\n<td><\/td>\n<\/tr>\n<tr>\n<td colspan=\"5\"><img decoding=\"async\" src=\"https:\/\/www.agenciaminas.mg.gov.br\/ckeditor_assets\/pictures\/20950\/content_2_olho_inferior.jpg\" alt=\"\" \/><\/td>\n<\/tr>\n<\/tbody>\n<\/table>\n<p>&nbsp;<\/p>\n<p><strong>Minas esportiva<\/strong><\/p>\n<p>Em 2024, Minas Gerais consolidou sua posi\u00e7\u00e3o como refer\u00eancia para outros estados, por meio da amplia\u00e7\u00e3o de investimentos, apoio a projetos sociais e incentivos a esportistas.<\/p>\n<p>&nbsp;<\/p>\n<p><img decoding=\"async\" src=\"https:\/\/www.agenciaminas.mg.gov.br\/ckeditor_assets\/pictures\/22101\/content_info-pem-1.jpg\" alt=\"\" \/><\/p>\n<p>&nbsp;<\/p>\n<p>&nbsp;<\/p>\n<p>A secret\u00e1ria de Estado de Desenvolvimento Social, Al\u00ea Portela, ressaltou o impacto positivo das a\u00e7\u00f5es promovidas pelo governo estadual em 2024.\u00a0\u201cO Pr\u00eamio do Esporte Mineiro n\u00e3o celebra apenas conquistas, mas tamb\u00e9m o poder que o esporte tem de mudar vidas. Cada hist\u00f3ria de sucesso \u00e9 prova de que estamos no caminho certo. O Governo de Minas segue firme nesse compromisso, investindo em a\u00e7\u00f5es que transformam a realidade de milhares de pessoas\u201d, refor\u00e7ou a secret\u00e1ria.<\/p>\n<p><i>\u00a0<\/i>O subsecret\u00e1rio de Esportes, Tom\u00e1s Mendes, tamb\u00e9m destacou os esfor\u00e7os da Sedese em ampliar o alcance do esporte no estado.<em>\u00a0<\/em>\u201cO PEM 2024 simboliza o trabalho conjunto que temos realizado para impulsionar o esporte em todas as suas dimens\u00f5es e este evento \u00e9 um reflexo do compromisso que temos de levar o esporte a todos os cantos do estado, valorizando o que temos de melhor e criando oportunidades para quem precisa\u201d, pontuou Tom\u00e1s Mendes.<\/p>\n<p><b>Projetos que impulsionam vidas<\/b><\/p>\n<p>Grande parte dos homenageados do Pr\u00eamio do Esporte Mineiro j\u00e1 participou ou ainda participa de programas apoiados pelo Governo de Minas. Entre eles est\u00e3o os N\u00facleos de Fomento ao Paradesporto, os Jogos Escolares de Minas Gerais (Jemg) e os Jogos do Interior de Minas Paradesporto (JimiP).<\/p>\n<p>O t\u00e9cnico Rodrigues Ferreira, da gin\u00e1stica art\u00edstica masculina, \u00e9 um dos beneficiados pelo Bolsa T\u00e9cnico. Homenageado na noite, celebrou a conquista e a import\u00e2ncia do incentivo estadual. \u201cMuito importante receber esse pr\u00eamio, para saber que eu estou no caminho certo. \u00c9 um reconhecimento do meu esfor\u00e7o, do meu trabalho com a gin\u00e1stica da Minas Gerais. S\u00f3 tenho a agradecer pelo apoio da Sedese para a gente poder continuar com esse trabalho\u201d, comemorou o t\u00e9cnico Rodrigo Ferreira.<\/p>\n<p>A entrega do \u201cCertificado do Orgulho Mineiro\u201d foi um dos pontos altos da cerim\u00f4nia, homenageando os atletas e t\u00e9cnicos que representaram o estado nos Jogos Ol\u00edmpicos e Paral\u00edmpicos de Paris. Ao todo, 20 mineiros conquistaram medalhas e 13 deles foram diretamente apoiados pelo Bolsa Atleta e Bolsa T\u00e9cnico do Governo de Minas.<\/p>\n<p>A cerim\u00f4nia tamb\u00e9m prestou homenagens p\u00f3stumas a personalidades marcantes da hist\u00f3ria esportiva de Minas e destacou projetos que usam o esporte como ferramenta de transforma\u00e7\u00e3o social.<\/p>\n<p><b><a href=\"https:\/\/www.agenciaminas.mg.gov.br\/ckeditor_assets\/attachments\/22102\/pem_2024_-_homenageados.pdf\" target=\"_blank\" rel=\"noopener\">Confira aqui<\/a>\u00a0<\/b>a lista dos homenageados.<\/p>\n<p><b>\u00a0<u><a id=\"OWAf0c10c8e-d895-d7bb-e4b9-028c80ebe5dc\" title=\"https:\/\/www.youtube.com\/watch?v=xQX7zFeFD1M\" href=\"https:\/\/www.youtube.com\/watch?v=xQX7zFeFD1M\" target=\"_blank\" rel=\"noreferrer noopener\" data-auth=\"NotApplicable\" data-linkindex=\"6\">Assista \u00e0<\/a><\/u><\/b><b>\u00a0cerim\u00f4nia na \u00edntegra.<\/p>\n<p><\/b>Fonte: Ag\u00eancia Minas<\/p>\n<p>&nbsp;<\/p>\n","protected":false},"excerpt":{"rendered":"<p>O\u00a0Governo de Minas\u00a0entregou, nessa segunda-feira (9\/12), o Pr\u00eamio do Esporte Mineiro, reconhecendo personalidades que se destacaram na temporada 2024. O evento celebrou ainda os avan\u00e7os promovidos pela\u00a0Secretaria de Estado de Desenvolvimento Social (Sedese)\u00a0e o compromisso com pol\u00edticas p\u00fablicas esportivas que transformam vidas. Tiago Ciccarini \/ Divulga\u00e7\u00e3o A Sala Minas Gerais, em Belo Horizonte, recebeu a [&hellip;]<\/p>\n","protected":false},"author":246,"featured_media":225868,"comment_status":"closed","ping_status":"closed","sticky":false,"template":"","format":"standard","meta":{"footnotes":""},"categories":[436,440,261,257,254,439],"tags":[],"class_list":["post-225867","post","type-post","status-publish","format-standard","has-post-thumbnail","hentry","category-destaque-da-semana","category-destaques-do-dia","category-economia","category-esporte","category-politica","category-ultima-hora"],"_links":{"self":[{"href":"https:\/\/diarioregionaldigital.com.br\/index.php?rest_route=\/wp\/v2\/posts\/225867","targetHints":{"allow":["GET"]}}],"collection":[{"href":"https:\/\/diarioregionaldigital.com.br\/index.php?rest_route=\/wp\/v2\/posts"}],"about":[{"href":"https:\/\/diarioregionaldigital.com.br\/index.php?rest_route=\/wp\/v2\/types\/post"}],"author":[{"embeddable":true,"href":"https:\/\/diarioregionaldigital.com.br\/index.php?rest_route=\/wp\/v2\/users\/246"}],"replies":[{"embeddable":true,"href":"https:\/\/diarioregionaldigital.com.br\/index.php?rest_route=%2Fwp%2Fv2%2Fcomments&post=225867"}],"version-history":[{"count":1,"href":"https:\/\/diarioregionaldigital.com.br\/index.php?rest_route=\/wp\/v2\/posts\/225867\/revisions"}],"predecessor-version":[{"id":225869,"href":"https:\/\/diarioregionaldigital.com.br\/index.php?rest_route=\/wp\/v2\/posts\/225867\/revisions\/225869"}],"wp:featuredmedia":[{"embeddable":true,"href":"https:\/\/diarioregionaldigital.com.br\/index.php?rest_route=\/wp\/v2\/media\/225868"}],"wp:attachment":[{"href":"https:\/\/diarioregionaldigital.com.br\/index.php?rest_route=%2Fwp%2Fv2%2Fmedia&parent=225867"}],"wp:term":[{"taxonomy":"category","embeddable":true,"href":"https:\/\/diarioregionaldigital.com.br\/index.php?rest_route=%2Fwp%2Fv2%2Fcategories&post=225867"},{"taxonomy":"post_tag","embeddable":true,"href":"https:\/\/diarioregionaldigital.com.br\/index.php?rest_route=%2Fwp%2Fv2%2Ftags&post=225867"}],"curies":[{"name":"wp","href":"https:\/\/api.w.org\/{rel}","templated":true}]}}