{"id":225864,"date":"2024-12-10T19:58:09","date_gmt":"2024-12-10T22:58:09","guid":{"rendered":"https:\/\/diarioregionaldigital.com.br\/?p=225864"},"modified":"2024-12-10T19:58:09","modified_gmt":"2024-12-10T22:58:09","slug":"parceria-entre-bdmg-e-caf-garante-r-13-bilhao-para-impulsionar-eficiencia-energetica-e-financiamento-verde","status":"publish","type":"post","link":"https:\/\/diarioregionaldigital.com.br\/?p=225864","title":{"rendered":"Parceria entre BDMG e CAF garante R$ 1,3 bilh\u00e3o para impulsionar efici\u00eancia energ\u00e9tica e financiamento verde"},"content":{"rendered":"<p>O\u00a0<a href=\"https:\/\/www.mg.gov.br\/\" target=\"_blank\" rel=\"noopener\">Governo de Minas<\/a>, por meio do\u00a0<a href=\"https:\/\/www.bdmg.mg.gov.br\/\" target=\"_blank\" rel=\"noopener\">Banco de Desenvolvimento de Minas Gerais (BDMG)<\/a>, assinou a capta\u00e7\u00e3o de US$ 220 milh\u00f5es, cerca de R$ 1,3 bilh\u00e3o, com o CAF &#8211; Banco de Desenvolvimento da Am\u00e9rica Latina e Caribe.<\/p>\n<p>A opera\u00e7\u00e3o, anunciada nesta ter\u00e7a-feira (10\/12), representa um marco importante na rela\u00e7\u00e3o entre as institui\u00e7\u00f5es, com o maior volume j\u00e1 captado pelo BDMG e a primeira no modelo A\/B loan realizada pelo CAF no pa\u00eds com um banco de fomento.<\/p>\n<p>A opera\u00e7\u00e3o contou com a participa\u00e7\u00e3o de destacadas institui\u00e7\u00f5es como Banco Continental, Banco do Brasil, Cargill, Eco.business Fund, Global Climate Partnership Fund e responsAbility.<\/p>\n<p>Com este financiamento, ser\u00e3o impulsionados projetos estrat\u00e9gicos que apoiar\u00e3o o powershoring, a sustentabilidade, a efici\u00eancia energ\u00e9tica e o crescimento sustent\u00e1vel e inclusivo, incluindo micro e pequenos neg\u00f3cios, e prefeituras.<\/p>\n<p>Para o secret\u00e1rio de Estado de\u00a0<a href=\"https:\/\/desenvolvimento.mg.gov.br\/\" target=\"_blank\" rel=\"noopener\">Desenvolvimento Econ\u00f4mico de Minas Gerais<\/a>, Fernando Passalio, os recursos fortalecem um dos principais pilares da gest\u00e3o do governador Romeu Zema: incentivar uma economia respons\u00e1vel, alinhada com o meio ambiente.<\/p>\n<table border=\"0\" cellspacing=\"1\" cellpadding=\"1\" align=\"center\">\n<tbody>\n<tr>\n<td colspan=\"5\"><img decoding=\"async\" src=\"https:\/\/www.agenciaminas.mg.gov.br\/ckeditor_assets\/pictures\/20949\/content_2_olho_topo.jpg\" alt=\"\" \/><\/td>\n<\/tr>\n<tr>\n<td><\/td>\n<td colspan=\"3\" rowspan=\"3\">\n<h1><strong>&#8220;Essa capta\u00e7\u00e3o hist\u00f3rica vai propiciar uma maior oferta de linhas de cr\u00e9dito a quem gera emprego e renda em Minas e, ao mesmo tempo, refor\u00e7ar o compromisso do Governo de Minas em tornar o estado o melhor para se investir hoje no Pa\u00eds, baseado em um crescimento econ\u00f4mico verde&#8221;, ressaltou Fernando Passalio.<\/strong><\/h1>\n<\/td>\n<td><\/td>\n<\/tr>\n<tr>\n<td><\/td>\n<td><\/td>\n<\/tr>\n<tr>\n<td><\/td>\n<td><\/td>\n<\/tr>\n<tr>\n<td colspan=\"5\"><img decoding=\"async\" src=\"https:\/\/www.agenciaminas.mg.gov.br\/ckeditor_assets\/pictures\/20950\/content_2_olho_inferior.jpg\" alt=\"\" \/><\/td>\n<\/tr>\n<\/tbody>\n<\/table>\n<p><strong>Diversifica\u00e7\u00e3o dos fundings<\/strong><\/p>\n<p>Segundo o presidente do BDMG, Gabriel Vi\u00e9gas Neto, a parceria com o CAF segue a estrat\u00e9gia da institui\u00e7\u00e3o de diversifica\u00e7\u00e3o dos fundings.<\/p>\n<p>Nesta transa\u00e7\u00e3o em formato A\/B loan, o banco da Am\u00e9rica Latina e Caribe atraiu institui\u00e7\u00f5es e fundos internacionais interessados em investir e, por consequ\u00eancia, apoiar iniciativas sustent\u00e1veis no estado.<\/p>\n<p>Entre os investidores, dois deles iniciaram seus investimentos no Brasil pela primeira vez a partir deste contrato.<\/p>\n<p>\u201cEssa capta\u00e7\u00e3o refor\u00e7a a governan\u00e7a e solidez do BDMG no mercado internacional. Na pr\u00e1tica, esses valores ser\u00e3o disponibilizados para os empreendedores mineiros e prefeituras a partir de linhas de cr\u00e9dito\u201d, disse.<\/p>\n<table border=\"0\" cellspacing=\"1\" cellpadding=\"1\" align=\"center\">\n<tbody>\n<tr>\n<td colspan=\"5\"><img decoding=\"async\" src=\"https:\/\/www.agenciaminas.mg.gov.br\/ckeditor_assets\/pictures\/20949\/content_2_olho_topo.jpg\" alt=\"\" \/><\/td>\n<\/tr>\n<tr>\n<td><\/td>\n<td colspan=\"3\" rowspan=\"3\">\n<h1><strong>\u201cO ganho n\u00e3o \u00e9 s\u00f3 para os empreendedores, mas para toda a sociedade. Afinal, os investimentos que ser\u00e3o realizados pelos empres\u00e1rios geram mais emprego, renda e, consequentemente, melhoram a qualidade de vida\u201d, enfatizou Gabriel Vi\u00e9gas Neto.<\/strong><\/h1>\n<\/td>\n<td><\/td>\n<\/tr>\n<tr>\n<td><\/td>\n<td><\/td>\n<\/tr>\n<tr>\n<td><\/td>\n<td><\/td>\n<\/tr>\n<tr>\n<td colspan=\"5\"><img decoding=\"async\" src=\"https:\/\/www.agenciaminas.mg.gov.br\/ckeditor_assets\/pictures\/20950\/content_2_olho_inferior.jpg\" alt=\"\" \/><\/td>\n<\/tr>\n<\/tbody>\n<\/table>\n<p>\u201cO BDMG \u00e9 um aliado chave para o CAF no Brasil e, com este novo empr\u00e9stimo A\/B, estamos promovendo investimentos que incentivar\u00e3o uma economia mais resiliente e sustent\u00e1vel no estado de Minas Gerais. Este financiamento fortalecer\u00e1 as capacidades do estado para enfrentar os desafios clim\u00e1ticos, ao mesmo tempo que apoia o crescimento econ\u00f4mico de longo prazo&#8221;, concluiu o presidente executivo do CAF, Sergio D\u00edaz-Granados.<\/p>\n<p>Com esta opera\u00e7\u00e3o, o CAF consolida sua posi\u00e7\u00e3o como um ator central na mobiliza\u00e7\u00e3o de recursos para o desenvolvimento na Am\u00e9rica Latina e Caribe, reafirmando sua lideran\u00e7a na estrutura\u00e7\u00e3o de solu\u00e7\u00f5es financeiras inovadoras que promovam um crescimento econ\u00f4mico inclusivo e sustent\u00e1vel.<\/p>\n<p><strong>Economia verde<\/strong><\/p>\n<p>O BDMG bateu recorde no volume de capta\u00e7\u00f5es em 2024, chegando a R$ 2,7 bilh\u00f5es at\u00e9 novembro. Este montante \u00e9 94% superior a todo aquele captado ao longo do ano de 2023, de R$ 1,4 bilh\u00e3o.<\/p>\n<p>Ao diversificar as fontes de recursos, o banco consegue acessar funding cada vez mais aderentes \u00e0 necessidade dos investidores mineiros e, assim, oferecer cr\u00e9dito em melhores condi\u00e7\u00f5es, como, por exemplo, prazos maiores, que promova a industrializa\u00e7\u00e3o verde em Minas Gerais e no Brasil, apoiando ainda mais a sociedade mineira.<\/p>\n<p>A expectativa do BDMG \u00e9 aplicar os recursos da capta\u00e7\u00e3o em iniciativas relacionadas \u00e0 sustentabilidade, como a realizada pela empresa Shimada Agroneg\u00f3cio, de S\u00e3o Gotardo, no Alto Parana\u00edba, que contratou R$ 24,6 milh\u00f5es para melhorias do solo a partir de uma agricultura regenerativa.<\/p>\n<p>A companhia produz 49 mil toneladas de cenoura, alho, abacate e beterraba por ano e est\u00e1 aplicando o cr\u00e9dito no modelo de rota\u00e7\u00e3o de culturas, com a compra e multiplica\u00e7\u00e3o de micro-organismos ben\u00e9ficos, aquisi\u00e7\u00e3o de sementes, entre outros.<\/p>\n<p>O gerente administrativo Virmondes Bomtempo J\u00fanior explica que o neg\u00f3cio se torna mais lucrativo quando se investe na fertilidade do solo, o que deixa as plantas mais resistentes e, consequentemente, reduz o uso de defensivos.<\/p>\n<p>\u201cNeste momento, estamos terminando de colher a beterraba e o alho e, ao inv\u00e9s de plantar soja nessas \u00e1reas para evitar a vac\u00e2ncia de terra, optamos por investir na rota\u00e7\u00e3o de cultura com braqui\u00e1ria e aplica\u00e7\u00e3o de microrganismos ben\u00e9ficos, buscando o equil\u00edbrio biol\u00f3gico do solo. N\u00e3o estamos perdendo dinheiro, mas investindo para ter competitividade produtiva no longo prazo\u201d, afirma Bomtempo.<\/p>\n<p>Fonte: Ag\u00eancia Minas<\/p>\n","protected":false},"excerpt":{"rendered":"<p>O\u00a0Governo de Minas, por meio do\u00a0Banco de Desenvolvimento de Minas Gerais (BDMG), assinou a capta\u00e7\u00e3o de US$ 220 milh\u00f5es, cerca de R$ 1,3 bilh\u00e3o, com o CAF &#8211; Banco de Desenvolvimento da Am\u00e9rica Latina e Caribe. A opera\u00e7\u00e3o, anunciada nesta ter\u00e7a-feira (10\/12), representa um marco importante na rela\u00e7\u00e3o entre as institui\u00e7\u00f5es, com o maior volume [&hellip;]<\/p>\n","protected":false},"author":246,"featured_media":225865,"comment_status":"closed","ping_status":"closed","sticky":false,"template":"","format":"standard","meta":{"footnotes":""},"categories":[436,440,261,254,252,439],"tags":[],"class_list":["post-225864","post","type-post","status-publish","format-standard","has-post-thumbnail","hentry","category-destaque-da-semana","category-destaques-do-dia","category-economia","category-politica","category-regiao","category-ultima-hora"],"_links":{"self":[{"href":"https:\/\/diarioregionaldigital.com.br\/index.php?rest_route=\/wp\/v2\/posts\/225864","targetHints":{"allow":["GET"]}}],"collection":[{"href":"https:\/\/diarioregionaldigital.com.br\/index.php?rest_route=\/wp\/v2\/posts"}],"about":[{"href":"https:\/\/diarioregionaldigital.com.br\/index.php?rest_route=\/wp\/v2\/types\/post"}],"author":[{"embeddable":true,"href":"https:\/\/diarioregionaldigital.com.br\/index.php?rest_route=\/wp\/v2\/users\/246"}],"replies":[{"embeddable":true,"href":"https:\/\/diarioregionaldigital.com.br\/index.php?rest_route=%2Fwp%2Fv2%2Fcomments&post=225864"}],"version-history":[{"count":1,"href":"https:\/\/diarioregionaldigital.com.br\/index.php?rest_route=\/wp\/v2\/posts\/225864\/revisions"}],"predecessor-version":[{"id":225866,"href":"https:\/\/diarioregionaldigital.com.br\/index.php?rest_route=\/wp\/v2\/posts\/225864\/revisions\/225866"}],"wp:featuredmedia":[{"embeddable":true,"href":"https:\/\/diarioregionaldigital.com.br\/index.php?rest_route=\/wp\/v2\/media\/225865"}],"wp:attachment":[{"href":"https:\/\/diarioregionaldigital.com.br\/index.php?rest_route=%2Fwp%2Fv2%2Fmedia&parent=225864"}],"wp:term":[{"taxonomy":"category","embeddable":true,"href":"https:\/\/diarioregionaldigital.com.br\/index.php?rest_route=%2Fwp%2Fv2%2Fcategories&post=225864"},{"taxonomy":"post_tag","embeddable":true,"href":"https:\/\/diarioregionaldigital.com.br\/index.php?rest_route=%2Fwp%2Fv2%2Ftags&post=225864"}],"curies":[{"name":"wp","href":"https:\/\/api.w.org\/{rel}","templated":true}]}}