{"id":225861,"date":"2024-12-10T19:56:50","date_gmt":"2024-12-10T22:56:50","guid":{"rendered":"https:\/\/diarioregionaldigital.com.br\/?p=225861"},"modified":"2024-12-10T19:56:50","modified_gmt":"2024-12-10T22:56:50","slug":"governo-de-minas-premia-escolas-destaques-de-2024-no-programa-jovens-mineiros-sustentaveis","status":"publish","type":"post","link":"https:\/\/diarioregionaldigital.com.br\/?p=225861","title":{"rendered":"Governo de Minas premia escolas destaques de 2024 no programa Jovens Mineiros Sustent\u00e1veis"},"content":{"rendered":"<p>O\u00a0<a href=\"https:\/\/www.mg.gov.br\/\" target=\"_blank\" rel=\"noopener\">Governo de Minas<\/a>\u00a0premiou, nesta ter\u00e7a-feira (10\/12), escolas que se destacaram em 2024 no programa Jovens Mineiros Sustent\u00e1veis (JMS), que consiste em um conjunto de atividades de educa\u00e7\u00e3o ambiental e humanit\u00e1ria. A cerim\u00f4nia, realizada na Escola de Forma\u00e7\u00e3o e Aperfei\u00e7oamento de Sargentos, da\u00a0<a href=\"https:\/\/www.policiamilitar.mg.gov.br\/\" target=\"_blank\" rel=\"noopener\">Pol\u00edcia Militar de Minas Gerais (PMMG)<\/a>, reconheceu dez institui\u00e7\u00f5es municipais e tr\u00eas unidades do Col\u00e9gio Tiradentes, que obtiveram o melhor desempenho na execu\u00e7\u00e3o das atividades durante este ano.<\/p>\n<p>A proposta do JMS \u00e9 capacitar educadores, ao disponibilizar cursos sobre educa\u00e7\u00e3o ambiental, al\u00e9m de formar alunos do 5\u00ba ano do ensino fundamental em diversas \u00e1reas sobre o tema, como consumo consciente de \u00e1gua e energia, cidadania, educa\u00e7\u00e3o humanit\u00e1ria para bem-estar dos animais dom\u00e9sticos e silvestres, gest\u00e3o sustent\u00e1vel de res\u00edduos s\u00f3lidos, florestas e clima.<\/p>\n<p>O programa \u00e9 desenvolvido pela\u00a0<a href=\"https:\/\/meioambiente.mg.gov.br\/\" target=\"_blank\" rel=\"noopener\">Secretaria de Estado de Meio Ambiente e Desenvolvimento Sustent\u00e1vel (Semad)<\/a>, em parceria com as prefeituras municipais e com o Comando-Geral do Col\u00e9gio Tiradentes, da PMMG. A secret\u00e1ria de Estado de Meio Ambiente e Desenvolvimento Sustent\u00e1vel, Mar\u00edlia Melo, ressaltou que o programa aborda todas as concep\u00e7\u00f5es da \u00e1rea ambiental e agradeceu o comprometimento da comunidade escolar em 2024.<\/p>\n<table border=\"0\" cellspacing=\"1\" cellpadding=\"1\" align=\"center\">\n<tbody>\n<tr>\n<td colspan=\"5\"><img decoding=\"async\" src=\"https:\/\/www.agenciaminas.mg.gov.br\/ckeditor_assets\/pictures\/20949\/content_2_olho_topo.jpg\" alt=\"\" \/><\/td>\n<\/tr>\n<tr>\n<td><\/td>\n<td colspan=\"3\" rowspan=\"3\">\n<h1><strong>&#8220;O Jovens Mineiros Sustent\u00e1veis \u00e9 um sucesso pela execu\u00e7\u00e3o e engajamento de cada um dos diretores de escolas, dos prefeitos e, especialmente, dos professores que, com muito afinco e carinho, levam a metodologia e trazem propostas que aprimoram o programa&#8221;, afirmou Mar\u00edlia Melo.<\/strong><\/h1>\n<\/td>\n<td><\/td>\n<\/tr>\n<tr>\n<td><\/td>\n<td><\/td>\n<\/tr>\n<tr>\n<td><\/td>\n<td><\/td>\n<\/tr>\n<tr>\n<td colspan=\"5\"><img decoding=\"async\" src=\"https:\/\/www.agenciaminas.mg.gov.br\/ckeditor_assets\/pictures\/20950\/content_2_olho_inferior.jpg\" alt=\"\" \/><\/td>\n<\/tr>\n<\/tbody>\n<\/table>\n<p>As unidades de ensino premiadas precisaram cumprir alguns crit\u00e9rios, como o desenvolvimento de 100% das atividades obrigat\u00f3rias, sem qualquer inconsist\u00eancia, com cada atividade valendo uma determinada pontua\u00e7\u00e3o. Tamb\u00e9m foram levadas em conta a avalia\u00e7\u00e3o de gestores da Semad e a realiza\u00e7\u00e3o de a\u00e7\u00f5es extras e facultativas por parte das institui\u00e7\u00f5es.<\/p>\n<p><strong>Escolas premiadas<\/strong><\/p>\n<p>Como o Col\u00e9gio Tiradentes ingressou no programa no segundo semestre de 2024, a premia\u00e7\u00e3o deste ano foi dividida em duas categorias: as institui\u00e7\u00f5es de ensino geridas pela PMMG e as prefeituras municipais.<\/p>\n<p>Entre as unidades do Col\u00e9gio Tiradentes, a que mais se destacou foi a de Vespasiano, seguida das de Barbacena e Patos de Minas. \u201cNo Jovens Mineiros Sustent\u00e1veis, estamos plantando as sementes mediante a\u00e7\u00e3o de milhares de estudantes de ensino fundamental, cuidando e zelando pelo futuro dessas e das pr\u00f3ximas gera\u00e7\u00f5es\u201d, observou o subdiretor de Educa\u00e7\u00e3o Escolar da PMMG, tenente-coronel Leonardo Castro.<\/p>\n<p>Na categoria Prefeituras Municipais, a unidade que mais se destacou no Jovens Mineiros Sustent\u00e1veis foi a Escola Municipal Professor Paulo Jos\u00e9 Andery, localizada em Bueno Brand\u00e3o. Em seguida, duas institui\u00e7\u00f5es de ensino de Barbacena aparecem na lista: Escola Municipal Jovelino Jacinto Furtado e Escola Municipal Alberto Corr\u00eaa.<\/p>\n<p>\u201cVencer \u00e9 uma consequ\u00eancia do trabalho, mas o mais importante \u00e9 conscientizar e educar as nossas crian\u00e7as para que possamos ter um mundo melhor para o resto das nossas vidas\u201d, disse o prefeito de Bueno Brand\u00e3o, Silvio Ant\u00f4nio F\u00e9lix, que representou todos os gestores municipais na cerim\u00f4nia.<\/p>\n<figure class=\"image\"><img decoding=\"async\" src=\"https:\/\/www.agenciaminas.mg.gov.br\/ckeditor_assets\/pictures\/22105\/content_premiojms2.jpg\" alt=\"\" \/><figcaption><sub><em>Robson Santos \/ Sisema<\/em><\/sub><\/figcaption><\/figure>\n<p><strong>Coloca\u00e7\u00e3o das escolas municipais no JMS 2024<\/strong><\/p>\n<ul>\n<li>1\u00ba &#8211; E.M Professor Paulo Jos\u00e9 Andery (Bueno Brand\u00e3o)<\/li>\n<li>2\u00ba &#8211; E.M Jovelino Jacinto Furtado (Barbacena)<\/li>\n<li>3\u00ba &#8211; E.M Alberto Corr\u00eaa (Barbacena)<\/li>\n<li>4\u00ba &#8211; E.M Dona Mosa (Manga)<\/li>\n<li>5\u00ba &#8211; E.M Padre Ricardo Tritscheler &#8211; CAIC (Manga)<\/li>\n<li>6\u00ba &#8211; E.M Padre Celso de Carvalho (Curvelo)<\/li>\n<li>7\u00ba &#8211; E.M Sagrado Cora\u00e7\u00e3o de Jesus (Iguatama)<\/li>\n<li>8\u00ba &#8211; E.M Coronel Jos\u00e9 Garcia Pereira (Iguatama)<\/li>\n<li>9\u00ba &#8211; E.M Professor Augusto Amarante (Carangola)<\/li>\n<li>10\u00ba &#8211; E.M Jalira Luccesi de Miranda (Diamantina)<\/li>\n<\/ul>\n<p><strong>Gestores destaque<\/strong><\/p>\n<p>Al\u00e9m das escolas, gestores indicados para acompanhamento e coordena\u00e7\u00e3o do programa tamb\u00e9m foram premiados. O papel deles no programa \u00e9 orientar as escolas e professores, al\u00e9m de ser multiplicadores das tem\u00e1ticas desenvolvidas no programa para todo o munic\u00edpio.<\/p>\n<p>Entre as prefeituras, foram premiadas a gestora do munic\u00edpio de Manga, Aline Cristina Vieira Cruz, Cleide Nilza C\u00e2ndido, de Mateus Leme, e Nilda Moreira de Paiva, de Barbacena. J\u00e1 na categoria Col\u00e9gio Tiradentes, as coordenadoras pedag\u00f3gicas de Belo Horizonte, Eliane Arantes Mendon\u00e7a Filho e Tatiane Krempser Gandra, se destacaram neste ano.<\/p>\n<p>Fonte: Ag\u00eancia Minas<\/p>\n","protected":false},"excerpt":{"rendered":"<p>O\u00a0Governo de Minas\u00a0premiou, nesta ter\u00e7a-feira (10\/12), escolas que se destacaram em 2024 no programa Jovens Mineiros Sustent\u00e1veis (JMS), que consiste em um conjunto de atividades de educa\u00e7\u00e3o ambiental e humanit\u00e1ria. A cerim\u00f4nia, realizada na Escola de Forma\u00e7\u00e3o e Aperfei\u00e7oamento de Sargentos, da\u00a0Pol\u00edcia Militar de Minas Gerais (PMMG), reconheceu dez institui\u00e7\u00f5es municipais e tr\u00eas unidades do [&hellip;]<\/p>\n","protected":false},"author":246,"featured_media":225862,"comment_status":"closed","ping_status":"closed","sticky":false,"template":"","format":"standard","meta":{"footnotes":""},"categories":[436,440,261,254,252,439],"tags":[],"class_list":["post-225861","post","type-post","status-publish","format-standard","has-post-thumbnail","hentry","category-destaque-da-semana","category-destaques-do-dia","category-economia","category-politica","category-regiao","category-ultima-hora"],"_links":{"self":[{"href":"https:\/\/diarioregionaldigital.com.br\/index.php?rest_route=\/wp\/v2\/posts\/225861","targetHints":{"allow":["GET"]}}],"collection":[{"href":"https:\/\/diarioregionaldigital.com.br\/index.php?rest_route=\/wp\/v2\/posts"}],"about":[{"href":"https:\/\/diarioregionaldigital.com.br\/index.php?rest_route=\/wp\/v2\/types\/post"}],"author":[{"embeddable":true,"href":"https:\/\/diarioregionaldigital.com.br\/index.php?rest_route=\/wp\/v2\/users\/246"}],"replies":[{"embeddable":true,"href":"https:\/\/diarioregionaldigital.com.br\/index.php?rest_route=%2Fwp%2Fv2%2Fcomments&post=225861"}],"version-history":[{"count":1,"href":"https:\/\/diarioregionaldigital.com.br\/index.php?rest_route=\/wp\/v2\/posts\/225861\/revisions"}],"predecessor-version":[{"id":225863,"href":"https:\/\/diarioregionaldigital.com.br\/index.php?rest_route=\/wp\/v2\/posts\/225861\/revisions\/225863"}],"wp:featuredmedia":[{"embeddable":true,"href":"https:\/\/diarioregionaldigital.com.br\/index.php?rest_route=\/wp\/v2\/media\/225862"}],"wp:attachment":[{"href":"https:\/\/diarioregionaldigital.com.br\/index.php?rest_route=%2Fwp%2Fv2%2Fmedia&parent=225861"}],"wp:term":[{"taxonomy":"category","embeddable":true,"href":"https:\/\/diarioregionaldigital.com.br\/index.php?rest_route=%2Fwp%2Fv2%2Fcategories&post=225861"},{"taxonomy":"post_tag","embeddable":true,"href":"https:\/\/diarioregionaldigital.com.br\/index.php?rest_route=%2Fwp%2Fv2%2Ftags&post=225861"}],"curies":[{"name":"wp","href":"https:\/\/api.w.org\/{rel}","templated":true}]}}