{"id":225855,"date":"2024-12-09T20:40:01","date_gmt":"2024-12-09T23:40:01","guid":{"rendered":"https:\/\/diarioregionaldigital.com.br\/?p=225855"},"modified":"2024-12-09T20:40:01","modified_gmt":"2024-12-09T23:40:01","slug":"prefeita-margarida-salomao-inaugura-quadra-poliesportiva-da-e-m-amelia-mascarenhas","status":"publish","type":"post","link":"https:\/\/diarioregionaldigital.com.br\/?p=225855","title":{"rendered":"Prefeita Margarida Salom\u00e3o inaugura quadra poliesportiva da E.M. Am\u00e9lia Mascarenhas"},"content":{"rendered":"<p>Segundo informa\u00e7\u00f5es do site da Prefeitura de Juiz de Fora (PJF), a prefeita Margarida Salom\u00e3o inaugurou no \u00faltimo s\u00e1bado, 7, a quadra poliesportiva da Escola Municipal Am\u00e9lia Mascarenhas, no bairro S\u00e3o Bernardo, regi\u00e3o leste da cidade. \u201c\u00c9 uma quadra das mais bonitas de todas as escolas de Juiz de Fora\u201d, frisou a prefeita durante o evento que marcou a edi\u00e7\u00e3o especial do Rua de Brincar.<\/p>\n<p>&nbsp;<\/p>\n<div>Margarida destacou que a quadra representa uma ferramenta pedag\u00f3gica, salientando que educa\u00e7\u00e3o n\u00e3o se restringe \u00e0s salas de aula. \u201cA quadra \u00e9 um lugar muito importante para as pessoas se formarem. Aqui elas aprendem a jogar, a brincar, a disputar, a ganhar e a perder.\u201d<\/div>\n<p>&nbsp;<\/p>\n<div>A quadra beneficiar\u00e1 quase 600 estudantes da E. M. Am\u00e9lia Mascarenhas. Al\u00e9m disso, toda a \u00e1rea do entorno tamb\u00e9m foi revitalizada com passeios e espa\u00e7o de conviv\u00eancia para a comunidade, onde bancos e mesas para jogos foram instalados.<\/div>\n<p>&nbsp;<\/p>\n<div>Com quase mil metros quadrados, a quadra poliesportiva foi constru\u00edda em um terreno abandonado. O novo equipamento urbano conta com alambrado, cobertura em telha met\u00e1lica, piso intertravado, rampa com corrim\u00e3o e ilumina\u00e7\u00e3o em LED, e contou com a emenda do vereador Tiago Bonec\u00e3o para cobrir parte dos custos da obra.<\/div>\n","protected":false},"excerpt":{"rendered":"<p>Segundo informa\u00e7\u00f5es do site da Prefeitura de Juiz de Fora (PJF), a prefeita Margarida Salom\u00e3o inaugurou no \u00faltimo s\u00e1bado, 7, a quadra poliesportiva da Escola Municipal Am\u00e9lia Mascarenhas, no bairro S\u00e3o Bernardo, regi\u00e3o leste da cidade. \u201c\u00c9 uma quadra das mais bonitas de todas as escolas de Juiz de Fora\u201d, frisou a prefeita durante o [&hellip;]<\/p>\n","protected":false},"author":246,"featured_media":225856,"comment_status":"closed","ping_status":"closed","sticky":false,"template":"","format":"standard","meta":{"footnotes":""},"categories":[253,436,440,439],"tags":[],"class_list":["post-225855","post","type-post","status-publish","format-standard","has-post-thumbnail","hentry","category-cidade","category-destaque-da-semana","category-destaques-do-dia","category-ultima-hora"],"_links":{"self":[{"href":"https:\/\/diarioregionaldigital.com.br\/index.php?rest_route=\/wp\/v2\/posts\/225855","targetHints":{"allow":["GET"]}}],"collection":[{"href":"https:\/\/diarioregionaldigital.com.br\/index.php?rest_route=\/wp\/v2\/posts"}],"about":[{"href":"https:\/\/diarioregionaldigital.com.br\/index.php?rest_route=\/wp\/v2\/types\/post"}],"author":[{"embeddable":true,"href":"https:\/\/diarioregionaldigital.com.br\/index.php?rest_route=\/wp\/v2\/users\/246"}],"replies":[{"embeddable":true,"href":"https:\/\/diarioregionaldigital.com.br\/index.php?rest_route=%2Fwp%2Fv2%2Fcomments&post=225855"}],"version-history":[{"count":1,"href":"https:\/\/diarioregionaldigital.com.br\/index.php?rest_route=\/wp\/v2\/posts\/225855\/revisions"}],"predecessor-version":[{"id":225857,"href":"https:\/\/diarioregionaldigital.com.br\/index.php?rest_route=\/wp\/v2\/posts\/225855\/revisions\/225857"}],"wp:featuredmedia":[{"embeddable":true,"href":"https:\/\/diarioregionaldigital.com.br\/index.php?rest_route=\/wp\/v2\/media\/225856"}],"wp:attachment":[{"href":"https:\/\/diarioregionaldigital.com.br\/index.php?rest_route=%2Fwp%2Fv2%2Fmedia&parent=225855"}],"wp:term":[{"taxonomy":"category","embeddable":true,"href":"https:\/\/diarioregionaldigital.com.br\/index.php?rest_route=%2Fwp%2Fv2%2Fcategories&post=225855"},{"taxonomy":"post_tag","embeddable":true,"href":"https:\/\/diarioregionaldigital.com.br\/index.php?rest_route=%2Fwp%2Fv2%2Ftags&post=225855"}],"curies":[{"name":"wp","href":"https:\/\/api.w.org\/{rel}","templated":true}]}}