{"id":225852,"date":"2024-12-09T20:39:07","date_gmt":"2024-12-09T23:39:07","guid":{"rendered":"https:\/\/diarioregionaldigital.com.br\/?p=225852"},"modified":"2024-12-09T20:39:07","modified_gmt":"2024-12-09T23:39:07","slug":"pjf-promove-atracoes-musicais-em-espacos-decorados-pelos-sonhos-de-natal","status":"publish","type":"post","link":"https:\/\/diarioregionaldigital.com.br\/?p=225852","title":{"rendered":"PJF promove atra\u00e7\u00f5es musicais em espa\u00e7os decorados pelos Sonhos de Natal"},"content":{"rendered":"<p>Segundo informa\u00e7\u00f5es do site da Prefeitura de Juiz de Fora (PJF), nesta semana, a Prefeitura de Juiz de Fora (PJF) trar\u00e1 mais de dez atra\u00e7\u00f5es musicais em diversas pra\u00e7as e \u00e1reas decoradas pelos \u201cSonhos de Natal\u201d. A iniciativa busca democratizar o acesso \u00e0s festividades, contando com apresenta\u00e7\u00f5es nas regi\u00f5es Leste e Oeste, al\u00e9m do Centro da cidade. As apresenta\u00e7\u00f5es s\u00e3o de variados ritmos e composi\u00e7\u00f5es, sendo fruto da parceria entre a Secretaria de Turismo (Setur) e da Associa\u00e7\u00e3o das Cervejarias da Zona da Zona da Mata Mineira (Unicerva ZM).<\/p>\n<p>O secret\u00e1rio de turismo, Marcelo do Carmo, destacou a import\u00e2ncia de levar essas atra\u00e7\u00f5es para mais bairros de Juiz de Fora. \u201cCom a tem\u00e1tica dos \u2018Sonhos de Natal\u2019 deste ano, o que buscamos \u00e9 fazer com que as pessoas saiam de casa, ocupem as ruas e se confraternizem. Estamos levando o Natal para os bairros e territ\u00f3rios menos pr\u00f3ximos ao Centro para que toda a cidade tenha acesso e direito \u00e0s festas de fim de ano e que toda ela sonhe\u201d.<\/p>\n<div>\nO Natal promovido pela PJF conta com o apoio das empresas e associa\u00e7\u00f5es parceiras, como a Associa\u00e7\u00e3o das Cervejarias da Zona da Mata Mineira (Unicerva\/ZM), C\u00e2mara de Dirigentes Lojistas de Juiz de Fora (CDL), Sindicato de Hoteis, Restaurantes, Bares e Similares de Juiz de Fora, Estapar, Reza Forte e Mix Alternativa.<\/p>\n<p><strong>Confira as atra\u00e7\u00f5es culturais promovidas pelos \u201cSonhos de Natal\u201d nesta semana, sempre a partir das 18h:<\/strong><\/p>\n<p><strong>Segunda-feira (09\/12) :<\/strong><\/div>\n<div>\n&#8211; Gabi Correa, no Parque Halfeld.<\/p>\n<p><strong>Quarta-feira (11\/12):<\/strong><\/div>\n<p>&nbsp;<\/p>\n<div>&#8211; Coral UFJF, no Espa\u00e7o Cidade\/Parque Halfeld; Banda Santtorini, na C\u00e2mara de Vereadores\/Parque Halfeld; Kalango + MCastro, na Mister Moore.<\/p>\n<p><strong>Quinta-feira (12\/12):<\/strong><\/div>\n<div>\n&#8211; Let\u00edcia e Vanessa, C\u00e2mara de Vereadores\/Parque Halfeld; Glauco Batista, Parque Halfeld; Roger Resende, na Mister Moore; L\u00e9o Henry, na Pra\u00e7a Kennedy.\n<\/div>\n<div><strong>Sexta-feira (13\/12):<\/strong><\/p>\n<p>&#8211; Banda Sinf\u00f4nica Tenente Janu\u00e1rio, na C\u00e2mara de Vereadores?Parque Halfeldl; Peagah, no Parque Halfeld; Pedro Esteves, na Pra\u00e7a do Bairu;<\/p>\n<p><strong>S\u00e1bado (14\/12):<\/strong><\/p>\n<p>&#8211; Xand Machado, na Pra\u00e7a do Bom Pastor; Igor Toledo, na Pra\u00e7a do Manoel Hon\u00f3rio.<\/p>\n<p><strong>Domingo (15\/12):<\/strong><\/p>\n<p>&#8211; Batuque Delas, no Morro do Cristo.<\/p><\/div>\n","protected":false},"excerpt":{"rendered":"<p>Segundo informa\u00e7\u00f5es do site da Prefeitura de Juiz de Fora (PJF), nesta semana, a Prefeitura de Juiz de Fora (PJF) trar\u00e1 mais de dez atra\u00e7\u00f5es musicais em diversas pra\u00e7as e \u00e1reas decoradas pelos \u201cSonhos de Natal\u201d. A iniciativa busca democratizar o acesso \u00e0s festividades, contando com apresenta\u00e7\u00f5es nas regi\u00f5es Leste e Oeste, al\u00e9m do Centro [&hellip;]<\/p>\n","protected":false},"author":246,"featured_media":225853,"comment_status":"closed","ping_status":"closed","sticky":false,"template":"","format":"standard","meta":{"footnotes":""},"categories":[253,436,439],"tags":[],"class_list":["post-225852","post","type-post","status-publish","format-standard","has-post-thumbnail","hentry","category-cidade","category-destaque-da-semana","category-ultima-hora"],"_links":{"self":[{"href":"https:\/\/diarioregionaldigital.com.br\/index.php?rest_route=\/wp\/v2\/posts\/225852","targetHints":{"allow":["GET"]}}],"collection":[{"href":"https:\/\/diarioregionaldigital.com.br\/index.php?rest_route=\/wp\/v2\/posts"}],"about":[{"href":"https:\/\/diarioregionaldigital.com.br\/index.php?rest_route=\/wp\/v2\/types\/post"}],"author":[{"embeddable":true,"href":"https:\/\/diarioregionaldigital.com.br\/index.php?rest_route=\/wp\/v2\/users\/246"}],"replies":[{"embeddable":true,"href":"https:\/\/diarioregionaldigital.com.br\/index.php?rest_route=%2Fwp%2Fv2%2Fcomments&post=225852"}],"version-history":[{"count":1,"href":"https:\/\/diarioregionaldigital.com.br\/index.php?rest_route=\/wp\/v2\/posts\/225852\/revisions"}],"predecessor-version":[{"id":225854,"href":"https:\/\/diarioregionaldigital.com.br\/index.php?rest_route=\/wp\/v2\/posts\/225852\/revisions\/225854"}],"wp:featuredmedia":[{"embeddable":true,"href":"https:\/\/diarioregionaldigital.com.br\/index.php?rest_route=\/wp\/v2\/media\/225853"}],"wp:attachment":[{"href":"https:\/\/diarioregionaldigital.com.br\/index.php?rest_route=%2Fwp%2Fv2%2Fmedia&parent=225852"}],"wp:term":[{"taxonomy":"category","embeddable":true,"href":"https:\/\/diarioregionaldigital.com.br\/index.php?rest_route=%2Fwp%2Fv2%2Fcategories&post=225852"},{"taxonomy":"post_tag","embeddable":true,"href":"https:\/\/diarioregionaldigital.com.br\/index.php?rest_route=%2Fwp%2Fv2%2Ftags&post=225852"}],"curies":[{"name":"wp","href":"https:\/\/api.w.org\/{rel}","templated":true}]}}