{"id":225846,"date":"2024-12-09T20:36:58","date_gmt":"2024-12-09T23:36:58","guid":{"rendered":"https:\/\/diarioregionaldigital.com.br\/?p=225846"},"modified":"2024-12-09T20:36:58","modified_gmt":"2024-12-09T23:36:58","slug":"estudantes-da-e-m-dante-jaime-brochado-participam-de-atividades-de-esporte-e-lazer","status":"publish","type":"post","link":"https:\/\/diarioregionaldigital.com.br\/?p=225846","title":{"rendered":"Estudantes da E. M. Dante Jaime Brochado participam de atividades de esporte e lazer"},"content":{"rendered":"<p>Segundo informa\u00e7\u00f5es do site da Prefeitura de Juiz de Fora (PJF), piquenique, brincadeira no campo de futebol e muita divers\u00e3o. A semana come\u00e7ou assim para as crian\u00e7as da Escola Municipal Dante Jaime Brochado, no bairro Santo Ant\u00f4nio, regi\u00e3o sudeste. As turmas do segundo ano do Ensino Fundamental I tiveram um dia dedicado ao lazer e ao esporte.<br \/>\nA iniciativa teve como objetivo promover a boa conviv\u00eancia entre os estudantes e a socializa\u00e7\u00e3o por meio de atividades l\u00fadicas. Cerca de 70 crian\u00e7as participaram do projeto realizado nesta segunda-feira, dia 9, que contou com muita atividade f\u00edsica, recrea\u00e7\u00e3o e lanche coletivo.<\/p>\n","protected":false},"excerpt":{"rendered":"<p>Segundo informa\u00e7\u00f5es do site da Prefeitura de Juiz de Fora (PJF), piquenique, brincadeira no campo de futebol e muita divers\u00e3o. A semana come\u00e7ou assim para as crian\u00e7as da Escola Municipal Dante Jaime Brochado, no bairro Santo Ant\u00f4nio, regi\u00e3o sudeste. As turmas do segundo ano do Ensino Fundamental I tiveram um dia dedicado ao lazer e [&hellip;]<\/p>\n","protected":false},"author":246,"featured_media":225847,"comment_status":"closed","ping_status":"closed","sticky":false,"template":"","format":"standard","meta":{"footnotes":""},"categories":[253,436,257,439],"tags":[],"class_list":["post-225846","post","type-post","status-publish","format-standard","has-post-thumbnail","hentry","category-cidade","category-destaque-da-semana","category-esporte","category-ultima-hora"],"_links":{"self":[{"href":"https:\/\/diarioregionaldigital.com.br\/index.php?rest_route=\/wp\/v2\/posts\/225846","targetHints":{"allow":["GET"]}}],"collection":[{"href":"https:\/\/diarioregionaldigital.com.br\/index.php?rest_route=\/wp\/v2\/posts"}],"about":[{"href":"https:\/\/diarioregionaldigital.com.br\/index.php?rest_route=\/wp\/v2\/types\/post"}],"author":[{"embeddable":true,"href":"https:\/\/diarioregionaldigital.com.br\/index.php?rest_route=\/wp\/v2\/users\/246"}],"replies":[{"embeddable":true,"href":"https:\/\/diarioregionaldigital.com.br\/index.php?rest_route=%2Fwp%2Fv2%2Fcomments&post=225846"}],"version-history":[{"count":1,"href":"https:\/\/diarioregionaldigital.com.br\/index.php?rest_route=\/wp\/v2\/posts\/225846\/revisions"}],"predecessor-version":[{"id":225848,"href":"https:\/\/diarioregionaldigital.com.br\/index.php?rest_route=\/wp\/v2\/posts\/225846\/revisions\/225848"}],"wp:featuredmedia":[{"embeddable":true,"href":"https:\/\/diarioregionaldigital.com.br\/index.php?rest_route=\/wp\/v2\/media\/225847"}],"wp:attachment":[{"href":"https:\/\/diarioregionaldigital.com.br\/index.php?rest_route=%2Fwp%2Fv2%2Fmedia&parent=225846"}],"wp:term":[{"taxonomy":"category","embeddable":true,"href":"https:\/\/diarioregionaldigital.com.br\/index.php?rest_route=%2Fwp%2Fv2%2Fcategories&post=225846"},{"taxonomy":"post_tag","embeddable":true,"href":"https:\/\/diarioregionaldigital.com.br\/index.php?rest_route=%2Fwp%2Fv2%2Ftags&post=225846"}],"curies":[{"name":"wp","href":"https:\/\/api.w.org\/{rel}","templated":true}]}}