{"id":225843,"date":"2024-12-09T20:33:13","date_gmt":"2024-12-09T23:33:13","guid":{"rendered":"https:\/\/diarioregionaldigital.com.br\/?p=225843"},"modified":"2024-12-09T20:33:13","modified_gmt":"2024-12-09T23:33:13","slug":"mundial-de-volei-de-clubes-e-transmitido-pela-rede-minas","status":"publish","type":"post","link":"https:\/\/diarioregionaldigital.com.br\/?p=225843","title":{"rendered":"Mundial de V\u00f4lei de Clubes \u00e9 transmitido pela Rede Minas"},"content":{"rendered":"<p><main class=\"clear margin-md-bottom-3\"><\/p>\n<div class=\"clear \">\n<p xml:lang=\"PT-BR\">Campe\u00f5es das quadras de cinco pa\u00edses v\u00e3o estar juntos, nesta semana, para o\u00a0Mundial de V\u00f4lei de Clubes. S\u00e3o oito equipes que v\u00e3o disputar o t\u00edtulo da competi\u00e7\u00e3o, considerada uma das mais importantes do esporte. O campeonato acontece de 10 a 15\/12, em Uberl\u00e2ndia, no Tri\u00e2ngulo Mineiro.\u00a0A\u00a0<a href=\"https:\/\/redeminas.tv\/\" target=\"_blank\" rel=\"noreferrer noopener\">Rede Minas<\/a>\u00a0vai transmitir todos os jogos com as equipes brasileiras e as disputas finais. Os\u00a0duelos come\u00e7am nesta ter\u00e7a-feira (10\/12), com Praia Clube e Al Ahly SC, \u00e0s 17h, e Sada Cruzeiro e Ciudad Voley , \u00e0s 20h30.<\/p>\n<p>A tradi\u00e7\u00e3o do v\u00f4lei em Minas ganhou o apoio do\u00a0<a href=\"https:\/\/www.mg.gov.br\/\" target=\"_blank\" rel=\"noreferrer noopener\">Governo de Minas<\/a>, patrocinador do evento.<\/p>\n<p>\u201cMinas Gerais abriga v\u00e1rios dos mais tradicionais e importantes times de v\u00f4lei do Brasil. Para o Governo de Minas \u00e9 parte do fomento ao esporte, e tamb\u00e9m ao turismo, viabilizarmos a vinda de campeonatos importantes para o estado. Com a nossa irresist\u00edvel acolhida mineira damos boas-vindas a todas as equipes internacionais que aqui est\u00e3o, desejando que vivam inesquec\u00edveis momentos em terras mineiras. E, desta vez, todos podem torcer juntos atrav\u00e9s da transmiss\u00e3o da Rede Minas\u201d, diz a secret\u00e1ria adjunta de Comunica\u00e7\u00e3o Social, B\u00e1rbara Botega.<\/p>\n<p>O\u00a0presidente da\u00a0<a href=\"https:\/\/emc.mg.gov.br\/institucional\/a-emc\/\" target=\"_blank\" rel=\"noreferrer noopener\">Empresa Mineira de Comunica\u00e7\u00e3o (EMC)<\/a>, Gustavo Mendicino, que gerencia a Rede Minas e a R\u00e1dio Inconfid\u00eancia, tamb\u00e9m comemora a transmiss\u00e3o. \u201cA Rede Minas \u00e9 a casa do v\u00f4lei. Estamos garantindo espa\u00e7o para um esporte que agrega muitos torcedores e que antes era restrito aos canais fechados. Este ano, estivemos nas quadras no Campeonato Mineiro. Agora, vamos mostrar o Mundial\u201d, fala.<\/p>\n<p><strong>Mundial de V\u00f4lei de Clubes Masculino<\/strong><\/p>\n<p>\u00c9 a nona vez que o Mundial de V\u00f4lei de Clubes masculino da Federa\u00e7\u00e3o Internacional de Volleyball (FIVB) acontece no Brasil e a primeira em Uberl\u00e2ndia.\u00a0Minas Gerais sediou a competi\u00e7\u00e3o em sete oportunidades, antes em Betim ou Belo Horizonte. O estado se tornou refer\u00eancia, seja pelas quadras e pelos clubes.<\/p>\n<p>Neste ano, as equipes mineiras\u00a0Sada Cruzeiro e Praia Clube\u00a0v\u00e3o representar o Brasil no campeonato. A equipe celeste \u00e9 o segundo time com mais vit\u00f3rias nesta competi\u00e7\u00e3o. J\u00e1 o Praia Clube, anfitri\u00e3o do Mundial, estreia sua participa\u00e7\u00e3o. Al\u00e9m dos clubes brasileiros, tamb\u00e9m v\u00e3o estar nas quadras\u00a0as equipes italianas do Trentino Volley e Cucine Lube Civitanova; os iranianos do Foolad Sirjan Iranian e Shahdab Yazd,\u00a0a\u00a0equipe argentina\u00a0Ciudad Voley\u00a0e o time eg\u00edpcio Al Ahly SC.<\/p>\n<p>O torneio \u00e9 realizado pela Federa\u00e7\u00e3o Mineira de Voleibol (FMV), por meio de projeto inscrito na Lei Federal de Incentivo ao Esporte. O patroc\u00ednio master \u00e9 do Governo de Minas Gerais, via\u00a0<a href=\"https:\/\/www.cemig.com.br\/\" target=\"_blank\" rel=\"noreferrer noopener\">Companhia Energ\u00e9tica de Minas Gerais (Cemig)<\/a>.<\/p>\n<p>As\u00a0partidas do Mundial de Clubes v\u00e3o ser transmitidas pela Rede Minas. O p\u00fablico tamb\u00e9m pode acompanhar os jogos pelo site\u00a0<a href=\"http:\/\/redeminas.tv\/\" target=\"_blank\" rel=\"noreferrer noopener\">redeminas.tv<\/a>\u00a0e na plataforma de streaming gratuita Minasplay\u00a0(<a href=\"http:\/\/minasplay.com\/\" target=\"_blank\" rel=\"noreferrer noopener\">minasplay.com<\/a>\u00a0ou pelo app no Google Play e App Store).<\/p>\n<p>Fonte: Ag\u00eancia Minas<\/p>\n<\/div>\n<p><\/main><\/p>\n","protected":false},"excerpt":{"rendered":"<p>Campe\u00f5es das quadras de cinco pa\u00edses v\u00e3o estar juntos, nesta semana, para o\u00a0Mundial de V\u00f4lei de Clubes. S\u00e3o oito equipes que v\u00e3o disputar o t\u00edtulo da competi\u00e7\u00e3o, considerada uma das mais importantes do esporte. O campeonato acontece de 10 a 15\/12, em Uberl\u00e2ndia, no Tri\u00e2ngulo Mineiro.\u00a0A\u00a0Rede Minas\u00a0vai transmitir todos os jogos com as equipes brasileiras [&hellip;]<\/p>\n","protected":false},"author":246,"featured_media":225844,"comment_status":"closed","ping_status":"closed","sticky":false,"template":"","format":"standard","meta":{"footnotes":""},"categories":[436,440,257,439],"tags":[],"class_list":["post-225843","post","type-post","status-publish","format-standard","has-post-thumbnail","hentry","category-destaque-da-semana","category-destaques-do-dia","category-esporte","category-ultima-hora"],"_links":{"self":[{"href":"https:\/\/diarioregionaldigital.com.br\/index.php?rest_route=\/wp\/v2\/posts\/225843","targetHints":{"allow":["GET"]}}],"collection":[{"href":"https:\/\/diarioregionaldigital.com.br\/index.php?rest_route=\/wp\/v2\/posts"}],"about":[{"href":"https:\/\/diarioregionaldigital.com.br\/index.php?rest_route=\/wp\/v2\/types\/post"}],"author":[{"embeddable":true,"href":"https:\/\/diarioregionaldigital.com.br\/index.php?rest_route=\/wp\/v2\/users\/246"}],"replies":[{"embeddable":true,"href":"https:\/\/diarioregionaldigital.com.br\/index.php?rest_route=%2Fwp%2Fv2%2Fcomments&post=225843"}],"version-history":[{"count":1,"href":"https:\/\/diarioregionaldigital.com.br\/index.php?rest_route=\/wp\/v2\/posts\/225843\/revisions"}],"predecessor-version":[{"id":225845,"href":"https:\/\/diarioregionaldigital.com.br\/index.php?rest_route=\/wp\/v2\/posts\/225843\/revisions\/225845"}],"wp:featuredmedia":[{"embeddable":true,"href":"https:\/\/diarioregionaldigital.com.br\/index.php?rest_route=\/wp\/v2\/media\/225844"}],"wp:attachment":[{"href":"https:\/\/diarioregionaldigital.com.br\/index.php?rest_route=%2Fwp%2Fv2%2Fmedia&parent=225843"}],"wp:term":[{"taxonomy":"category","embeddable":true,"href":"https:\/\/diarioregionaldigital.com.br\/index.php?rest_route=%2Fwp%2Fv2%2Fcategories&post=225843"},{"taxonomy":"post_tag","embeddable":true,"href":"https:\/\/diarioregionaldigital.com.br\/index.php?rest_route=%2Fwp%2Fv2%2Ftags&post=225843"}],"curies":[{"name":"wp","href":"https:\/\/api.w.org\/{rel}","templated":true}]}}