{"id":225840,"date":"2024-12-09T20:31:42","date_gmt":"2024-12-09T23:31:42","guid":{"rendered":"https:\/\/diarioregionaldigital.com.br\/?p=225840"},"modified":"2024-12-09T20:31:42","modified_gmt":"2024-12-09T23:31:42","slug":"governo-de-minas-realiza-caravana-pelo-estado-para-divulgar-pacote-de-empreendedorismo-tecnologico","status":"publish","type":"post","link":"https:\/\/diarioregionaldigital.com.br\/?p=225840","title":{"rendered":"Governo de Minas realiza caravana pelo estado para divulgar Pacote de Empreendedorismo Tecnol\u00f3gico"},"content":{"rendered":"<p>O\u00a0<a id=\"OWA66488fb8-d72d-6cfa-66f3-0d6c5e8b68e7\" title=\"https:\/\/www.mg.gov.br\/\" href=\"https:\/\/www.mg.gov.br\/\" target=\"_blank\" rel=\"noopener noreferrer\" data-auth=\"NotApplicable\" data-linkindex=\"0\">Governo de Minas<\/a>,\u00a0por meio da\u00a0<a id=\"OWA5756e0d7-716a-c271-fb7e-3d78474ab017\" title=\"https:\/\/desenvolvimento.mg.gov.br\/inicio\/noticias\/noticia\/\" href=\"https:\/\/desenvolvimento.mg.gov.br\/inicio\/noticias\/noticia\/\" target=\"_blank\" rel=\"noopener noreferrer\" data-auth=\"NotApplicable\" data-linkindex=\"1\">Secretaria de Estado de Desenvolvimento Econ\u00f4mico (Sede-MG)<\/a>, est\u00e1 em caravana pelo estado para divulgar o Pacote de Empreendedorismo Tecnol\u00f3gico para Universidades. A mais nova iniciativa do Estado \u00e9 composta por tr\u00eas editais e disponibiliza no total R$ 43 milh\u00f5es em recursos n\u00e3o-reembols\u00e1veis para incentivar o desenvolvimento de empreendimentos tecnol\u00f3gicos e a maior intera\u00e7\u00e3o entre universidades e o mercado.<\/p>\n<p>Al\u00e9m de divulgar a iniciativa, o objetivo da s\u00e9rie de palestras \u00e9 apresentar os detalhes da oportunidade e esclarecer poss\u00edveis d\u00favidas sobre a nova vers\u00e3o do Viv\u00eancia Universit\u00e1ria em Empreendedorismo e Inova\u00e7\u00e3o (Vuei) e os editais Cientista Empreendedor e Laborat\u00f3rios Certificadores, que comp\u00f5em o pacote.<\/p>\n<p>Ministradas pelo subsecret\u00e1rio de Ci\u00eancia, Tecnologia e Inova\u00e7\u00e3o, Lucas Mendes, as palestras ser\u00e3o direcionadas a professores, pesquisadores, universit\u00e1rios, empreendedores, respons\u00e1veis por Institui\u00e7\u00f5es de Ci\u00eancia e Tecnologia (ICTs), Institui\u00e7\u00f5es de Ensino Superior (IES) e ambientes promotores de inova\u00e7\u00e3o.<\/p>\n<p>Nesta semana, de 9\/12 a 13\/12, as palestras acontecem em Patos de Minas, Patroc\u00ednio, Monte Carmelo, Uberl\u00e2ndia, Ituiutaba, Frutal e Uberaba.<\/p>\n<p><strong>Inova\u00e7\u00e3o e empreendedorismo<\/strong><\/p>\n<p>O\u00a0<a id=\"OWAea63a35c-f615-8740-cea4-53073f08d79c\" title=\"http:\/\/www.fapemig.br\/media\/Chamada_Cientista_Empreendedor.pdf\" href=\"http:\/\/www.fapemig.br\/media\/Chamada_Cientista_Empreendedor.pdf\" target=\"_blank\" rel=\"noopener noreferrer\" data-auth=\"NotApplicable\" data-linkindex=\"2\">Cientista Empreendedor<\/a>\u00a0tem o aporte de R$10 milh\u00f5es para transformar pesquisas cient\u00edficas e\/ou tecnol\u00f3gicas em novos empreendimentos inovadores, como\u00a0spin offs\u00a0acad\u00eamicas, contribuindo para cria\u00e7\u00e3o de novos produtos, servi\u00e7os e processos para o desenvolvimento socioecon\u00f4mico.<\/p>\n<p>O edital de\u00a0<a id=\"OWAa30c2a3d-2730-8c42-6d56-5e79f6b67506\" title=\"http:\/\/www.fapemig.br\/media\/SEI_97837225_FAPEMIG___Chamada_14-1.pdf\" href=\"http:\/\/www.fapemig.br\/media\/SEI_97837225_FAPEMIG___Chamada_14-1.pdf\" target=\"_blank\" rel=\"noopener noreferrer\" data-auth=\"NotApplicable\" data-linkindex=\"3\">Laborat\u00f3rios Certificadores<\/a>, por sua vez, oferece R$ 20 milh\u00f5es e tem objetivo de atuar na estrutura\u00e7\u00e3o, adequa\u00e7\u00e3o e manuten\u00e7\u00e3o de laborat\u00f3rios capazes de certificar e acreditar produtos, servi\u00e7os ou processos.<\/p>\n<p>J\u00e1 o novo\u00a0<a id=\"OWA8e3757f2-538f-d46b-ce90-49a9fae43dc4\" title=\"http:\/\/www.fapemig.br\/media\/SEI_102741427_FAPEMIG___Chamada_018_2024_1.pdf\" href=\"http:\/\/www.fapemig.br\/media\/SEI_102741427_FAPEMIG___Chamada_018_2024_1.pdf\" target=\"_blank\" rel=\"noopener noreferrer\" data-auth=\"NotApplicable\" data-linkindex=\"4\">Vuei<\/a>\u00a0disponibiliza R$ 13 milh\u00f5es e busca impulsionar a cria\u00e7\u00e3o ou consolida\u00e7\u00e3o de Centros de Inova\u00e7\u00e3o e Empreendedorismo Universit\u00e1rio em Minas Gerais.<\/p>\n<p><a href=\"https:\/\/desenvolvimento.mg.gov.br\/inicio\/noticias\/noticia\/2736\/governo-de-minas-realiza-caravana-pelo-estado-para-divulgar-pacote-de-empreendedorismo-tecnologico\" target=\"_blank\" rel=\"noopener\">Confira aqui<\/a>\u00a0a programa\u00e7\u00e3o.<\/p>\n<p>Fonte: Ag\u00eancia Minas<\/p>\n","protected":false},"excerpt":{"rendered":"<p>O\u00a0Governo de Minas,\u00a0por meio da\u00a0Secretaria de Estado de Desenvolvimento Econ\u00f4mico (Sede-MG), est\u00e1 em caravana pelo estado para divulgar o Pacote de Empreendedorismo Tecnol\u00f3gico para Universidades. A mais nova iniciativa do Estado \u00e9 composta por tr\u00eas editais e disponibiliza no total R$ 43 milh\u00f5es em recursos n\u00e3o-reembols\u00e1veis para incentivar o desenvolvimento de empreendimentos tecnol\u00f3gicos e a [&hellip;]<\/p>\n","protected":false},"author":246,"featured_media":225841,"comment_status":"closed","ping_status":"closed","sticky":false,"template":"","format":"standard","meta":{"footnotes":""},"categories":[436,261,254,252,439],"tags":[],"class_list":["post-225840","post","type-post","status-publish","format-standard","has-post-thumbnail","hentry","category-destaque-da-semana","category-economia","category-politica","category-regiao","category-ultima-hora"],"_links":{"self":[{"href":"https:\/\/diarioregionaldigital.com.br\/index.php?rest_route=\/wp\/v2\/posts\/225840","targetHints":{"allow":["GET"]}}],"collection":[{"href":"https:\/\/diarioregionaldigital.com.br\/index.php?rest_route=\/wp\/v2\/posts"}],"about":[{"href":"https:\/\/diarioregionaldigital.com.br\/index.php?rest_route=\/wp\/v2\/types\/post"}],"author":[{"embeddable":true,"href":"https:\/\/diarioregionaldigital.com.br\/index.php?rest_route=\/wp\/v2\/users\/246"}],"replies":[{"embeddable":true,"href":"https:\/\/diarioregionaldigital.com.br\/index.php?rest_route=%2Fwp%2Fv2%2Fcomments&post=225840"}],"version-history":[{"count":1,"href":"https:\/\/diarioregionaldigital.com.br\/index.php?rest_route=\/wp\/v2\/posts\/225840\/revisions"}],"predecessor-version":[{"id":225842,"href":"https:\/\/diarioregionaldigital.com.br\/index.php?rest_route=\/wp\/v2\/posts\/225840\/revisions\/225842"}],"wp:featuredmedia":[{"embeddable":true,"href":"https:\/\/diarioregionaldigital.com.br\/index.php?rest_route=\/wp\/v2\/media\/225841"}],"wp:attachment":[{"href":"https:\/\/diarioregionaldigital.com.br\/index.php?rest_route=%2Fwp%2Fv2%2Fmedia&parent=225840"}],"wp:term":[{"taxonomy":"category","embeddable":true,"href":"https:\/\/diarioregionaldigital.com.br\/index.php?rest_route=%2Fwp%2Fv2%2Fcategories&post=225840"},{"taxonomy":"post_tag","embeddable":true,"href":"https:\/\/diarioregionaldigital.com.br\/index.php?rest_route=%2Fwp%2Fv2%2Ftags&post=225840"}],"curies":[{"name":"wp","href":"https:\/\/api.w.org\/{rel}","templated":true}]}}