{"id":225837,"date":"2024-12-09T20:30:23","date_gmt":"2024-12-09T23:30:23","guid":{"rendered":"https:\/\/diarioregionaldigital.com.br\/?p=225837"},"modified":"2024-12-09T20:30:23","modified_gmt":"2024-12-09T23:30:23","slug":"governador-participa-da-abertura-da-semana-contra-a-corrupcao-2024","status":"publish","type":"post","link":"https:\/\/diarioregionaldigital.com.br\/?p=225837","title":{"rendered":"Governador participa da abertura da Semana Contra a Corrup\u00e7\u00e3o 2024"},"content":{"rendered":"<p>O governador Romeu Zema participou, na manh\u00e3 desta segunda-feira (9\/12), da abertura da Semana Contra a Corrup\u00e7\u00e3o, promovida pela A\u00e7\u00e3o Integrada da Rede de Combate \u00e0 Corrup\u00e7\u00e3o de Minas Gerais (Arcco-MG), que \u00e9 coordenada pela\u00a0<a href=\"https:\/\/www.cge.mg.gov.br\/\" target=\"_blank\" rel=\"noopener\">Controladoria-Geral do Estado de Minas Gerais (CGE)<\/a>.<\/p>\n<p>O evento, que acontece entre os dias 9 e 13\/12, na Cidade Administrativa, em Belo Horizonte, re\u00fane \u00f3rg\u00e3os p\u00fablicos, especialistas e sociedade civil com o objetivo de promover o di\u00e1logo e fortalecer a agenda anticorrup\u00e7\u00e3o no \u00e2mbito do Estado de Minas Gerais. A abertura marca tamb\u00e9m o Dia Internacional Contra a Corrup\u00e7\u00e3o, que \u00e9 celebrado hoje em 110 pa\u00edses.<\/p>\n<table border=\"0\" cellspacing=\"1\" cellpadding=\"1\" align=\"center\">\n<tbody>\n<tr>\n<td colspan=\"5\"><img decoding=\"async\" src=\"https:\/\/www.agenciaminas.mg.gov.br\/ckeditor_assets\/pictures\/20949\/content_2_olho_topo.jpg\" alt=\"\" \/><\/td>\n<\/tr>\n<tr>\n<td><\/td>\n<td colspan=\"3\" rowspan=\"3\">\n<h1><strong>&#8220;N\u00e3o h\u00e1 protegidos e nem perseguidos neste governo. O que n\u00f3s queremos aqui \u00e9 fazer o que \u00e9 o correto. E esse trabalho \u00e9 potencializado quando n\u00f3s temos parceiros como Minist\u00e9rio P\u00fablico de Minas Gerais, o Minist\u00e9rio P\u00fablico de Contas, o Tribunal de Contas do Estado, Tribunal de Justi\u00e7a a pr\u00f3pria Controladoria-Geral da Uni\u00e3o. Tudo isso tem sido de fundamental import\u00e2ncia para esses nossos avan\u00e7os e aperfei\u00e7oamentos&#8221;, destacou Romeu Zema.<\/strong><\/h1>\n<\/td>\n<td><\/td>\n<\/tr>\n<tr>\n<td><\/td>\n<td><\/td>\n<\/tr>\n<tr>\n<td><\/td>\n<td><\/td>\n<\/tr>\n<tr>\n<td colspan=\"5\"><img decoding=\"async\" src=\"https:\/\/www.agenciaminas.mg.gov.br\/ckeditor_assets\/pictures\/20950\/content_2_olho_inferior.jpg\" alt=\"\" \/><\/td>\n<\/tr>\n<\/tbody>\n<\/table>\n<p>O governador tamb\u00e9m lembrou que\u00a0<a href=\"https:\/\/www.mg.gov.br\/\" target=\"_blank\" rel=\"noopener\">Governo de Minas<\/a>\u00a0\u00e9 um dos pioneiros em celebra\u00e7\u00e3o de Acordos de Leni\u00eancia e que, at\u00e9 o momento, resultaram em mais de R$ 460 milh\u00f5es ressarcidos aos cofres p\u00fablicos do Estado.<\/p>\n<p>Romeu Zema tamb\u00e9m destacou tr\u00eas ferramentas importantes para combater a corrup\u00e7\u00e3o na administra\u00e7\u00e3o p\u00fablica: bons exemplos, puni\u00e7\u00e3o exemplar dos que cometem este tipo de crime e transpar\u00eancia, considerada hoje a principal arma no enfrentamento \u00e0 corrup\u00e7\u00e3o.<\/p>\n<p>Minas lidera os principais rankings e avalia\u00e7\u00f5es nesse sentido. Enquanto o desempenho m\u00e9dio de transpar\u00eancia dos portais p\u00fablicos no Brasil \u00e9 de 57,92%, Minas atingiu a pontua\u00e7\u00e3o de 98,51%, ocupando o n\u00edvel Diamante.<\/p>\n<p><strong>Resultados e avan\u00e7os<\/strong><\/p>\n<p>O\u00a0 controlador-geral do Estado e coordenador executivo da Arcco-MG, Rodrigo Fontenelle, ressalta que Minas \u00e9 refer\u00eancia nacional na promo\u00e7\u00e3o da integridade, com a pol\u00edtica Mineira de Promo\u00e7\u00e3o da Integridade.<\/p>\n<table border=\"0\" cellspacing=\"1\" cellpadding=\"1\" align=\"center\">\n<tbody>\n<tr>\n<td colspan=\"5\"><img decoding=\"async\" src=\"https:\/\/www.agenciaminas.mg.gov.br\/ckeditor_assets\/pictures\/20949\/content_2_olho_topo.jpg\" alt=\"\" \/><\/td>\n<\/tr>\n<tr>\n<td><\/td>\n<td colspan=\"3\" rowspan=\"3\">\n<h1><strong>&#8220;Tamb\u00e9m estamos entre os tr\u00eas principais estados que aplicam a Lei Anticorrup\u00e7\u00e3o, n\u00e3o apenas pela quest\u00e3o da integridade e pela quest\u00e3o dos acordos de leni\u00eancia, mas tamb\u00e9m nos processos de responsabiliza\u00e7\u00e3o de pessoas jur\u00eddicas, j\u00e1 que temos mais de 60 empresas sancionadas ao longo desses \u00faltimos seis anos&#8221;, refor\u00e7ou Rodrigo Fontenelle.<\/strong><\/h1>\n<\/td>\n<td><\/td>\n<\/tr>\n<tr>\n<td><\/td>\n<td><\/td>\n<\/tr>\n<tr>\n<td><\/td>\n<td><\/td>\n<\/tr>\n<tr>\n<td colspan=\"5\"><img decoding=\"async\" src=\"https:\/\/www.agenciaminas.mg.gov.br\/ckeditor_assets\/pictures\/20950\/content_2_olho_inferior.jpg\" alt=\"\" \/><\/td>\n<\/tr>\n<\/tbody>\n<\/table>\n<p><strong>Semana Contra a Corrup\u00e7\u00e3o<\/strong><\/p>\n<p>A Semana Contra a Corrup\u00e7\u00e3o \u00e9 aberta ao p\u00fablico interessado e conta com solenidades, palestras, pain\u00e9is e apresenta\u00e7\u00f5es culturais que abordar\u00e3o temas como o uso da Intelig\u00eancia Artificial no combate \u00e0 corrup\u00e7\u00e3o, \u00e9tica, integridade e boas pr\u00e1ticas de governan\u00e7a.<\/p>\n<p>A Arcco-MG \u00e9 formada por diversos \u00f3rg\u00e3os e institui\u00e7\u00f5es da administra\u00e7\u00e3o p\u00fablica estadual e tem como objetivo desenvolver a\u00e7\u00f5es direcionadas \u00e0 fiscaliza\u00e7\u00e3o da gest\u00e3o do Poder P\u00fablico, diagn\u00f3stico e combate \u00e0 corrup\u00e7\u00e3o, bem como o fortalecimento, amplia\u00e7\u00e3o e aprimoramento da articula\u00e7\u00e3o entre institui\u00e7\u00f5es.<\/p>\n<p>Fonte: Ag\u00eancia Minas<\/p>\n","protected":false},"excerpt":{"rendered":"<p>O governador Romeu Zema participou, na manh\u00e3 desta segunda-feira (9\/12), da abertura da Semana Contra a Corrup\u00e7\u00e3o, promovida pela A\u00e7\u00e3o Integrada da Rede de Combate \u00e0 Corrup\u00e7\u00e3o de Minas Gerais (Arcco-MG), que \u00e9 coordenada pela\u00a0Controladoria-Geral do Estado de Minas Gerais (CGE). O evento, que acontece entre os dias 9 e 13\/12, na Cidade Administrativa, em [&hellip;]<\/p>\n","protected":false},"author":246,"featured_media":225838,"comment_status":"closed","ping_status":"closed","sticky":false,"template":"","format":"standard","meta":{"footnotes":""},"categories":[436,440,261,254,252,439],"tags":[],"class_list":["post-225837","post","type-post","status-publish","format-standard","has-post-thumbnail","hentry","category-destaque-da-semana","category-destaques-do-dia","category-economia","category-politica","category-regiao","category-ultima-hora"],"_links":{"self":[{"href":"https:\/\/diarioregionaldigital.com.br\/index.php?rest_route=\/wp\/v2\/posts\/225837","targetHints":{"allow":["GET"]}}],"collection":[{"href":"https:\/\/diarioregionaldigital.com.br\/index.php?rest_route=\/wp\/v2\/posts"}],"about":[{"href":"https:\/\/diarioregionaldigital.com.br\/index.php?rest_route=\/wp\/v2\/types\/post"}],"author":[{"embeddable":true,"href":"https:\/\/diarioregionaldigital.com.br\/index.php?rest_route=\/wp\/v2\/users\/246"}],"replies":[{"embeddable":true,"href":"https:\/\/diarioregionaldigital.com.br\/index.php?rest_route=%2Fwp%2Fv2%2Fcomments&post=225837"}],"version-history":[{"count":1,"href":"https:\/\/diarioregionaldigital.com.br\/index.php?rest_route=\/wp\/v2\/posts\/225837\/revisions"}],"predecessor-version":[{"id":225839,"href":"https:\/\/diarioregionaldigital.com.br\/index.php?rest_route=\/wp\/v2\/posts\/225837\/revisions\/225839"}],"wp:featuredmedia":[{"embeddable":true,"href":"https:\/\/diarioregionaldigital.com.br\/index.php?rest_route=\/wp\/v2\/media\/225838"}],"wp:attachment":[{"href":"https:\/\/diarioregionaldigital.com.br\/index.php?rest_route=%2Fwp%2Fv2%2Fmedia&parent=225837"}],"wp:term":[{"taxonomy":"category","embeddable":true,"href":"https:\/\/diarioregionaldigital.com.br\/index.php?rest_route=%2Fwp%2Fv2%2Fcategories&post=225837"},{"taxonomy":"post_tag","embeddable":true,"href":"https:\/\/diarioregionaldigital.com.br\/index.php?rest_route=%2Fwp%2Fv2%2Ftags&post=225837"}],"curies":[{"name":"wp","href":"https:\/\/api.w.org\/{rel}","templated":true}]}}