{"id":225833,"date":"2024-12-09T20:28:25","date_gmt":"2024-12-09T23:28:25","guid":{"rendered":"https:\/\/diarioregionaldigital.com.br\/?p=225833"},"modified":"2024-12-09T20:28:25","modified_gmt":"2024-12-09T23:28:25","slug":"sine-disponibiliza-mais-de-166-mil-vagas-de-emprego-em-minas-gerais","status":"publish","type":"post","link":"https:\/\/diarioregionaldigital.com.br\/?p=225833","title":{"rendered":"Sine disponibiliza mais de 16,6 mil vagas de emprego em Minas Gerais"},"content":{"rendered":"<p>As unidades do Sistema Nacional de Emprego (Sine) em Minas Gerais oferecem mais de 16,6 mil vagas de trabalho nesta segunda-feira (9\/12), segundo o\u00a0<a href=\"https:\/\/app.powerbi.com\/view?r=eyJrIjoiODdjNTk0MDctOWNlMy00NmExLWIzNTQtMTEyODRkYmIzZGFiIiwidCI6ImMwZTY1MzllLThjZGUtNDZlNy1hOTc4LWI1YTNmZTlmMGMzOSJ9&amp;pageName=ReportSection\" target=\"_blank\" rel=\"noreferrer noopener\">Painel de Informa\u00e7\u00f5es<\/a>\u00a0sobre o sistema, administrado pela\u00a0<a href=\"https:\/\/social.mg.gov.br\/\" target=\"_blank\" rel=\"noreferrer noopener\">Secretaria de Estado de Desenvolvimento Social (Sedese)<\/a>.<\/p>\n<p>O Sine faz a intermedia\u00e7\u00e3o entre os trabalhadores em busca de uma oportunidade profissional e os empregadores que buscam funcion\u00e1rios. Ao todo, neste in\u00edcio de semana, s\u00e3o 16.690 vagas de trabalho, sendo 424 para pessoas com defici\u00eancia.<\/p>\n<p>De acordo com o painel, a ocupa\u00e7\u00e3o com o maior n\u00famero de vagas nesta segunda-feira \u00e9 alimentador de linha de produ\u00e7\u00e3o, com 2.404\u00a0oportunidades, seguida por operador de caixa (1.094), servente de obras (933), faxineiro (859)\u00a0e vendedor de com\u00e9rcio varejista (621).<\/p>\n<p>Entre as unidades do Sine, a que concentra o maior n\u00famero de oportunidades \u00e9 a de Uberl\u00e2ndia, no Tri\u00e2ngulo Mineiro, com 4.347. Em segundo lugar vem o Sine Pedro Leopoldo, na RMBH, com 1.328\u00a0vagas. O Sine BH Central de Vagas tem 1.005.<\/p>\n<p>Por meio do Painel de Informa\u00e7\u00f5es, o trabalhador pode ter acesso \u00e0s oportunidades dispon\u00edveis nas 133 unidades do Sine em todo o estado. H\u00e1 filtros por regi\u00e3o, munic\u00edpio, ocupa\u00e7\u00f5es e unidades. Todas as vagas de emprego est\u00e3o dispon\u00edveis no\u00a0<a href=\"https:\/\/empregabrasil.mte.gov.br\/\" target=\"_blank\" rel=\"noreferrer noopener\">Portal Emprega Brasil<\/a>.<\/p>\n<p>Interessados tamb\u00e9m podem se cadastrar no aplicativo Sine F\u00e1cil, dispon\u00edvel para os aparelhos celulares com sistemas operacionais Android ou iOS. O atendimento presencial de intermedia\u00e7\u00e3o de m\u00e3o de obra nas unidades \u00e9 feito por meio de\u00a0agendamento pela internet.<\/p>\n<p>Fonte: Ag\u00eancia Minas<\/p>\n","protected":false},"excerpt":{"rendered":"<p>As unidades do Sistema Nacional de Emprego (Sine) em Minas Gerais oferecem mais de 16,6 mil vagas de trabalho nesta segunda-feira (9\/12), segundo o\u00a0Painel de Informa\u00e7\u00f5es\u00a0sobre o sistema, administrado pela\u00a0Secretaria de Estado de Desenvolvimento Social (Sedese). O Sine faz a intermedia\u00e7\u00e3o entre os trabalhadores em busca de uma oportunidade profissional e os empregadores que buscam [&hellip;]<\/p>\n","protected":false},"author":246,"featured_media":225834,"comment_status":"closed","ping_status":"closed","sticky":false,"template":"","format":"standard","meta":{"footnotes":""},"categories":[436,261,254,252,439],"tags":[],"class_list":["post-225833","post","type-post","status-publish","format-standard","has-post-thumbnail","hentry","category-destaque-da-semana","category-economia","category-politica","category-regiao","category-ultima-hora"],"_links":{"self":[{"href":"https:\/\/diarioregionaldigital.com.br\/index.php?rest_route=\/wp\/v2\/posts\/225833","targetHints":{"allow":["GET"]}}],"collection":[{"href":"https:\/\/diarioregionaldigital.com.br\/index.php?rest_route=\/wp\/v2\/posts"}],"about":[{"href":"https:\/\/diarioregionaldigital.com.br\/index.php?rest_route=\/wp\/v2\/types\/post"}],"author":[{"embeddable":true,"href":"https:\/\/diarioregionaldigital.com.br\/index.php?rest_route=\/wp\/v2\/users\/246"}],"replies":[{"embeddable":true,"href":"https:\/\/diarioregionaldigital.com.br\/index.php?rest_route=%2Fwp%2Fv2%2Fcomments&post=225833"}],"version-history":[{"count":2,"href":"https:\/\/diarioregionaldigital.com.br\/index.php?rest_route=\/wp\/v2\/posts\/225833\/revisions"}],"predecessor-version":[{"id":225836,"href":"https:\/\/diarioregionaldigital.com.br\/index.php?rest_route=\/wp\/v2\/posts\/225833\/revisions\/225836"}],"wp:featuredmedia":[{"embeddable":true,"href":"https:\/\/diarioregionaldigital.com.br\/index.php?rest_route=\/wp\/v2\/media\/225834"}],"wp:attachment":[{"href":"https:\/\/diarioregionaldigital.com.br\/index.php?rest_route=%2Fwp%2Fv2%2Fmedia&parent=225833"}],"wp:term":[{"taxonomy":"category","embeddable":true,"href":"https:\/\/diarioregionaldigital.com.br\/index.php?rest_route=%2Fwp%2Fv2%2Fcategories&post=225833"},{"taxonomy":"post_tag","embeddable":true,"href":"https:\/\/diarioregionaldigital.com.br\/index.php?rest_route=%2Fwp%2Fv2%2Ftags&post=225833"}],"curies":[{"name":"wp","href":"https:\/\/api.w.org\/{rel}","templated":true}]}}