{"id":225830,"date":"2024-12-09T20:26:44","date_gmt":"2024-12-09T23:26:44","guid":{"rendered":"https:\/\/diarioregionaldigital.com.br\/?p=225830"},"modified":"2024-12-09T20:26:44","modified_gmt":"2024-12-09T23:26:44","slug":"governo-de-minas-atrai-investimento-de-r-500-milhoes-para-expansao-de-fabrica-de-enzimas-para-insulina-e-medicamentos-em-montes-claros","status":"publish","type":"post","link":"https:\/\/diarioregionaldigital.com.br\/?p=225830","title":{"rendered":"Governo de Minas atrai investimento de R$ 500 milh\u00f5es para expans\u00e3o de f\u00e1brica de enzimas para insulina e medicamentos em Montes Claros"},"content":{"rendered":"<p>O\u00a0<a href=\"https:\/\/www.mg.gov.br\/\" target=\"_blank\" rel=\"noopener\">Governo de Minas<\/a>\u00a0anunciou, nesta segunda-feira (9\/12), a atra\u00e7\u00e3o de mais um importante investimento para o estado, que vai gerar mais emprego e renda para os mineiros. A empresa dinamarquesa Novo Nordisk far\u00e1 o aporte de quase R$ 500 milh\u00f5es em investimentos para a expans\u00e3o da produ\u00e7\u00e3o de sua planta em Montes Claros, no Norte de Minas.<\/p>\n<p>O governador Romeu Zema participou da cerim\u00f4nia de an\u00fancio do recurso, na Cidade Administrativa, em Belo Horizonte, e destacou a import\u00e2ncia do investimento para o estado, que avan\u00e7a na gera\u00e7\u00e3o de emprego e renda.<\/p>\n<table border=\"0\" cellspacing=\"1\" cellpadding=\"1\" align=\"center\">\n<tbody>\n<tr>\n<td colspan=\"5\"><img decoding=\"async\" src=\"https:\/\/www.agenciaminas.mg.gov.br\/ckeditor_assets\/pictures\/20949\/content_2_olho_topo.jpg\" alt=\"\" \/><\/td>\n<\/tr>\n<tr>\n<td><\/td>\n<td colspan=\"3\" rowspan=\"3\">\n<h1><strong>&#8220;Estamos muito satisfeitos com esse an\u00fancio que consolida Montes Claros e a regi\u00e3o como um dos p\u00f3los mais importantes na produ\u00e7\u00e3o de produtos farmac\u00eauticos no Brasil e no mundo&#8221;, disse o governador mineiro.<\/strong><\/h1>\n<\/td>\n<td><\/td>\n<\/tr>\n<tr>\n<td><\/td>\n<td><\/td>\n<\/tr>\n<tr>\n<td><\/td>\n<td><\/td>\n<\/tr>\n<tr>\n<td colspan=\"5\"><img decoding=\"async\" src=\"https:\/\/www.agenciaminas.mg.gov.br\/ckeditor_assets\/pictures\/20950\/content_2_olho_inferior.jpg\" alt=\"\" \/><\/td>\n<\/tr>\n<\/tbody>\n<\/table>\n<p>\u201cAl\u00e9m disso, grande parte dessa produ\u00e7\u00e3o ser\u00e1 destinada ao mercado externo, o que impulsionar\u00e1 as exporta\u00e7\u00f5es e fortalecer\u00e1 a economia local\u201d, disse Zema, refor\u00e7ando que \u201ceste \u00e9 um passo significativo para Minas Gerais, que caminha para atingir a marca de R$ 500 bilh\u00f5es em investimentos privados atra\u00eddos e 1 milh\u00e3o de empregos gerados\u201d.<\/p>\n<p>A empresa do setor farmac\u00eautico vai destinar o recurso para o aumento da produ\u00e7\u00e3o de enzimas utilizadas na fabrica\u00e7\u00e3o de enteroquinase e ALP, enzimas essenciais para a fabrica\u00e7\u00e3o de medicamentos como os an\u00e1logos de GLP-1\u00a0e insulina.<\/p>\n<p>As obras da expans\u00e3o est\u00e3o programadas para come\u00e7ar em janeiro de 2025, com conclus\u00e3o prevista para janeiro de 2026. A interven\u00e7\u00e3o tem o potencial de gerar cerca de 400 empregos indiretos para a regi\u00e3o, al\u00e9m de criar 40 novos postos de trabalho.<\/p>\n<p><strong>Atra\u00e7\u00e3o de investimento<\/strong><\/p>\n<p>O secret\u00e1rio de Estado de\u00a0<a href=\"https:\/\/desenvolvimento.mg.gov.br\/\" target=\"_blank\" rel=\"noopener\">Desenvolvimento Econ\u00f4mico (Sede-MG)<\/a>, Fernando Passalio, ressaltou que a escolha de Montes Claros para expans\u00e3o da f\u00e1brica n\u00e3o apenas refor\u00e7a o potencial dessa regi\u00e3o, mas tamb\u00e9m sinaliza para o Brasil e o mundo que a cidade tem plenas condi\u00e7\u00f5es de atrair outros investimentos internacionais.<\/p>\n<p>\u201cEste projeto \u00e9 resultado de muito esfor\u00e7o. Para citar um exemplo, fizemos uma viagem \u00e0 Dinamarca, onde tivemos uma reuni\u00e3o crucial com a vice-presid\u00eancia da empresa. Foi uma jornada intensa, mas essencial para garantir este investimento. \u00c9 esse tipo de dedica\u00e7\u00e3o, por parte de toda a equipe e de parceiros locais, que continuar\u00e1 trazendo mais investimentos para o Norte de Minas e todo o estado\u201d, contou o secret\u00e1rio.<\/p>\n<p>O an\u00fancio ocorre em um momento de fortalecimento das opera\u00e7\u00f5es da Novo Nordisk, que em outubro deste ano j\u00e1 havia divulgado um investimento de R$ 864 milh\u00f5es para melhorias de processos e moderniza\u00e7\u00e3o da planta em Minas Gerais.<\/p>\n<p>De acordo com o vice-presidente corporativo da f\u00e1brica da Novo Nordisk em Montes Claros, Reinaldo Costa, o novo investimento representa a reafirma\u00e7\u00e3o do compromisso da companhia com o Brasil e com Minas Gerais.\u00a0 Al\u00e9m disso, a expans\u00e3o da produ\u00e7\u00e3o \u00e9 um passo estrat\u00e9gico para atender \u00e0 crescente demanda global por tratamentos inovadores de doen\u00e7as cr\u00f4nicas como obesidade e diabetes.<\/p>\n<p>&#8220;Ao longo dos \u00faltimos anos, a f\u00e1brica de Montes Claros tem sido fundamental para a produ\u00e7\u00e3o de insulina e, tamb\u00e9m, para a fabrica\u00e7\u00e3o de enzimas essenciais, como a enteroquinase. A nossa unidade atua sempre com o prop\u00f3sito de salvar vidas e alcan\u00e7ar cada vez mais pacientes. Com esse investimento de R$ 500 milh\u00f5es, poderemos expandir significativamente a nossa capacidade de produ\u00e7\u00e3o e acompanhar a evolu\u00e7\u00e3o da demanda crescente pelos nossos medicamentos no mundo todo&#8221;, afirma Reinaldo.<\/p>\n<p>Fonte: Ag\u00eancia Minas<\/p>\n","protected":false},"excerpt":{"rendered":"<p>O\u00a0Governo de Minas\u00a0anunciou, nesta segunda-feira (9\/12), a atra\u00e7\u00e3o de mais um importante investimento para o estado, que vai gerar mais emprego e renda para os mineiros. A empresa dinamarquesa Novo Nordisk far\u00e1 o aporte de quase R$ 500 milh\u00f5es em investimentos para a expans\u00e3o da produ\u00e7\u00e3o de sua planta em Montes Claros, no Norte de [&hellip;]<\/p>\n","protected":false},"author":246,"featured_media":225831,"comment_status":"closed","ping_status":"closed","sticky":false,"template":"","format":"standard","meta":{"footnotes":""},"categories":[436,440,261,254,252,439],"tags":[],"class_list":["post-225830","post","type-post","status-publish","format-standard","has-post-thumbnail","hentry","category-destaque-da-semana","category-destaques-do-dia","category-economia","category-politica","category-regiao","category-ultima-hora"],"_links":{"self":[{"href":"https:\/\/diarioregionaldigital.com.br\/index.php?rest_route=\/wp\/v2\/posts\/225830","targetHints":{"allow":["GET"]}}],"collection":[{"href":"https:\/\/diarioregionaldigital.com.br\/index.php?rest_route=\/wp\/v2\/posts"}],"about":[{"href":"https:\/\/diarioregionaldigital.com.br\/index.php?rest_route=\/wp\/v2\/types\/post"}],"author":[{"embeddable":true,"href":"https:\/\/diarioregionaldigital.com.br\/index.php?rest_route=\/wp\/v2\/users\/246"}],"replies":[{"embeddable":true,"href":"https:\/\/diarioregionaldigital.com.br\/index.php?rest_route=%2Fwp%2Fv2%2Fcomments&post=225830"}],"version-history":[{"count":1,"href":"https:\/\/diarioregionaldigital.com.br\/index.php?rest_route=\/wp\/v2\/posts\/225830\/revisions"}],"predecessor-version":[{"id":225832,"href":"https:\/\/diarioregionaldigital.com.br\/index.php?rest_route=\/wp\/v2\/posts\/225830\/revisions\/225832"}],"wp:featuredmedia":[{"embeddable":true,"href":"https:\/\/diarioregionaldigital.com.br\/index.php?rest_route=\/wp\/v2\/media\/225831"}],"wp:attachment":[{"href":"https:\/\/diarioregionaldigital.com.br\/index.php?rest_route=%2Fwp%2Fv2%2Fmedia&parent=225830"}],"wp:term":[{"taxonomy":"category","embeddable":true,"href":"https:\/\/diarioregionaldigital.com.br\/index.php?rest_route=%2Fwp%2Fv2%2Fcategories&post=225830"},{"taxonomy":"post_tag","embeddable":true,"href":"https:\/\/diarioregionaldigital.com.br\/index.php?rest_route=%2Fwp%2Fv2%2Ftags&post=225830"}],"curies":[{"name":"wp","href":"https:\/\/api.w.org\/{rel}","templated":true}]}}