{"id":225827,"date":"2024-12-09T20:25:41","date_gmt":"2024-12-09T23:25:41","guid":{"rendered":"https:\/\/diarioregionaldigital.com.br\/?p=225827"},"modified":"2024-12-09T20:28:58","modified_gmt":"2024-12-09T23:28:58","slug":"governo-do-estado-entrega-medalha-dos-gerais-a-cidadaos-que-contribuem-para-o-desenvolvimento-do-norte-de-minas","status":"publish","type":"post","link":"https:\/\/diarioregionaldigital.com.br\/?p=225827","title":{"rendered":"Governo do Estado entrega Medalha dos Gerais a cidad\u00e3os que contribuem para o desenvolvimento do Norte de Minas"},"content":{"rendered":"<p><main class=\"clear margin-md-bottom-3\"><\/p>\n<div class=\"clear \">\n<p>O\u00a0<a href=\"https:\/\/www.mg.gov.br\/\" target=\"_blank\" rel=\"noopener\">Governo de Minas<\/a>\u00a0realizou, neste domingo (8\/12), Dia dos Gerais, a entrega das medalhas Matias Cardoso e Maria da Cruz a pessoas que contribuem para o desenvolvimento\u00a0cultural, econ\u00f4mico e social do Norte do estado.<\/p>\n<p>O governador Romeu Zema concedeu a Medalha dos Gerais aos 20 homenageados, em solenidade realizada na cidade de Matias Cardoso. Dez homens foram agraciados com a Medalha Matias Cardoso\u00a0e, dez mulheres, com a Medalha Maria da Cruz.<\/p>\n<p>\u201cHoje \u00e9 dia de celebrar uma regi\u00e3o que transformou o sol quente mineiro em uma rica fonte de energia renov\u00e1vel, contribuindo para que Minas Gerais assumisse a lideran\u00e7a absoluta da sustentabilidade no Brasil. Por isso, \u00e9 com muita alegria que venho a Matias Cardoso novamente para participar da entrega da Medalha dos Gerais, no dia em que a capital de Minas \u00e9 transferida simbolicamente para c\u00e1. Essa \u00e9 uma merecida homenagem para as pessoas que contribu\u00edram com o desenvolvimento cultural, econ\u00f4mico e social do Norte de Minas\u201d, disse o governador.<\/p>\n<p>A honraria, criada em 2011, \u00e9 um reconhecimento do Estado para pessoas f\u00edsicas ou jur\u00eddicas. A data em que se comemora o Dia das Gerais tamb\u00e9m marca a transfer\u00eancia simb\u00f3lica da capital mineira para a cidade de Matias Cardoso.<\/p>\n<p>Seis dos escolhidos para receber a homenagem s\u00e3o indicados pelo governador do estado, enquanto os outros 14 s\u00e3o selecionados pelos integrantes do Conselho Permanente da Medalha dos Gerais.<\/p>\n<p>J\u00e1 a Medalha dos Gerais \u2013 Grande Colar, criada em 2017, \u00e9 destinada exclusivamente a autoridades com cargos oficiais na Uni\u00e3o, Estados, Distrito Federal e Munic\u00edpios. Neste ano, ela foi entregue ao presidente da Assembleia Legislativa de Minas Gerais (ALMG), deputado Tadeu Martins Leite.<\/p>\n<p>\u201cEssa comenda, dentre outras que j\u00e1 recebi, tem um significado t\u00e3o especial. Agrade\u00e7o ao governador Romeu Zema e ao conselho da medalha dos gerais pela defer\u00eancia, ao me indicarem para receber o grande colar, aqui, em minha terra, junto dos meus amigos e de minha fam\u00edlia\u201d, ressaltou o presidente da ALMG.<\/p>\n<p>Anteriormente, a honraria foi entregue ao procurador-geral de Justi\u00e7a de Minas Gerais, Jarbas Soares J\u00fanior, em 2023;\u00a0e ao prefeito de Betim, Vittorio Medioli, em 2017.<\/p>\n<p>Em 2024, as medalhas ser\u00e3o entregues aos seguintes agraciados:<\/p>\n<p><strong>Grande Colar<\/strong><br \/>\nDeputado Luiz Tadeu Martins Leite, Presidente da Assembleia Legislativa de Minas Gerais (ALMG)<\/p>\n<p><strong>Matias Cardoso<\/strong><br \/>\nAnt\u00f4nio Fabr\u00edcio de Matos Gon\u00e7alves, Ministro do Tribunal Superior do Trabalho<br \/>\nThales Almeida Pereira Fernandes, Secret\u00e1rio de Estado de Agricultura, Pecu\u00e1ria e Abastecimento do Estado de Minas Gerais (Seapa)<br \/>\nBruno Terra Dias, Desembargador do Tribunal de Justi\u00e7a de Minas Gerais (TJMG)<br \/>\nAdalberto Guimar\u00e3es Menezes, Tenente-Coronel do Ex\u00e9rcito Brasileiro<br \/>\nMauro Ribeiro Lopes, Suplente de Deputado Federal<br \/>\nErnandes Ferreira da Silva, Presidente da C\u00e2mara de Dirigentes Lojistas de Montes Claros<br \/>\nFellipe Soares Leal, Advogado<br \/>\nJos\u00e9 Rosendo Lopes Francisco, Empres\u00e1rio<br \/>\nJairo Ferreira da Silva, Produtor de Eventos do Governo do Estado de Minas Gerais<br \/>\nPedro Alberto Batista Martins, Artes\u00e3o<\/p>\n<p><strong>Maria da Cruz<\/strong><br \/>\nC\u00e9lia Xakriab\u00e1, Deputada Federal<br \/>\nRaquel Batista Rocha Machado Teixeira, Promotora de Justi\u00e7a<br \/>\nTerezinha Marc\u00edlia do Amaral Toledo, Prefeita de Aracitaba<br \/>\nAline Brand\u00e3o Silva, Subsecret\u00e1ria de Cerimonial e Eventos da Secretaria de Estado de Governo<br \/>\nNilde Antunes Rodrigues Lage, Presidente da Associa\u00e7\u00e3o Central dos Fruticultores do Norte de Minas (Abanorte)<br \/>\nHilda Andr\u00e9a Loschi, Vice-Presidente do Sindicato Rural de Montes Claros<br \/>\nLuciana Maria Costa Cordeiro, Professora do Ensino Superior da Universidade Estadual de Montes Claros (Unimontes)<br \/>\nAna Maria Soares Valentini, Engenheira Florestal<br \/>\nKamila Karoline Silva Carvalho, 2\u00ba Sargento da Pol\u00edcia Militar de Minas Gerais (PMMG)<br \/>\nVanessa Sales Carvalho, Investigadora da Pol\u00edcia Civil de Minas Gerais (PCMG)<\/p>\n<p>Fonte: Ag\u00eancia Minas<\/p>\n<\/div>\n<p><\/main><\/p>\n","protected":false},"excerpt":{"rendered":"<p>O\u00a0Governo de Minas\u00a0realizou, neste domingo (8\/12), Dia dos Gerais, a entrega das medalhas Matias Cardoso e Maria da Cruz a pessoas que contribuem para o desenvolvimento\u00a0cultural, econ\u00f4mico e social do Norte do estado. O governador Romeu Zema concedeu a Medalha dos Gerais aos 20 homenageados, em solenidade realizada na cidade de Matias Cardoso. Dez homens [&hellip;]<\/p>\n","protected":false},"author":246,"featured_media":225828,"comment_status":"closed","ping_status":"closed","sticky":false,"template":"","format":"standard","meta":{"footnotes":""},"categories":[436,261,254,252,439],"tags":[],"class_list":["post-225827","post","type-post","status-publish","format-standard","has-post-thumbnail","hentry","category-destaque-da-semana","category-economia","category-politica","category-regiao","category-ultima-hora"],"_links":{"self":[{"href":"https:\/\/diarioregionaldigital.com.br\/index.php?rest_route=\/wp\/v2\/posts\/225827","targetHints":{"allow":["GET"]}}],"collection":[{"href":"https:\/\/diarioregionaldigital.com.br\/index.php?rest_route=\/wp\/v2\/posts"}],"about":[{"href":"https:\/\/diarioregionaldigital.com.br\/index.php?rest_route=\/wp\/v2\/types\/post"}],"author":[{"embeddable":true,"href":"https:\/\/diarioregionaldigital.com.br\/index.php?rest_route=\/wp\/v2\/users\/246"}],"replies":[{"embeddable":true,"href":"https:\/\/diarioregionaldigital.com.br\/index.php?rest_route=%2Fwp%2Fv2%2Fcomments&post=225827"}],"version-history":[{"count":1,"href":"https:\/\/diarioregionaldigital.com.br\/index.php?rest_route=\/wp\/v2\/posts\/225827\/revisions"}],"predecessor-version":[{"id":225829,"href":"https:\/\/diarioregionaldigital.com.br\/index.php?rest_route=\/wp\/v2\/posts\/225827\/revisions\/225829"}],"wp:featuredmedia":[{"embeddable":true,"href":"https:\/\/diarioregionaldigital.com.br\/index.php?rest_route=\/wp\/v2\/media\/225828"}],"wp:attachment":[{"href":"https:\/\/diarioregionaldigital.com.br\/index.php?rest_route=%2Fwp%2Fv2%2Fmedia&parent=225827"}],"wp:term":[{"taxonomy":"category","embeddable":true,"href":"https:\/\/diarioregionaldigital.com.br\/index.php?rest_route=%2Fwp%2Fv2%2Fcategories&post=225827"},{"taxonomy":"post_tag","embeddable":true,"href":"https:\/\/diarioregionaldigital.com.br\/index.php?rest_route=%2Fwp%2Fv2%2Ftags&post=225827"}],"curies":[{"name":"wp","href":"https:\/\/api.w.org\/{rel}","templated":true}]}}