{"id":225814,"date":"2024-12-06T20:09:04","date_gmt":"2024-12-06T23:09:04","guid":{"rendered":"https:\/\/diarioregionaldigital.com.br\/?p=225814"},"modified":"2024-12-06T20:09:04","modified_gmt":"2024-12-06T23:09:04","slug":"em-novembro-com-volume-de-chuva-acima-do-esperado-maioria-das-vistorias-da-defesa-civil-foram-de-prevencao","status":"publish","type":"post","link":"https:\/\/diarioregionaldigital.com.br\/?p=225814","title":{"rendered":"Em novembro com volume de chuva acima do esperado, maioria das vistorias da Defesa Civil foram de preven\u00e7\u00e3o"},"content":{"rendered":"<p>Segundo informa\u00e7\u00f5es do site da Prefeitura de Juiz de Fora (PJF), o in\u00edcio do per\u00edodo chuvoso de 2024-2025 em Juiz de Fora foi marcado por chuvas acima do hist\u00f3rico. Outubro registrou mais que o dobro do volume esperado para o m\u00eas, enquanto o m\u00eas de novembro deste ano registrou 27,87% a mais do que a m\u00e9dia esperada.<\/p>\n<div>As regi\u00f5es em que mais choveu durante novembro foram a Norte e a Leste &#8211; 302,03mm e 301,1 mm, respectivamente. Mesmo diante das chuvas intensas, o trabalho preventivo da Defesa Civil cresceu: no m\u00eas de novembro, 67,47% das vistorias realizadas pela Defesa Civil foram de car\u00e1ter preventivo.<\/div>\n<p>&nbsp;<\/p>\n<div>Como ressalta o subsecret\u00e1rio da Defesa Civil, Lu\u00eds Fernando Martins, as vistorias preventivas acontecem durante todo o ano. \u201cMonitoramos todas as \u00e1reas de risco em Juiz de Fora. A preven\u00e7\u00e3o \u00e9 fundamental para anteciparmos poss\u00edveis situa\u00e7\u00f5es de riscos e evitarmos desastres. Com a nova sala de situa\u00e7\u00e3o, o trabalho ficou ainda mais preciso\u201d, ressalta.<\/div>\n<p>&nbsp;<\/p>\n<div>Outras a\u00e7\u00f5es preventivas realizadas pela Defesa Civil em novembro foram palestras e vistorias em escolas; manuten\u00e7\u00e3o e limpeza de pluvi\u00f4metros; e vistorias conjuntas com o Corpo de Bombeiros em locais propensos a deslizamentos de terra que sofreram com queimadas no per\u00edodo de estiagem.<\/div>\n<p>&nbsp;<\/p>\n<div>O subsecret\u00e1rio refor\u00e7a, ainda, que \u00e9 importante que a popula\u00e7\u00e3o auxilie na preven\u00e7\u00e3o. \u201cOs\u00a0 meses de dezembro e janeiro s\u00e3o, historicamente, aqueles com maiores volumes de chuva em Juiz de Fora e, com o solo j\u00e1 encharcado, h\u00e1 aumento do risco de deslizamentos de terra. Por isso, \u00e9 necess\u00e1rio que a popula\u00e7\u00e3o fa\u00e7a a sua parte: n\u00e3o retire terra de barrancos, n\u00e3o jogue lixo em local irregular, mantenha as calhas limpas e fa\u00e7a o correto direcionamento da \u00e1gua da chuva\u201d, orienta. Caso seja verificado qualquer situa\u00e7\u00e3o de risco, as pessoas devem contatar a Defesa Civil pelo telefone 199.<\/div>\n<p>&nbsp;<\/p>\n<div><strong>Capacita\u00e7\u00f5es promovidas pela Defesa Civil<\/strong><\/div>\n<p>&nbsp;<\/p>\n<div>A Defesa Civil concluiu o \u201c<a href=\"https:\/\/www.pjf.mg.gov.br\/noticias\/view.php?modo=link2&amp;idnoticia2=85095\">Curso<\/a>\u00a0de Nivelamento de Conhecimento e Prepara\u00e7\u00e3o para o per\u00edodo chuvoso\u201d &#8211; voltado aos t\u00e9cnicos e engenheiros que realizam vistorias pelo \u00f3rg\u00e3o &#8211; e a \u201cCapacita\u00e7\u00e3o para as Atendentes do Telefone Emergencial 199\u201d. Os servidores tamb\u00e9m est\u00e3o participando de um curso de L\u00edngua Brasileira de Sinais (Libras), com o objetivo de tornar o atendimento cada vez mais inclusivo.<\/div>\n<p>&nbsp;<\/p>\n<div>Ainda em novembro, t\u00e9cnicos da Defesa Civil da Prefeitura de Juiz de Fora participaram do simulado de emerg\u00eancia do\u00a0<a href=\"https:\/\/www.pjf.mg.gov.br\/noticias\/view.php?modo=link2&amp;idnoticia2=84826\">Plano de Aux\u00edlio M\u00fatuo (PAM)<\/a>, em conjunto com diversos \u00f3rg\u00e3os e empresas. Tamb\u00e9m aconteceram as Atividades Pr\u00e1ticas do Curso de Forma\u00e7\u00e3o de Agentes Municipais de Prote\u00e7\u00e3o e Defesa Civil, promovido pela Defesa Civil Estadual, no munic\u00edpio de Ouro Preto\/MG. Os servidores tamb\u00e9m estiveram no\u00a0<a href=\"https:\/\/www.pjf.mg.gov.br\/noticias\/view.php?modo=link2&amp;idnoticia2=84867\">Congresso de Trauma e Emerg\u00eancia na UFJF<\/a>\u00a0 a fim de ressaltar a import\u00e2ncia do planejamento no atendimento de emerg\u00eancias.<\/div>\n<p>&nbsp;<\/p>\n<div>Al\u00e9m disso, a Defesa Civil foi convidada para participar do IV Semin\u00e1rio Catarinense de Educa\u00e7\u00e3o em Redu\u00e7\u00e3o de Riscos e Desastres e do\u00a0<a href=\"https:\/\/www.pjf.mg.gov.br\/noticias\/view.php?modo=link2&amp;idnoticia2=84851\">II F\u00f3rum Internacional de Universidades Parceiras na Preven\u00e7\u00e3o de Riscos e Desastres\u00a0<\/a>realizado em Florian\u00f3polis\/SC, entre os dias 05 e 08. No evento a Defesa Civil participou de forma ativa quando ministrou oficina com o tema &#8211; Mapeamento de Riscos Hidrol\u00f3gicos e a Metodologia Florima &#8211; Floods Risk Management &#8211; \u00e9 uma metodologia de mapeamento criada pela Defesa Civil de Juiz de Fora. No evento foi poss\u00edvel absorver conhecimentos para aprimorar cada vez mais as atividades em Juiz de Fora.<\/div>\n","protected":false},"excerpt":{"rendered":"<p>Segundo informa\u00e7\u00f5es do site da Prefeitura de Juiz de Fora (PJF), o in\u00edcio do per\u00edodo chuvoso de 2024-2025 em Juiz de Fora foi marcado por chuvas acima do hist\u00f3rico. Outubro registrou mais que o dobro do volume esperado para o m\u00eas, enquanto o m\u00eas de novembro deste ano registrou 27,87% a mais do que a [&hellip;]<\/p>\n","protected":false},"author":246,"featured_media":225815,"comment_status":"closed","ping_status":"closed","sticky":false,"template":"","format":"standard","meta":{"footnotes":""},"categories":[253,436,440,439],"tags":[],"class_list":["post-225814","post","type-post","status-publish","format-standard","has-post-thumbnail","hentry","category-cidade","category-destaque-da-semana","category-destaques-do-dia","category-ultima-hora"],"_links":{"self":[{"href":"https:\/\/diarioregionaldigital.com.br\/index.php?rest_route=\/wp\/v2\/posts\/225814","targetHints":{"allow":["GET"]}}],"collection":[{"href":"https:\/\/diarioregionaldigital.com.br\/index.php?rest_route=\/wp\/v2\/posts"}],"about":[{"href":"https:\/\/diarioregionaldigital.com.br\/index.php?rest_route=\/wp\/v2\/types\/post"}],"author":[{"embeddable":true,"href":"https:\/\/diarioregionaldigital.com.br\/index.php?rest_route=\/wp\/v2\/users\/246"}],"replies":[{"embeddable":true,"href":"https:\/\/diarioregionaldigital.com.br\/index.php?rest_route=%2Fwp%2Fv2%2Fcomments&post=225814"}],"version-history":[{"count":1,"href":"https:\/\/diarioregionaldigital.com.br\/index.php?rest_route=\/wp\/v2\/posts\/225814\/revisions"}],"predecessor-version":[{"id":225816,"href":"https:\/\/diarioregionaldigital.com.br\/index.php?rest_route=\/wp\/v2\/posts\/225814\/revisions\/225816"}],"wp:featuredmedia":[{"embeddable":true,"href":"https:\/\/diarioregionaldigital.com.br\/index.php?rest_route=\/wp\/v2\/media\/225815"}],"wp:attachment":[{"href":"https:\/\/diarioregionaldigital.com.br\/index.php?rest_route=%2Fwp%2Fv2%2Fmedia&parent=225814"}],"wp:term":[{"taxonomy":"category","embeddable":true,"href":"https:\/\/diarioregionaldigital.com.br\/index.php?rest_route=%2Fwp%2Fv2%2Fcategories&post=225814"},{"taxonomy":"post_tag","embeddable":true,"href":"https:\/\/diarioregionaldigital.com.br\/index.php?rest_route=%2Fwp%2Fv2%2Ftags&post=225814"}],"curies":[{"name":"wp","href":"https:\/\/api.w.org\/{rel}","templated":true}]}}