{"id":225808,"date":"2024-12-06T20:03:51","date_gmt":"2024-12-06T23:03:51","guid":{"rendered":"https:\/\/diarioregionaldigital.com.br\/?p=225808"},"modified":"2024-12-06T20:03:51","modified_gmt":"2024-12-06T23:03:51","slug":"governo-conclui-reforma-de-muralhas-e-guaritas-do-maior-complexo-penitenciario-de-minas","status":"publish","type":"post","link":"https:\/\/diarioregionaldigital.com.br\/?p=225808","title":{"rendered":"Governo conclui reforma de muralhas e guaritas do maior complexo penitenci\u00e1rio de Minas"},"content":{"rendered":"<p><main class=\"clear margin-md-bottom-3\"><\/p>\n<div class=\"clear \">\n<p>O\u00a0<a href=\"https:\/\/www.mg.gov.br\/\" target=\"_blank\" rel=\"noopener\">Governo de Minas<\/a>, por meio das secretarias de Estado de\u00a0<a href=\"http:\/\/www.infraestrutura.mg.gov.br\/\" target=\"_blank\" rel=\"noopener\">Infraestrutura, Mobilidade e Parcerias (Seinfra)<\/a>\u00a0e\u00a0de\u00a0<a href=\"https:\/\/www.seguranca.mg.gov.br\/\" target=\"_blank\" rel=\"noopener\">Justi\u00e7a e Seguran\u00e7a P\u00fablica (Sejusp)<\/a>, concluiu as obras de refor\u00e7o estrutural dos quatro quil\u00f4metros de extens\u00e3o das muralhas do Complexo Penitenci\u00e1rio Nelson Hungria, em Contagem, na Regi\u00e3o Metropolitana de Belo Horizonte. Tamb\u00e9m foram entregues a reforma das guaritas externas e da cerca el\u00e9trica, al\u00e9m da substitui\u00e7\u00e3o parcial das concertinas.<\/p>\n<p>Esta \u00e9 a primeira vez que o Complexo, o maior e um dos mais importantes do estado, recebe uma reforma desse porte em toda a extens\u00e3o da muralha, desde a sua inaugura\u00e7\u00e3o, em 1988. No total, foram investidos cerca de R$ 12 milh\u00f5es. Uma visita ao local foi realizada na manh\u00e3 desta sexta-feira (6\/12) para marcar a entrega da obra.<\/p>\n<p>\u201cHoje \u00e9 um dia hist\u00f3rico. Essa obra representa mais uma miss\u00e3o cumprida. Estamos com dezenas de obras e reformas em andamento nas nossas unidades prisionais, poss\u00edveis gra\u00e7as ao esfor\u00e7o do Governo de Minas, que investiu mais de R$ 70 milh\u00f5es no sistema prisional. Nunca houve um investimento desse porte no sistema penitenci\u00e1rio\u201d, ressaltou o secret\u00e1rio de Estado de Justi\u00e7a e Seguran\u00e7a P\u00fablica, Rog\u00e9rio Greco.<\/p>\n<p>Os 344 pilares originais da edifica\u00e7\u00e3o foram refor\u00e7ados e, para mais seguran\u00e7a, adicionados mais 116. Os trabalhos tamb\u00e9m inclu\u00edram a demoli\u00e7\u00e3o e recomposi\u00e7\u00e3o do reboco, tanto no lado interno quanto no externo. Na passarela, por onde transitam os policiais penais, foram reformados o piso, a laje e alvenaria de parte da mureta.<\/p>\n<p><b>M\u00e3o de obra prisional e melhoria para profissionais<\/b><\/p>\n<p>Al\u00e9m de mais seguran\u00e7a para todos os mineiros, a reforma da Muralha do Complexo Penitenci\u00e1rio Nelson Hungria representa, tamb\u00e9m, melhorias nas rotinas de trabalho para todos os policiais penais da unidade. Esse destaque foi feito pelo diretor-geral do\u00a0<a href=\"https:\/\/depen.seguranca.mg.gov.br\/\" target=\"_blank\" rel=\"noopener\">Departamento Penitenci\u00e1rio de Minas Gerais (Depen-MG)<\/a>, Leonardo Badar\u00f3, durante a entrega da obra.<\/p>\n<p>&#8220;Quero elencar esta importante entrega, que vai dar melhores condi\u00e7\u00f5es de trabalho e seguran\u00e7a para os servidores. Todos os policiais penais e demais servidores do Departamento Penitenci\u00e1rio s\u00e3o gratos, por tudo que j\u00e1 foi realizado em termos de melhorias. Estamos avan\u00e7ando. A gente consegue olhar para tr\u00e1s e constatar, mas, ao mesmo tempo, sabemos o que precisa ser melhorado&#8221;, destacou Badar\u00f3.<\/p>\n<p>Al\u00e9m dos oper\u00e1rios contratados pela empresa respons\u00e1vel pelas obras, os servi\u00e7os contaram com a m\u00e3o de obra de 25 presos. A execu\u00e7\u00e3o desta obra foi realizada pela Seinfra<\/p>\n<p>O secret\u00e1rio adjunto da pasta de Infraestrutura, Pedro Calixto, destacou a parceria com a Sejusp e o esfor\u00e7o do Governo no aprimoramento de todas as infraestruturas p\u00fablicas do Estado. &#8220;\u00c9 motivo de muito orgulho entregarmos esta obra, que reflete o compromisso do Governo de Minas em garantir a seguran\u00e7a e boa qualidade do servi\u00e7o p\u00fablico&#8221;.<\/p>\n<p>Fonte: Ag\u00eancia Minas<\/p>\n<\/div>\n<p><\/main><\/p>\n","protected":false},"excerpt":{"rendered":"<p>O\u00a0Governo de Minas, por meio das secretarias de Estado de\u00a0Infraestrutura, Mobilidade e Parcerias (Seinfra)\u00a0e\u00a0de\u00a0Justi\u00e7a e Seguran\u00e7a P\u00fablica (Sejusp), concluiu as obras de refor\u00e7o estrutural dos quatro quil\u00f4metros de extens\u00e3o das muralhas do Complexo Penitenci\u00e1rio Nelson Hungria, em Contagem, na Regi\u00e3o Metropolitana de Belo Horizonte. Tamb\u00e9m foram entregues a reforma das guaritas externas e da cerca [&hellip;]<\/p>\n","protected":false},"author":246,"featured_media":225809,"comment_status":"closed","ping_status":"closed","sticky":false,"template":"","format":"standard","meta":{"footnotes":""},"categories":[436,261,254,439],"tags":[],"class_list":["post-225808","post","type-post","status-publish","format-standard","has-post-thumbnail","hentry","category-destaque-da-semana","category-economia","category-politica","category-ultima-hora"],"_links":{"self":[{"href":"https:\/\/diarioregionaldigital.com.br\/index.php?rest_route=\/wp\/v2\/posts\/225808","targetHints":{"allow":["GET"]}}],"collection":[{"href":"https:\/\/diarioregionaldigital.com.br\/index.php?rest_route=\/wp\/v2\/posts"}],"about":[{"href":"https:\/\/diarioregionaldigital.com.br\/index.php?rest_route=\/wp\/v2\/types\/post"}],"author":[{"embeddable":true,"href":"https:\/\/diarioregionaldigital.com.br\/index.php?rest_route=\/wp\/v2\/users\/246"}],"replies":[{"embeddable":true,"href":"https:\/\/diarioregionaldigital.com.br\/index.php?rest_route=%2Fwp%2Fv2%2Fcomments&post=225808"}],"version-history":[{"count":1,"href":"https:\/\/diarioregionaldigital.com.br\/index.php?rest_route=\/wp\/v2\/posts\/225808\/revisions"}],"predecessor-version":[{"id":225810,"href":"https:\/\/diarioregionaldigital.com.br\/index.php?rest_route=\/wp\/v2\/posts\/225808\/revisions\/225810"}],"wp:featuredmedia":[{"embeddable":true,"href":"https:\/\/diarioregionaldigital.com.br\/index.php?rest_route=\/wp\/v2\/media\/225809"}],"wp:attachment":[{"href":"https:\/\/diarioregionaldigital.com.br\/index.php?rest_route=%2Fwp%2Fv2%2Fmedia&parent=225808"}],"wp:term":[{"taxonomy":"category","embeddable":true,"href":"https:\/\/diarioregionaldigital.com.br\/index.php?rest_route=%2Fwp%2Fv2%2Fcategories&post=225808"},{"taxonomy":"post_tag","embeddable":true,"href":"https:\/\/diarioregionaldigital.com.br\/index.php?rest_route=%2Fwp%2Fv2%2Ftags&post=225808"}],"curies":[{"name":"wp","href":"https:\/\/api.w.org\/{rel}","templated":true}]}}