{"id":225789,"date":"2024-12-05T22:05:36","date_gmt":"2024-12-06T01:05:36","guid":{"rendered":"https:\/\/diarioregionaldigital.com.br\/?p=225789"},"modified":"2024-12-05T22:05:36","modified_gmt":"2024-12-06T01:05:36","slug":"pjf-inaugura-casa-do-papai-noel-no-espaco-cidade","status":"publish","type":"post","link":"https:\/\/diarioregionaldigital.com.br\/?p=225789","title":{"rendered":"PJF inaugura Casa do Papai Noel no Espa\u00e7o Cidade"},"content":{"rendered":"<p>Segundo informa\u00e7\u00f5es do site da Prefeitura de Juiz de Fora (PJF), nesta \u00faltima ter\u00e7a-feira, 3, a Prefeitura de Juiz de Fora (PJF) inaugurou a Casa do Papai Noel, dentro do Espa\u00e7o Cidade. O local \u00e9 mais um entre os espa\u00e7os decorados pelos \u201cSonhos de Natal\u201d, tem\u00e1tica escolhida para as festas de fim de ano na cidade. A inaugura\u00e7\u00e3o contou com apresenta\u00e7\u00f5es dos corais Vox Uomini e Coro Municipal de Juiz de Fora, al\u00e9m do in\u00edcio da feira de expositores locais da economia solid\u00e1ria. A crian\u00e7ada teve direito a pipoca e algod\u00e3o doce al\u00e9m de poder tirar foto com o Papai Noel.<\/p>\n<p>O secret\u00e1rio Marcelo do Carmo destacou a import\u00e2ncia da ocupa\u00e7\u00e3o de um espa\u00e7o p\u00fablico importante historicamente para Juiz de Fora. \u201c\u00c9 a primeira vez que o Espa\u00e7o Cidade est\u00e1 sendo aberto como a Casa do Papai Noel, mas tamb\u00e9m \u00e9 o terceiro ano consecutivo que a PJF, atrav\u00e9s do Programa Boniteza e demais secretarias, lan\u00e7a as luzes de Natal. Desta vez, os \u2018Sonhos de Natal\u2019 \u00e9 quem segue iluminando, enfeitando e alegrando as festas de fim de ano nesta cidade\u201d, ressaltou o secret\u00e1rio.<\/p>\n<p>O evento teve a participa\u00e7\u00e3o ilustre do Papai Noel, que tamb\u00e9m estar\u00e1 pelo local para tirar fotos e ouvir os desejos de todas as faixas et\u00e1rias. A Casa do Papai Noel fica localizada na Avenida Rio Branco, n\u00b0 2234, ao lado do Parque Halfeld, que recebe a presen\u00e7a do bom velhinho entre \u00e0s 18h e 21h nos dias 6, 8,13,14, 15, 21 e 22.<\/p>\n<div>\nO Natal promovido pela PJF conta com o apoio das empresas e associa\u00e7\u00f5es parceiras, como a Associa\u00e7\u00e3o das Cervejarias da Zona da Mata Mineira (Unicerva\/ZM), C\u00e2mara de Dirigentes Lojistas de Juiz de Fora (CDL), Sindicato de Hoteis, Restaurantes, Bares e Similares de Juiz de Fora, Estapar, Reza Forte e Mix Alternativa.<\/p>\n<p><strong>Confira as atra\u00e7\u00f5es culturais promovidas pelos \u201cSonhos de Natal\u201d nesta semana, sempre a partir das 18h:<\/strong><\/p>\n<p>Quinta-feira (05\/12) :<\/p><\/div>\n<div>\n&#8211; Batuque Delas, no Parque Halfeld, e Luciano Baptista, na Pra\u00e7a\u00a0 Kennedy<\/p>\n<p>Sexta-feira (06\/12)<\/p><\/div>\n<div>\n&#8211; Junior Melo (voz e viol\u00e3o), na Mister Moore; Glauco Batista, na Pra\u00e7a do Bairu, e Felipe Couto, na Pra\u00e7a S\u00e3o Mateus<\/p>\n<p>S\u00e1bado (07\/12):<\/p><\/div>\n<p>&nbsp;<\/p>\n<div>&#8211; GigaSom, na Pra\u00e7a do Manoel Hon\u00f3rio, e Thiago Lopes, na Pra\u00e7a do Bom Pastor<\/p>\n<p>Domingo (08\/12):<\/p><\/div>\n<div>\n&#8211; Mulheres no Samba, no Morro do Imperador<\/div>\n","protected":false},"excerpt":{"rendered":"<p>Segundo informa\u00e7\u00f5es do site da Prefeitura de Juiz de Fora (PJF), nesta \u00faltima ter\u00e7a-feira, 3, a Prefeitura de Juiz de Fora (PJF) inaugurou a Casa do Papai Noel, dentro do Espa\u00e7o Cidade. O local \u00e9 mais um entre os espa\u00e7os decorados pelos \u201cSonhos de Natal\u201d, tem\u00e1tica escolhida para as festas de fim de ano na [&hellip;]<\/p>\n","protected":false},"author":246,"featured_media":225790,"comment_status":"closed","ping_status":"closed","sticky":false,"template":"","format":"standard","meta":{"footnotes":""},"categories":[253,436,440,439],"tags":[],"class_list":["post-225789","post","type-post","status-publish","format-standard","has-post-thumbnail","hentry","category-cidade","category-destaque-da-semana","category-destaques-do-dia","category-ultima-hora"],"_links":{"self":[{"href":"https:\/\/diarioregionaldigital.com.br\/index.php?rest_route=\/wp\/v2\/posts\/225789","targetHints":{"allow":["GET"]}}],"collection":[{"href":"https:\/\/diarioregionaldigital.com.br\/index.php?rest_route=\/wp\/v2\/posts"}],"about":[{"href":"https:\/\/diarioregionaldigital.com.br\/index.php?rest_route=\/wp\/v2\/types\/post"}],"author":[{"embeddable":true,"href":"https:\/\/diarioregionaldigital.com.br\/index.php?rest_route=\/wp\/v2\/users\/246"}],"replies":[{"embeddable":true,"href":"https:\/\/diarioregionaldigital.com.br\/index.php?rest_route=%2Fwp%2Fv2%2Fcomments&post=225789"}],"version-history":[{"count":1,"href":"https:\/\/diarioregionaldigital.com.br\/index.php?rest_route=\/wp\/v2\/posts\/225789\/revisions"}],"predecessor-version":[{"id":225791,"href":"https:\/\/diarioregionaldigital.com.br\/index.php?rest_route=\/wp\/v2\/posts\/225789\/revisions\/225791"}],"wp:featuredmedia":[{"embeddable":true,"href":"https:\/\/diarioregionaldigital.com.br\/index.php?rest_route=\/wp\/v2\/media\/225790"}],"wp:attachment":[{"href":"https:\/\/diarioregionaldigital.com.br\/index.php?rest_route=%2Fwp%2Fv2%2Fmedia&parent=225789"}],"wp:term":[{"taxonomy":"category","embeddable":true,"href":"https:\/\/diarioregionaldigital.com.br\/index.php?rest_route=%2Fwp%2Fv2%2Fcategories&post=225789"},{"taxonomy":"post_tag","embeddable":true,"href":"https:\/\/diarioregionaldigital.com.br\/index.php?rest_route=%2Fwp%2Fv2%2Ftags&post=225789"}],"curies":[{"name":"wp","href":"https:\/\/api.w.org\/{rel}","templated":true}]}}