{"id":225783,"date":"2024-12-05T21:58:28","date_gmt":"2024-12-06T00:58:28","guid":{"rendered":"https:\/\/diarioregionaldigital.com.br\/?p=225783"},"modified":"2024-12-05T21:58:28","modified_gmt":"2024-12-06T00:58:28","slug":"projeto-da-educacao-com-ministerio-publico-vai-percorrer-minas-contando-historias-de-comunidades-escolares","status":"publish","type":"post","link":"https:\/\/diarioregionaldigital.com.br\/?p=225783","title":{"rendered":"Projeto da Educa\u00e7\u00e3o com Minist\u00e9rio P\u00fablico vai percorrer Minas contando hist\u00f3rias de comunidades escolares"},"content":{"rendered":"<p>Uma sala de aula vai muito al\u00e9m de um espa\u00e7o para aprender matem\u00e1tica ou portugu\u00eas. \u00c9 tamb\u00e9m um lugar onde hist\u00f3rias de vidas se cruzam e marcam gera\u00e7\u00f5es. Foi com\u00a0o objetivo de registrar esses relatos\u00a0 que a\u00a0<a href=\"https:\/\/www.educacao.mg.gov.br\/\" target=\"_blank\" rel=\"noopener\">Secretaria de Estado de Educa\u00e7\u00e3o de Minas Gerais (SEE\/MG)<\/a>\u00a0e o Minist\u00e9rio P\u00fablico de Minas Gerais (MPMG) lan\u00e7aram o projeto Moradores Educa\u00e7\u00e3o.<\/p>\n<p>O projeto cultural e educativo busca resgatar e registrar as mem\u00f3rias afetivas de comunidades escolares, transformando escolas em cen\u00e1rios de pertencimento e valoriza\u00e7\u00e3o da identidade cultural. A iniciativa passar\u00e1 por oito escolas estaduais de diferentes regi\u00f5es do estado at\u00e9 2026, come\u00e7ando pela Escola Estadual Professor Morais, no bairro Padre Eust\u00e1quio, em Belo Horizonte. O document\u00e1rio est\u00e1\u00a0<a title=\"https:\/\/vimeo.com\/1034609070?share=copy\" href=\"https:\/\/vimeo.com\/1034609070?share=copy\" target=\"_blank\" rel=\"noopener noreferrer\" data-auth=\"NotApplicable\" data-linkindex=\"0\">dispon\u00edvel neste link.<\/a><\/p>\n<p><strong>Escola \u00e9 mem\u00f3ria<\/strong><\/p>\n<p>A abertura do projeto aconteceu na \u00faltima ter\u00e7a-feira (3\/12), com a exibi\u00e7\u00e3o de um document\u00e1rio produzido pela comunidade escolar da primeira institui\u00e7\u00e3o. O evento inclui tamb\u00e9m a inaugura\u00e7\u00e3o de uma exposi\u00e7\u00e3o fotogr\u00e1fica em pain\u00e9is na pra\u00e7a ao lado da escola e um varal de fotos reveladas, que poder\u00e3o ser levadas como recorda\u00e7\u00e3o pelos participantes.<\/p>\n<table border=\"0\" cellspacing=\"1\" cellpadding=\"1\" align=\"center\">\n<tbody>\n<tr>\n<td colspan=\"5\"><img decoding=\"async\" src=\"https:\/\/www.agenciaminas.mg.gov.br\/ckeditor_assets\/pictures\/20949\/content_2_olho_topo.jpg\" alt=\"\" \/><\/td>\n<\/tr>\n<tr>\n<td><\/td>\n<td colspan=\"3\" rowspan=\"3\">\n<h1><strong>&#8220;Essa iniciativa valoriza a mem\u00f3ria de cada indiv\u00edduo que passou por nossas institui\u00e7\u00f5es de ensino e inspira novas gera\u00e7\u00f5es a deixarem suas pr\u00f3prias marcas e conquistas&#8221;, destacou o secret\u00e1rio de Estado de Educa\u00e7\u00e3o, Igor de Alvarenga.<\/strong><\/h1>\n<\/td>\n<td><\/td>\n<\/tr>\n<tr>\n<td><\/td>\n<td><\/td>\n<\/tr>\n<tr>\n<td><\/td>\n<td><\/td>\n<\/tr>\n<tr>\n<td colspan=\"5\"><img decoding=\"async\" src=\"https:\/\/www.agenciaminas.mg.gov.br\/ckeditor_assets\/pictures\/20950\/content_2_olho_inferior.jpg\" alt=\"\" \/><\/td>\n<\/tr>\n<\/tbody>\n<\/table>\n<p>Para a promotora de Justi\u00e7a e coordenadora do Centro de Apoio \u00e0s Promotorias de Defesa da Educa\u00e7\u00e3o,\u00a0Ana Carolina Zambom, o projeto retrata a escola como um espa\u00e7o de constru\u00e7\u00e3o de mem\u00f3rias e identidade. \u201cEduca\u00e7\u00e3o e escola se expandem para al\u00e9m dos espa\u00e7os f\u00edsicos. A escola \u00e9 pertencimento, \u00e9 um espa\u00e7o de cria\u00e7\u00e3o de mem\u00f3ria e de constru\u00e7\u00e3o de sonhos\u201d.<\/p>\n<p><strong>Ontem e hoje<\/strong><\/p>\n<p>Passado e presente se cruzam entre as hist\u00f3rias resgatadas. Uma delas \u00e9 a de Alice Santos, de 99 anos, ex-estudante da E.E. Professor Morais. Mesmo com o passar das d\u00e9cadas, ela ainda guarda na mem\u00f3ria as traquinagens da inf\u00e2ncia. \u201cHoje, tudo \u00e9 s\u00f3 lembran\u00e7a de uma inf\u00e2ncia feliz\u201d, conta com sorriso nost\u00e1lgico.<\/p>\n<p>Num pulo para a sala de aula em 2024, est\u00e1 Maria Fernanda Costa, 18 anos, cursando o 3\u00ba ano do ensino m\u00e9dio. \u201c\u00c9 gratificante saber que parte do meu \u00faltimo ano no \u2018Morais\u2019 vai estar registrado para sempre. A gente esquece como \u00e9 bom poder ser escutado e apreciado\u201d, diz a jovem que tamb\u00e9m participou da oficina audiovisual.<\/p>\n<p>Outras trajet\u00f3rias emocionaram a equipe do projeto, como a de L\u00edgia Andrade, que come\u00e7ou como auxiliar de limpeza e passou 30 anos na cozinha da escola, ajudando a alimentar milhares de estudantes. \u201cOs mais levados eu chamava para me ajudar na cantina. Dava uma merenda a mais e, em troca, ganhava florzinhas para enfeitar o balc\u00e3o\u201d, relembrou.<\/p>\n<div>\n<figure class=\"image\"><img decoding=\"async\" src=\"https:\/\/www.agenciaminas.mg.gov.br\/ckeditor_assets\/pictures\/22079\/content_mosaico_2.jpg\" alt=\"\" \/><figcaption><em><sub>Marcus Desimoni \/ NITRO 6<\/sub><\/em><\/figcaption><\/figure>\n<\/div>\n<p>A atual diretora da escola, Michele Fransciscani, tamb\u00e9m se emocionou ao participar do document\u00e1rio. \u201cFoi um resgate profundo da mem\u00f3ria. Recebemos depoimentos de pessoas que fizeram parte da hist\u00f3ria da escola h\u00e1 d\u00e9cadas. \u00c9 emocionante ver como a escola impactou tantas vidas\u201d, declarou.<\/p>\n<p>O projeto tamb\u00e9m envolve diretamente os estudantes, que participam de oficinas culturais sobre fotografia, filmagem e registro de hist\u00f3rias. Na E.E. Professor Morais, os alunos contribu\u00edram na produ\u00e7\u00e3o do document\u00e1rio e da exposi\u00e7\u00e3o fotogr\u00e1fica. Ao todo, cerca de 150 moradores da comunidade escolar do \u2018Morais\u2019 compartilharam suas hist\u00f3rias.<\/p>\n<p><strong>Um estado, muitas mem\u00f3rias<\/strong><\/p>\n<p>At\u00e9 2026, o Projeto Moradores Educa\u00e7\u00e3o vai percorrer outras sete cidades: Governador Valadares, Janu\u00e1ria, Juiz de Fora, Po\u00e7os de Caldas, S\u00e3o Jo\u00e3o das Miss\u00f5es, Te\u00f3filo Otoni e Uberaba. Cada escola foi escolhida para representar a diversidade mineira, abrangendo realidades urbanas, rurais, ind\u00edgenas e quilombolas.<\/p>\n<p>Todo o processo de sele\u00e7\u00e3o das escolas e capta\u00e7\u00e3o das hist\u00f3rias foi constru\u00eddo em parceria com a SEE-MG, que mobilizou suas regionais para indicar institui\u00e7\u00f5es representativas de diferentes contextos. A equipe do projeto visitou cada escola para conhecer a comunidade e adaptar as a\u00e7\u00f5es \u00e0s realidades locais.<\/p>\n<p>A ideia \u00e9 que cada edi\u00e7\u00e3o do \u201cMoradores Educa\u00e7\u00e3o\u201d seja um movimento cont\u00ednuo de trocas afetivas, fortalecendo os la\u00e7os entre escolas e comunidades e celebrando o papel transformador da educa\u00e7\u00e3o.<\/p>\n<p>\u201cEstamos transformando mem\u00f3rias em patrim\u00f4nio cultural. Cada depoimento registrado \u00e9 um peda\u00e7o da hist\u00f3ria de Minas Gerais que ficar\u00e1 para sempre\u201d, concluiu Igor de Alvarenga.<\/p>\n<p><b>Apoio e parcerias\u00a0<\/b><\/p>\n<p>O Moradores Educa\u00e7\u00e3o foi idealizado pela Nitro Hist\u00f3rias Visuais e \u00e9 um bra\u00e7o do Projeto Moradores \u2013 A Humanidade do Patrim\u00f4nio. Esta primeira fase \u00e9 uma realiza\u00e7\u00e3o do Centro de Interc\u00e2mbio e Refer\u00eancia Cultural (CIRC), com a parceria da SEE\/MG, o apoio do Minist\u00e9rio P\u00fablico de Minas Gerais e viabilizado com recursos de medidas compensat\u00f3rias, via Plataforma Semente.<\/p>\n<p>Fonte: Ag\u00eancia Minas<\/p>\n","protected":false},"excerpt":{"rendered":"<p>Uma sala de aula vai muito al\u00e9m de um espa\u00e7o para aprender matem\u00e1tica ou portugu\u00eas. \u00c9 tamb\u00e9m um lugar onde hist\u00f3rias de vidas se cruzam e marcam gera\u00e7\u00f5es. Foi com\u00a0o objetivo de registrar esses relatos\u00a0 que a\u00a0Secretaria de Estado de Educa\u00e7\u00e3o de Minas Gerais (SEE\/MG)\u00a0e o Minist\u00e9rio P\u00fablico de Minas Gerais (MPMG) lan\u00e7aram o projeto [&hellip;]<\/p>\n","protected":false},"author":246,"featured_media":225784,"comment_status":"closed","ping_status":"closed","sticky":false,"template":"","format":"standard","meta":{"footnotes":""},"categories":[436,261,254,439],"tags":[],"class_list":["post-225783","post","type-post","status-publish","format-standard","has-post-thumbnail","hentry","category-destaque-da-semana","category-economia","category-politica","category-ultima-hora"],"_links":{"self":[{"href":"https:\/\/diarioregionaldigital.com.br\/index.php?rest_route=\/wp\/v2\/posts\/225783","targetHints":{"allow":["GET"]}}],"collection":[{"href":"https:\/\/diarioregionaldigital.com.br\/index.php?rest_route=\/wp\/v2\/posts"}],"about":[{"href":"https:\/\/diarioregionaldigital.com.br\/index.php?rest_route=\/wp\/v2\/types\/post"}],"author":[{"embeddable":true,"href":"https:\/\/diarioregionaldigital.com.br\/index.php?rest_route=\/wp\/v2\/users\/246"}],"replies":[{"embeddable":true,"href":"https:\/\/diarioregionaldigital.com.br\/index.php?rest_route=%2Fwp%2Fv2%2Fcomments&post=225783"}],"version-history":[{"count":1,"href":"https:\/\/diarioregionaldigital.com.br\/index.php?rest_route=\/wp\/v2\/posts\/225783\/revisions"}],"predecessor-version":[{"id":225785,"href":"https:\/\/diarioregionaldigital.com.br\/index.php?rest_route=\/wp\/v2\/posts\/225783\/revisions\/225785"}],"wp:featuredmedia":[{"embeddable":true,"href":"https:\/\/diarioregionaldigital.com.br\/index.php?rest_route=\/wp\/v2\/media\/225784"}],"wp:attachment":[{"href":"https:\/\/diarioregionaldigital.com.br\/index.php?rest_route=%2Fwp%2Fv2%2Fmedia&parent=225783"}],"wp:term":[{"taxonomy":"category","embeddable":true,"href":"https:\/\/diarioregionaldigital.com.br\/index.php?rest_route=%2Fwp%2Fv2%2Fcategories&post=225783"},{"taxonomy":"post_tag","embeddable":true,"href":"https:\/\/diarioregionaldigital.com.br\/index.php?rest_route=%2Fwp%2Fv2%2Ftags&post=225783"}],"curies":[{"name":"wp","href":"https:\/\/api.w.org\/{rel}","templated":true}]}}