{"id":225779,"date":"2024-12-05T21:57:26","date_gmt":"2024-12-06T00:57:26","guid":{"rendered":"https:\/\/diarioregionaldigital.com.br\/?p=225779"},"modified":"2024-12-05T21:57:26","modified_gmt":"2024-12-06T00:57:26","slug":"governo-de-minas-entrega-primeiro-lote-de-66-novos-onibus-e-beneficia-a-populacao-que-usa-o-transporte-metropolitano","status":"publish","type":"post","link":"https:\/\/diarioregionaldigital.com.br\/?p=225779","title":{"rendered":"Governo de Minas entrega primeiro lote de 66 novos \u00f4nibus e beneficia a popula\u00e7\u00e3o que usa o transporte metropolitano"},"content":{"rendered":"<p><main class=\"clear margin-md-bottom-3\"><\/p>\n<div class=\"clear \">\n<p>O\u00a0<a href=\"https:\/\/www.mg.gov.br\/\" target=\"_blank\" rel=\"noopener\">Governo de Minas<\/a>\u00a0entregou, nesta quinta-feira (5\/12), 66 novos \u00f4nibus para o sistema de transporte p\u00fablico da Regi\u00e3o Metropolitana de Belo Horizonte (RMBH),\u00a0em cerim\u00f4nia no Terminal S\u00e3o Benedito, em Santa Luzia, que contou com a presen\u00e7a do governador Romeu Zema.<\/p>\n<p>Outros 784 ve\u00edculos novos ser\u00e3o entregues at\u00e9 o final de 2025, renovando cerca de 33% da frota total e melhorando a qualidade do servi\u00e7o para a popula\u00e7\u00e3o. \u201cPara mim, \u00e9 uma felicidade muito grande estar aqui neste momento, que \u00e9 o pontap\u00e9 inicial na substitui\u00e7\u00e3o de 850 \u00f4nibus metropolitanos\u201d, disse o governador de Minas, que destacou ainda as melhorias que a popula\u00e7\u00e3o deve observar.<\/p>\n<table border=\"0\" cellspacing=\"1\" cellpadding=\"1\" align=\"center\">\n<tbody>\n<tr>\n<td colspan=\"5\"><img decoding=\"async\" src=\"https:\/\/www.agenciaminas.mg.gov.br\/ckeditor_assets\/pictures\/20949\/content_2_olho_topo.jpg\" alt=\"\" \/><\/td>\n<\/tr>\n<tr>\n<td><\/td>\n<td colspan=\"3\" rowspan=\"3\">\n<h1><strong>&#8220;S\u00e3o ve\u00edculos mais confort\u00e1veis, \u00e1geis e seguros que v\u00e3o propiciar uma melhora no transporte coletivo da regi\u00e3o metropolitana. Por isso, eu quero agradecer ao empenho de todos os \u00f3rg\u00e3os que fizeram parte dessa entrega&#8221;, afirmou Romeu Zema.<\/strong><\/h1>\n<\/td>\n<td><\/td>\n<\/tr>\n<tr>\n<td><\/td>\n<td><\/td>\n<\/tr>\n<tr>\n<td><\/td>\n<td><\/td>\n<\/tr>\n<tr>\n<td colspan=\"5\"><img decoding=\"async\" src=\"https:\/\/www.agenciaminas.mg.gov.br\/ckeditor_assets\/pictures\/20950\/content_2_olho_inferior.jpg\" alt=\"\" \/><\/td>\n<\/tr>\n<\/tbody>\n<\/table>\n<p>Essa aquisi\u00e7\u00e3o dos novos \u00f4nibus faz parte do\u00a0acordo assinado, em setembro de 2024, junto ao Minist\u00e9rio P\u00fablico de Minas Gerais (MPMG) e ao Tribunal de Contas de Minas Gerais (TCE-MG), sob intermedia\u00e7\u00e3o da\u00a0<a href=\"http:\/\/www.infraestrutura.mg.gov.br\/\" target=\"_blank\" rel=\"noopener\">Secretaria de Estado de Infraestrutura, Mobilidade e Parcerias (Seinfra)<\/a>, da\u00a0<a href=\"https:\/\/www.cge.mg.gov.br\/\" target=\"_blank\" rel=\"noopener\">Controladoria-Geral do Estado (CGE-MG)<\/a>\u00a0e da\u00a0<a href=\"https:\/\/advocaciageral.mg.gov.br\/\" target=\"_blank\" rel=\"noopener\">Advocacia-Geral do Estado (AGE-MG)<\/a>.<\/p>\n<p>Para a compra de 600 novos ve\u00edculos est\u00e3o sendo destinados, integralmente, R$ 382 milh\u00f5es, a t\u00edtulo de indeniza\u00e7\u00e3o para reequilibrar os contratos de transporte coletivo em fun\u00e7\u00e3o dos impactos causados pela pandemia. Al\u00e9m disso, as concession\u00e1rias que operam o transporte p\u00fablico da RMBH assumiram o compromisso de adquirir, com recursos pr\u00f3prios, mais 250 \u00f4nibus em 2025.<\/p>\n<p><strong>Renova\u00e7\u00e3o<\/strong><\/p>\n<p>At\u00e9 o fim do pr\u00f3ximo ano, com a entrada dos novos ve\u00edculos, haver\u00e1 redu\u00e7\u00e3o da idade m\u00e9dia da frota de 2,4 mil \u00f4nibus, passando dos atuais 11 anos para seis anos. Os crit\u00e9rios para a aloca\u00e7\u00e3o dos \u00f4nibus novos, entre as 640 linhas do transporte p\u00fablico da RMBH, foram estabelecidos em comum acordo com os cons\u00f3rcios e a Seinfra, respeitando propor\u00e7\u00e3o entre as sete Redes Integradas de Transporte que comp\u00f5em o Sistema Metropolitano.<\/p>\n<p>O\u00a0secret\u00e1rio de Estado de Infraestrutura, Mobilidade e Parcerias, Pedro Bruno, ressaltou a melhoria na qualidade das viagens oferecidas aos usu\u00e1rios do transporte coletivo com os novos ve\u00edculos nas ruas.<\/p>\n<table border=\"0\" cellspacing=\"1\" cellpadding=\"1\" align=\"center\">\n<tbody>\n<tr>\n<td colspan=\"5\"><img decoding=\"async\" src=\"https:\/\/www.agenciaminas.mg.gov.br\/ckeditor_assets\/pictures\/20949\/content_2_olho_topo.jpg\" alt=\"\" \/><\/td>\n<\/tr>\n<tr>\n<td><\/td>\n<td colspan=\"3\" rowspan=\"3\">\n<h1><strong>&#8220;Com essa entrega, n\u00f3s vamos reduzir a idade m\u00e9dia da frota que s\u00e3o 11 anos para seis. Estar aqui entregando esses novos \u00f4nibus \u00e9 uma realiza\u00e7\u00e3o para n\u00f3s do Governo de Minas&#8221;, explicou o secret\u00e1rio de Estado de Infraestrutura, Mobilidade e Parcerias, Pedro Bruno.<\/strong><\/h1>\n<\/td>\n<td><\/td>\n<\/tr>\n<tr>\n<td><\/td>\n<td><\/td>\n<\/tr>\n<tr>\n<td><\/td>\n<td><\/td>\n<\/tr>\n<tr>\n<td colspan=\"5\"><img decoding=\"async\" src=\"https:\/\/www.agenciaminas.mg.gov.br\/ckeditor_assets\/pictures\/20950\/content_2_olho_inferior.jpg\" alt=\"\" \/><\/td>\n<\/tr>\n<\/tbody>\n<\/table>\n<p>Nesse primeiro lote, ser\u00e3o 38 novos \u00f4nibus direcionados para a regi\u00e3o de Santa Luzia, Ribeir\u00e3o das Neves, Taquara\u00e7u de Minas e Jaboticatubas, outros 11 ve\u00edculos para linhas que atendem \u00e0 regi\u00e3o de Contagem e 17 \u00f4nibus para linhas das regi\u00f5es de Mateus Leme, Azurita, Juatuba e Betim.<\/p>\n<p>A distribui\u00e7\u00e3o levou em considera\u00e7\u00e3o a idade dos ve\u00edculos que ser\u00e3o substitu\u00eddos, quantidade de reclama\u00e7\u00f5es e volume de passageiros transportados.<\/p>\n<p><strong>Impacto<\/strong><\/p>\n<p>O processo de renova\u00e7\u00e3o da frota foi diretamente impactado pela diminui\u00e7\u00e3o do n\u00famero de passageiros durante a pandemia de covid-19, o que tamb\u00e9m elevou significativamente o custo da opera\u00e7\u00e3o.<\/p>\n<p>Antes da pandemia, o transporte coletivo da Regi\u00e3o Metropolitana de Belo Horizonte transportava uma m\u00e9dia de 850 mil passageiros por dia. Atualmente, a m\u00e9dia de passageiros transportados por dia \u00e9 de 570 mil.<\/p>\n<p>Fonte: Ag\u00eancia Minas<\/p>\n<\/div>\n<p><\/main><\/p>\n","protected":false},"excerpt":{"rendered":"<p>O\u00a0Governo de Minas\u00a0entregou, nesta quinta-feira (5\/12), 66 novos \u00f4nibus para o sistema de transporte p\u00fablico da Regi\u00e3o Metropolitana de Belo Horizonte (RMBH),\u00a0em cerim\u00f4nia no Terminal S\u00e3o Benedito, em Santa Luzia, que contou com a presen\u00e7a do governador Romeu Zema. Outros 784 ve\u00edculos novos ser\u00e3o entregues at\u00e9 o final de 2025, renovando cerca de 33% da [&hellip;]<\/p>\n","protected":false},"author":246,"featured_media":225780,"comment_status":"closed","ping_status":"closed","sticky":false,"template":"","format":"standard","meta":{"footnotes":""},"categories":[436,440,261,254,439],"tags":[],"class_list":["post-225779","post","type-post","status-publish","format-standard","has-post-thumbnail","hentry","category-destaque-da-semana","category-destaques-do-dia","category-economia","category-politica","category-ultima-hora"],"_links":{"self":[{"href":"https:\/\/diarioregionaldigital.com.br\/index.php?rest_route=\/wp\/v2\/posts\/225779","targetHints":{"allow":["GET"]}}],"collection":[{"href":"https:\/\/diarioregionaldigital.com.br\/index.php?rest_route=\/wp\/v2\/posts"}],"about":[{"href":"https:\/\/diarioregionaldigital.com.br\/index.php?rest_route=\/wp\/v2\/types\/post"}],"author":[{"embeddable":true,"href":"https:\/\/diarioregionaldigital.com.br\/index.php?rest_route=\/wp\/v2\/users\/246"}],"replies":[{"embeddable":true,"href":"https:\/\/diarioregionaldigital.com.br\/index.php?rest_route=%2Fwp%2Fv2%2Fcomments&post=225779"}],"version-history":[{"count":2,"href":"https:\/\/diarioregionaldigital.com.br\/index.php?rest_route=\/wp\/v2\/posts\/225779\/revisions"}],"predecessor-version":[{"id":225782,"href":"https:\/\/diarioregionaldigital.com.br\/index.php?rest_route=\/wp\/v2\/posts\/225779\/revisions\/225782"}],"wp:featuredmedia":[{"embeddable":true,"href":"https:\/\/diarioregionaldigital.com.br\/index.php?rest_route=\/wp\/v2\/media\/225780"}],"wp:attachment":[{"href":"https:\/\/diarioregionaldigital.com.br\/index.php?rest_route=%2Fwp%2Fv2%2Fmedia&parent=225779"}],"wp:term":[{"taxonomy":"category","embeddable":true,"href":"https:\/\/diarioregionaldigital.com.br\/index.php?rest_route=%2Fwp%2Fv2%2Fcategories&post=225779"},{"taxonomy":"post_tag","embeddable":true,"href":"https:\/\/diarioregionaldigital.com.br\/index.php?rest_route=%2Fwp%2Fv2%2Ftags&post=225779"}],"curies":[{"name":"wp","href":"https:\/\/api.w.org\/{rel}","templated":true}]}}