{"id":225775,"date":"2024-12-05T21:55:56","date_gmt":"2024-12-06T00:55:56","guid":{"rendered":"https:\/\/diarioregionaldigital.com.br\/?p=225775"},"modified":"2024-12-05T21:55:56","modified_gmt":"2024-12-06T00:55:56","slug":"governo-de-minas-lanca-pacote-com-r-43-milhoes-em-recursos-para-impulsionar-as-areas-de-cti","status":"publish","type":"post","link":"https:\/\/diarioregionaldigital.com.br\/?p=225775","title":{"rendered":"Governo de Minas lan\u00e7a pacote com R$ 43 milh\u00f5es em recursos para impulsionar as \u00e1reas de CT&#038;I"},"content":{"rendered":"<p>Uma nova oportunidade para impulsionar ainda mais o ambiente de Ci\u00eancia, Tecnologia e Inova\u00e7\u00e3o (CT&amp;I) do Estado. O<a id=\"OWA27c51246-338b-d4b0-540c-0c7758b234b9\" title=\"https:\/\/www.mg.gov.br\/\" href=\"https:\/\/www.mg.gov.br\/\" target=\"_blank\" rel=\"noopener noreferrer\" data-auth=\"NotApplicable\" data-linkindex=\"0\">\u00a0<\/a><a id=\"OWA27c51246-338b-d4b0-540c-0c7758b234b9\" title=\"https:\/\/www.mg.gov.br\/\" href=\"https:\/\/www.mg.gov.br\/\" target=\"_blank\" rel=\"noopener noreferrer\" data-auth=\"NotApplicable\" data-linkindex=\"1\">Governo de Minas<\/a>, por meio da<a id=\"OWAe1fea16c-409f-2202-8031-29c2def2a31a\" title=\"https:\/\/desenvolvimento.mg.gov.br\/\" href=\"https:\/\/desenvolvimento.mg.gov.br\/\" target=\"_blank\" rel=\"noopener noreferrer\" data-auth=\"NotApplicable\" data-linkindex=\"2\">\u00a0<\/a><a id=\"OWAe1fea16c-409f-2202-8031-29c2def2a31a\" title=\"https:\/\/desenvolvimento.mg.gov.br\/\" href=\"https:\/\/desenvolvimento.mg.gov.br\/\" target=\"_blank\" rel=\"noopener noreferrer\" data-auth=\"NotApplicable\" data-linkindex=\"3\">Secretaria de Estado de Desenvolvimento Econ\u00f4mico (Sede-MG)<\/a>\u00a0e sua vinculada<a id=\"OWAdd35bb19-e74b-f494-c1dc-53d9cc7e2748\" title=\"http:\/\/www.fapemig.br\/pt\/\" href=\"http:\/\/www.fapemig.br\/pt\/\" target=\"_blank\" rel=\"noopener noreferrer\" data-auth=\"NotApplicable\" data-linkindex=\"4\">\u00a0<\/a><a id=\"OWAdd35bb19-e74b-f494-c1dc-53d9cc7e2748\" title=\"http:\/\/www.fapemig.br\/pt\/\" href=\"http:\/\/www.fapemig.br\/pt\/\" target=\"_blank\" rel=\"noopener noreferrer\" data-auth=\"NotApplicable\" data-linkindex=\"5\">Funda\u00e7\u00e3o de Amparo \u00e0 Pesquisa do Estado de Minas Gerais (Fapemig)<\/a>, lan\u00e7ou nessa quarta-feira (4\/12), o Pacote de Empreendedorismo Tecnol\u00f3gico para Universidades.<\/p>\n<p>Lan\u00e7ado em evento que reuniu autoridades, pesquisadores e p\u00fablico envolvido no ecossistema de CT&amp;I, no Centro de Inova\u00e7\u00e3o e Tecnologia (CIT) do Senai, em Belo Horizonte, o pacote contempla a nova vers\u00e3o do Viv\u00eancia Universit\u00e1ria em Empreendedorismo e Inova\u00e7\u00e3o (Vuei) e os editais Cientista Empreendedor e Laborat\u00f3rios Certificadores.<\/p>\n<p>Juntos, os editais totalizam R$ 43 milh\u00f5es em recursos n\u00e3o-reembols\u00e1veis para\u00a0 incentivar o desenvolvimento de empreendimentos tecnol\u00f3gicos e a maior intera\u00e7\u00e3o entre universidades e o mercado.<\/p>\n<p>&#8220;Certamente, o desenvolvimento econ\u00f4mico de Minas passa por inova\u00e7\u00e3o e empreendedorismo. O que estamos fazendo com essas iniciativas \u00e9 simplificar processos e promover a aproxima\u00e7\u00e3o entre a academia e o mercado, para impulsionar essas h\u00e9lices de inova\u00e7\u00e3o no estado&#8221;, pontuou o secret\u00e1rio de Estado de Desenvolvimento Econ\u00f4mico, Fernando Passalio.<\/p>\n<p><strong>Inova\u00e7\u00e3o e empreendedorismo<\/strong><\/p>\n<p>O\u00a0<a id=\"OWA7b74b36a-7603-5410-5dfc-d035361822ea\" title=\"http:\/\/www.fapemig.br\/media\/Chamada_Cientista_Empreendedor.pdf\" href=\"http:\/\/www.fapemig.br\/media\/Chamada_Cientista_Empreendedor.pdf\" target=\"_blank\" rel=\"noopener noreferrer\" data-auth=\"NotApplicable\" data-linkindex=\"6\">Cientista Empreendedor<\/a>\u00a0tem o aporte de R$10 milh\u00f5es para transformar pesquisas cient\u00edficas e\/ou tecnol\u00f3gicas em novos empreendimentos inovadores, como spin offs acad\u00eamicas, contribuindo para cria\u00e7\u00e3o de novos produtos, servi\u00e7os e processos para o desenvolvimento socioecon\u00f4mico.<\/p>\n<p>O edital de\u00a0<a id=\"OWA80b3c957-c5d5-4edb-8796-0474ae5f0bae\" title=\"http:\/\/www.fapemig.br\/media\/SEI_97837225_FAPEMIG___Chamada_14-1.pdf\" href=\"http:\/\/www.fapemig.br\/media\/SEI_97837225_FAPEMIG___Chamada_14-1.pdf\" target=\"_blank\" rel=\"noopener noreferrer\" data-auth=\"NotApplicable\" data-linkindex=\"7\">Laborat\u00f3rios Certificadores<\/a>, por sua vez, oferece R$ 20 milh\u00f5es e tem objetivo de atuar na estrutura\u00e7\u00e3o, adequa\u00e7\u00e3o e manuten\u00e7\u00e3o de laborat\u00f3rios capazes de certificar e acreditar produtos, servi\u00e7os ou processos.<\/p>\n<p>J\u00e1 o novo\u00a0<a id=\"OWAe44d718a-a572-22ee-eb76-349132e4ac7a\" title=\"http:\/\/www.fapemig.br\/media\/SEI_102741427_FAPEMIG___Chamada_018_2024_1.pdf\" href=\"http:\/\/www.fapemig.br\/media\/SEI_102741427_FAPEMIG___Chamada_018_2024_1.pdf\" target=\"_blank\" rel=\"noopener noreferrer\" data-auth=\"NotApplicable\" data-linkindex=\"8\">Vuei<\/a>\u00a0disponibiliza R$ 13 milh\u00f5es e busca impulsionar a cria\u00e7\u00e3o ou consolida\u00e7\u00e3o de Centros de Inova\u00e7\u00e3o e Empreendedorismo Universit\u00e1rio em Minas Gerais.<\/p>\n<p>&#8220;S\u00e3o tr\u00eas editais que, juntos, formam esse pacote que beneficia a gradua\u00e7\u00e3o, a p\u00f3s-gradua\u00e7\u00e3o e os pesquisadores consolidados. Assim, estamos viabilizando novos empreendimentos e infraestruturas tecnol\u00f3gicas e laboratoriais com foco no atendimento ao setor produtivo\u201d, ressalta o subsecret\u00e1rio de Ci\u00eancia, Tecnologia e Inova\u00e7\u00e3o, Lucas Mendes.<\/p>\n<p>As propostas devem ser submetidas pelo\u00a0<a id=\"OWA982b707c-b3d5-c286-c6ff-68f508d7608d\" title=\"https:\/\/everest.fapemig.br\/Home\/login\" href=\"https:\/\/everest.fapemig.br\/Home\/login\" target=\"_blank\" rel=\"noopener noreferrer\" data-auth=\"NotApplicable\" data-linkindex=\"9\">Sistema Everest<\/a>, da Fapemig. Para mais informa\u00e7\u00f5es, acesse os editais.<\/p>\n<p>Fonte: Ag\u00eancia Minas<\/p>\n","protected":false},"excerpt":{"rendered":"<p>Uma nova oportunidade para impulsionar ainda mais o ambiente de Ci\u00eancia, Tecnologia e Inova\u00e7\u00e3o (CT&amp;I) do Estado. O\u00a0Governo de Minas, por meio da\u00a0Secretaria de Estado de Desenvolvimento Econ\u00f4mico (Sede-MG)\u00a0e sua vinculada\u00a0Funda\u00e7\u00e3o de Amparo \u00e0 Pesquisa do Estado de Minas Gerais (Fapemig), lan\u00e7ou nessa quarta-feira (4\/12), o Pacote de Empreendedorismo Tecnol\u00f3gico para Universidades. Lan\u00e7ado em evento [&hellip;]<\/p>\n","protected":false},"author":246,"featured_media":225776,"comment_status":"closed","ping_status":"closed","sticky":false,"template":"","format":"standard","meta":{"footnotes":""},"categories":[436,440,261,254,439],"tags":[],"class_list":["post-225775","post","type-post","status-publish","format-standard","has-post-thumbnail","hentry","category-destaque-da-semana","category-destaques-do-dia","category-economia","category-politica","category-ultima-hora"],"_links":{"self":[{"href":"https:\/\/diarioregionaldigital.com.br\/index.php?rest_route=\/wp\/v2\/posts\/225775","targetHints":{"allow":["GET"]}}],"collection":[{"href":"https:\/\/diarioregionaldigital.com.br\/index.php?rest_route=\/wp\/v2\/posts"}],"about":[{"href":"https:\/\/diarioregionaldigital.com.br\/index.php?rest_route=\/wp\/v2\/types\/post"}],"author":[{"embeddable":true,"href":"https:\/\/diarioregionaldigital.com.br\/index.php?rest_route=\/wp\/v2\/users\/246"}],"replies":[{"embeddable":true,"href":"https:\/\/diarioregionaldigital.com.br\/index.php?rest_route=%2Fwp%2Fv2%2Fcomments&post=225775"}],"version-history":[{"count":2,"href":"https:\/\/diarioregionaldigital.com.br\/index.php?rest_route=\/wp\/v2\/posts\/225775\/revisions"}],"predecessor-version":[{"id":225778,"href":"https:\/\/diarioregionaldigital.com.br\/index.php?rest_route=\/wp\/v2\/posts\/225775\/revisions\/225778"}],"wp:featuredmedia":[{"embeddable":true,"href":"https:\/\/diarioregionaldigital.com.br\/index.php?rest_route=\/wp\/v2\/media\/225776"}],"wp:attachment":[{"href":"https:\/\/diarioregionaldigital.com.br\/index.php?rest_route=%2Fwp%2Fv2%2Fmedia&parent=225775"}],"wp:term":[{"taxonomy":"category","embeddable":true,"href":"https:\/\/diarioregionaldigital.com.br\/index.php?rest_route=%2Fwp%2Fv2%2Fcategories&post=225775"},{"taxonomy":"post_tag","embeddable":true,"href":"https:\/\/diarioregionaldigital.com.br\/index.php?rest_route=%2Fwp%2Fv2%2Ftags&post=225775"}],"curies":[{"name":"wp","href":"https:\/\/api.w.org\/{rel}","templated":true}]}}