{"id":225773,"date":"2024-12-05T11:15:45","date_gmt":"2024-12-05T14:15:45","guid":{"rendered":"https:\/\/diarioregionaldigital.com.br\/?p=225773"},"modified":"2024-12-05T11:15:45","modified_gmt":"2024-12-05T14:15:45","slug":"com-ou-sem-o-big-bang-as-evidencias-apontam-para-deus","status":"publish","type":"post","link":"https:\/\/diarioregionaldigital.com.br\/?p=225773","title":{"rendered":"Com ou sem o Big Bang, as evid\u00eancias apontam para Deus"},"content":{"rendered":"<p>A procura por um sentido e o mist\u00e9rio da origem do universo fascinam a humanidade.<\/p>\n<p>Atualmente o Big Bang \u00e9 a teoria cosmol\u00f3gica mais aceita pela academia. Ela descreve a origem e a evolu\u00e7\u00e3o do universo, propondo que ele teve in\u00edcio, se formando e expandindo a partir de um estado extremamente quente e denso h\u00e1 aproximadamente 13,8 bilh\u00f5es de anos. Segundo o modelo, um evento inicial deu origem ao espa\u00e7o, ao tempo, a energia e a todas as part\u00edculas fundamentais que formam a mat\u00e9ria. Tudo teve uma hist\u00f3ria com in\u00edcio, dos \u00e1tomos \u00e0s estrelas e gal\u00e1xias.<\/p>\n<p>Acontece que pouca gente se d\u00e1 conta que o primeiro a demonstrar com base em evid\u00eancias a plausividade dessa teoria foi um padre chamado Georges Lema\u00eetre que pretendia harmonizar sua f\u00e9 aos seus experimentos. Na d\u00e9cada de 1920, ele prop\u00f4s que o universo se expandia a partir de um estado primordial chamado &#8220;\u00e1tomo primordial&#8221;. Lema\u00eetre combinou conceitos da f\u00edsica e da teologia, sugerindo que a expans\u00e3o do universo decorreria do ato criador.<\/p>\n<p>Suas conclus\u00f5es foram corroboradas posteriormente por observa\u00e7\u00f5es astron\u00f4micas, como as descobertas de Edwin Hubble sobre a recess\u00e3o das gal\u00e1xias e a radia\u00e7\u00e3o c\u00f3smica de fundo, consolidando a teoria do Big Bang como um marco na compreens\u00e3o da origem do universo.<\/p>\n<p>\u00c9 inquestion\u00e1vel que o modelo, em seu desenho geral, combina com a ideia sustentada pelas Escrituras de que o Ser Superior deu origem a tudo o que h\u00e1.<\/p>\n<p>Por\u00e9m, recentemente o Telesc\u00f3pio Espacial James Webb, produziu imagens dos confins do espa\u00e7o que contradizem o modelo. Ao lan\u00e7ar suas lentes \u00e0s maiores dist\u00e2ncias j\u00e1 observadas, o equipamento revelou um universo j\u00e1 formado e denso, com gal\u00e1xias e estrelas massivas.<\/p>\n<p>Essa descoberta surpreendeu os cientistas, que esperavam ver gal\u00e1xias em processo de forma\u00e7\u00e3o. Tais imagens colocam o modelo big bang em xeque, pois ao observar o universo distante, estamos vendo o seu est\u00e1gio primitivo, esperava-se encontrar as bases do cosmos n\u00e3o um universo denso e pronto. Segundo o modelo, a proximidade ao momento do Big Bang, n\u00e3o pode admitir a exist\u00eancia de gal\u00e1xias \u201cprontas\u201d. Entretanto, o telesc\u00f3pio tem identificado gal\u00e1xias j\u00e1 totalmente formadas e altamente evolu\u00eddas.<\/p>\n<p>Esta constata\u00e7\u00e3o tem potencial para restabelecer no meio cient\u00edfico a ideia de que o universo nasceu pronto, o que coaduna perfeitamente com o relato da cria\u00e7\u00e3o em seis dias tal como descrito na B\u00edblia.<\/p>\n<p>Portanto, considerando o melhor da ci\u00eancia, temos na mesa duas hip\u00f3teses que igualmente confirmam a cria\u00e7\u00e3o divina.<\/p>\n<p>A primeira hip\u00f3tese, permanece fiel ao modelo de Georges Lema\u00eetre: se o universo, o tempo, o espa\u00e7o, mat\u00e9ria e energia, tiveram um come\u00e7o por meio do big bang, \u00e9 inevit\u00e1vel considerar um &#8220;bigbanger&#8221;, ou seja, algu\u00e9m que conduziu esse processo. Essa ideia leva a concluir que o universo, tempo e espa\u00e7o possuem uma causa n\u00e3o causada. Ou seja, se tudo come\u00e7ou em um momento espec\u00edfico, isso implica que um ser superior \u00e9 necess\u00e1rio para dar in\u00edcio a tudo o que h\u00e1, ou seja, Deus.<\/p>\n<p>Por outro lado, a segunda hip\u00f3tese, acompanha as evid\u00eancias de James Webb. Neste caso, estamos deparados com um fen\u00f4meno ainda mais intrigante, de que o universo foi criado pronto. O fato de que o cosmos parece estar completo sugere que, de fato, pode ter sido criado em um curto espa\u00e7o de tempo, como os seis dias descritos na B\u00edblia.<\/p>\n<p>Ambas as perspectivas, embora diferentes, convergem para o essencial: a ideia de que Deus \u00e9 o Criador. A origem do universo, seja atrav\u00e9s do Big Bang ou do ato de ter sido criado pronto, reafirmam a presen\u00e7a da intelig\u00eancia superior que deu in\u00edcio a tudo. Esse entendimento al\u00e9m de aplacar as ang\u00fastias existenciais que nascem na intelig\u00eancia humana, traz conforto e esperan\u00e7a, pois o fato de sabermos que um Criador nos trouxe \u00e0 vida, d\u00e1 um prop\u00f3sito ao fato de estarmos aqui, \u00a0um sentido mais profundo \u00e0 exist\u00eancia humana e ao universo que nos cerca.<\/p>\n<p>&nbsp;<\/p>\n<p>&nbsp;<\/p>\n","protected":false},"excerpt":{"rendered":"<p>A procura por um sentido e o mist\u00e9rio da origem do universo fascinam a humanidade. Atualmente o Big Bang \u00e9 a teoria cosmol\u00f3gica mais aceita pela academia. Ela descreve a origem e a evolu\u00e7\u00e3o do universo, propondo que ele teve in\u00edcio, se formando e expandindo a partir de um estado extremamente quente e denso h\u00e1 [&hellip;]<\/p>\n","protected":false},"author":246,"featured_media":0,"comment_status":"closed","ping_status":"closed","sticky":false,"template":"","format":"standard","meta":{"footnotes":""},"categories":[1244],"tags":[],"class_list":["post-225773","post","type-post","status-publish","format-standard","hentry","category-oleg-abramov"],"_links":{"self":[{"href":"https:\/\/diarioregionaldigital.com.br\/index.php?rest_route=\/wp\/v2\/posts\/225773","targetHints":{"allow":["GET"]}}],"collection":[{"href":"https:\/\/diarioregionaldigital.com.br\/index.php?rest_route=\/wp\/v2\/posts"}],"about":[{"href":"https:\/\/diarioregionaldigital.com.br\/index.php?rest_route=\/wp\/v2\/types\/post"}],"author":[{"embeddable":true,"href":"https:\/\/diarioregionaldigital.com.br\/index.php?rest_route=\/wp\/v2\/users\/246"}],"replies":[{"embeddable":true,"href":"https:\/\/diarioregionaldigital.com.br\/index.php?rest_route=%2Fwp%2Fv2%2Fcomments&post=225773"}],"version-history":[{"count":1,"href":"https:\/\/diarioregionaldigital.com.br\/index.php?rest_route=\/wp\/v2\/posts\/225773\/revisions"}],"predecessor-version":[{"id":225774,"href":"https:\/\/diarioregionaldigital.com.br\/index.php?rest_route=\/wp\/v2\/posts\/225773\/revisions\/225774"}],"wp:attachment":[{"href":"https:\/\/diarioregionaldigital.com.br\/index.php?rest_route=%2Fwp%2Fv2%2Fmedia&parent=225773"}],"wp:term":[{"taxonomy":"category","embeddable":true,"href":"https:\/\/diarioregionaldigital.com.br\/index.php?rest_route=%2Fwp%2Fv2%2Fcategories&post=225773"},{"taxonomy":"post_tag","embeddable":true,"href":"https:\/\/diarioregionaldigital.com.br\/index.php?rest_route=%2Fwp%2Fv2%2Ftags&post=225773"}],"curies":[{"name":"wp","href":"https:\/\/api.w.org\/{rel}","templated":true}]}}