{"id":225755,"date":"2024-12-04T20:18:24","date_gmt":"2024-12-04T23:18:24","guid":{"rendered":"https:\/\/diarioregionaldigital.com.br\/?p=225755"},"modified":"2024-12-04T20:18:24","modified_gmt":"2024-12-04T23:18:24","slug":"canil-municipal-leva-caes-com-deficiencia-para-adocao-em-evento-paralimpico-no-ginasio-municipal","status":"publish","type":"post","link":"https:\/\/diarioregionaldigital.com.br\/?p=225755","title":{"rendered":"Canil Municipal leva c\u00e3es com defici\u00eancia para ado\u00e7\u00e3o em evento paral\u00edmpico no Gin\u00e1sio Municipal"},"content":{"rendered":"<p>Segundo informa\u00e7\u00f5es do site da Prefeitura de Juiz de Fora (PJF), o Canil Municipal, em parceria com a Secretaria de Esporte e Lazer (SEL), realiza neste s\u00e1bado, 7, o evento de ado\u00e7\u00e3o de cinco c\u00e3es com defici\u00eancia no Gin\u00e1sio Municipal Jornalista Ant\u00f4nio Marcos. A iniciativa acontece das 8h \u00e0s 12h e integra a programa\u00e7\u00e3o da 2\u00aa edi\u00e7\u00e3o do Festival Paral\u00edmpico Loterias Caixa 2024.<\/p>\n<p>Para adotar um novo amigo, os interessados devem levar c\u00f3pias do RG, CPF e comprovante de resid\u00eancia. A equipe do Canil Municipal realizar\u00e1 uma entrevista cuidadosa para conhecer o perfil dos candidatos e garantir que est\u00e3o preparados para oferecer um lar seguro e amoroso.<\/p>\n<p>\u00c9 importante que o adotante leve uma coleira ou uma caixa de transporte, garantindo que o animal seja levado com seguran\u00e7a e conforto para seu novo lar.<\/p>\n<div><strong>&#8220;Me Adota A\u00ed!&#8221;<\/strong><\/div>\n<p>&nbsp;<\/p>\n<div>A campanha \u201cMe Adota A\u00ed!\u201d foi lan\u00e7ada pela atual gest\u00e3o municipal com o objetivo de garantir um lar para os animais que est\u00e3o no Canil Municipal. Os interessados em adotar um amigo podem visitar o Canil das 9h \u00e0s 10h30 e das 13h \u00e0s 15h30, de segunda a sexta. Al\u00e9m disso, tamb\u00e9m pode ser feito agendamento para outros dias pelo telefone (32) 98416-3648. O Canil \u00e9 localizado na Rua Bartolomeu dos Santos 680, bairro S\u00e3o Dami\u00e3o.<\/div>\n<p>&nbsp;<\/p>\n<div>Acesse as redes sociais do\u00a0<a href=\"https:\/\/www.instagram.com\/canilmunicipaljuizdefora\/\"><strong>Canil Municipal &#8211; Me Adota A\u00ed!<\/strong><\/a><\/div>\n<p>&nbsp;<\/p>\n","protected":false},"excerpt":{"rendered":"<p>Segundo informa\u00e7\u00f5es do site da Prefeitura de Juiz de Fora (PJF), o Canil Municipal, em parceria com a Secretaria de Esporte e Lazer (SEL), realiza neste s\u00e1bado, 7, o evento de ado\u00e7\u00e3o de cinco c\u00e3es com defici\u00eancia no Gin\u00e1sio Municipal Jornalista Ant\u00f4nio Marcos. A iniciativa acontece das 8h \u00e0s 12h e integra a programa\u00e7\u00e3o da [&hellip;]<\/p>\n","protected":false},"author":246,"featured_media":225756,"comment_status":"closed","ping_status":"closed","sticky":false,"template":"","format":"standard","meta":{"footnotes":""},"categories":[253,436,440,439],"tags":[],"class_list":["post-225755","post","type-post","status-publish","format-standard","has-post-thumbnail","hentry","category-cidade","category-destaque-da-semana","category-destaques-do-dia","category-ultima-hora"],"_links":{"self":[{"href":"https:\/\/diarioregionaldigital.com.br\/index.php?rest_route=\/wp\/v2\/posts\/225755","targetHints":{"allow":["GET"]}}],"collection":[{"href":"https:\/\/diarioregionaldigital.com.br\/index.php?rest_route=\/wp\/v2\/posts"}],"about":[{"href":"https:\/\/diarioregionaldigital.com.br\/index.php?rest_route=\/wp\/v2\/types\/post"}],"author":[{"embeddable":true,"href":"https:\/\/diarioregionaldigital.com.br\/index.php?rest_route=\/wp\/v2\/users\/246"}],"replies":[{"embeddable":true,"href":"https:\/\/diarioregionaldigital.com.br\/index.php?rest_route=%2Fwp%2Fv2%2Fcomments&post=225755"}],"version-history":[{"count":1,"href":"https:\/\/diarioregionaldigital.com.br\/index.php?rest_route=\/wp\/v2\/posts\/225755\/revisions"}],"predecessor-version":[{"id":225757,"href":"https:\/\/diarioregionaldigital.com.br\/index.php?rest_route=\/wp\/v2\/posts\/225755\/revisions\/225757"}],"wp:featuredmedia":[{"embeddable":true,"href":"https:\/\/diarioregionaldigital.com.br\/index.php?rest_route=\/wp\/v2\/media\/225756"}],"wp:attachment":[{"href":"https:\/\/diarioregionaldigital.com.br\/index.php?rest_route=%2Fwp%2Fv2%2Fmedia&parent=225755"}],"wp:term":[{"taxonomy":"category","embeddable":true,"href":"https:\/\/diarioregionaldigital.com.br\/index.php?rest_route=%2Fwp%2Fv2%2Fcategories&post=225755"},{"taxonomy":"post_tag","embeddable":true,"href":"https:\/\/diarioregionaldigital.com.br\/index.php?rest_route=%2Fwp%2Fv2%2Ftags&post=225755"}],"curies":[{"name":"wp","href":"https:\/\/api.w.org\/{rel}","templated":true}]}}