{"id":225752,"date":"2024-12-04T20:17:27","date_gmt":"2024-12-04T23:17:27","guid":{"rendered":"https:\/\/diarioregionaldigital.com.br\/?p=225752"},"modified":"2024-12-04T20:17:27","modified_gmt":"2024-12-04T23:17:27","slug":"jogos-intercolegiais-2024-confira-as-escolas-vencedoras","status":"publish","type":"post","link":"https:\/\/diarioregionaldigital.com.br\/?p=225752","title":{"rendered":"Jogos Intercolegiais 2024: Confira as escolas vencedoras"},"content":{"rendered":"<p>Segundo informa\u00e7\u00f5es do site da Prefeitura de Juiz de Fora (PJF), a\u00a029\u00aa edi\u00e7\u00e3o dos Jogos Intercolegiais chegou ao final, e a Prefeitura de Juiz de Fora (PJF) realizou a cerim\u00f4nia de encerramento, no Gin\u00e1sio Municipal Jornalista Ant\u00f4nio Marcos, onde foram premiadas as escolas campe\u00e3s de cada modalidade, alunos em destaque, escolas campe\u00e3s gerais, escola campe\u00e3 PCD e escolas campe\u00e3s por rede de ensino. <strong>Confira em anexo o resultado completo dos Jogos Intercolegiais de 2024<\/strong>.<\/p>\n<p><strong>Jogos Intercolegiais<\/strong><\/p>\n<p>O torneio tem por finalidade incentivar a participa\u00e7\u00e3o das institui\u00e7\u00f5es de ensino de Juiz de Fora em atividades esportivas, promover a ampla mobiliza\u00e7\u00e3o da juventude estudantil em torno do esporte e a integra\u00e7\u00e3o entre os estudantes em idade escolar. A competi\u00e7\u00e3o envolve alunos na faixa et\u00e1ria entre 12 e 17 anos das redes p\u00fablicas municipal, estadual, federal e particular. S\u00e3o disputadas modalidades individuais e coletivas, al\u00e9m de provas paral\u00edmpicas.<\/p>\n<p>Os jogos se fundamentam nos princ\u00edpios de valoriza\u00e7\u00e3o do esporte escolar, tais como: participa\u00e7\u00e3o, coopera\u00e7\u00e3o, emancipa\u00e7\u00e3o e inclus\u00e3o, norteadores da constru\u00e7\u00e3o e realiza\u00e7\u00e3o das a\u00e7\u00f5es que, antes de tudo, s\u00e3o pedag\u00f3gicas, contribuindo para a forma\u00e7\u00e3o cidad\u00e3 dos estudantes. A competi\u00e7\u00e3o estabelece conson\u00e2ncia com os princ\u00edpios educacionais ao valorizar a corporeidade, o l\u00fadico, os esportes e o movimento de forma\u00e7\u00e3o humana, contribuindo para a forma\u00e7\u00e3o integral dos alunos.<\/p>\n<p>&nbsp;<\/p>\n<div class=\"texto_anexo\"><img loading=\"lazy\" decoding=\"async\" src=\"https:\/\/www.pjf.mg.gov.br\/imagens\/clips.jpg\" width=\"22\" height=\"20\" \/>\u00a0<a href=\"https:\/\/www.pjf.mg.gov.br\/noticias\/anexo\/resultadogeral.pdf\" target=\"_blank\" rel=\"noopener\">Veja o anexo<\/a><\/div>\n","protected":false},"excerpt":{"rendered":"<p>Segundo informa\u00e7\u00f5es do site da Prefeitura de Juiz de Fora (PJF), a\u00a029\u00aa edi\u00e7\u00e3o dos Jogos Intercolegiais chegou ao final, e a Prefeitura de Juiz de Fora (PJF) realizou a cerim\u00f4nia de encerramento, no Gin\u00e1sio Municipal Jornalista Ant\u00f4nio Marcos, onde foram premiadas as escolas campe\u00e3s de cada modalidade, alunos em destaque, escolas campe\u00e3s gerais, escola campe\u00e3 [&hellip;]<\/p>\n","protected":false},"author":246,"featured_media":225753,"comment_status":"closed","ping_status":"closed","sticky":false,"template":"","format":"standard","meta":{"footnotes":""},"categories":[253,436,440,257,439],"tags":[],"class_list":["post-225752","post","type-post","status-publish","format-standard","has-post-thumbnail","hentry","category-cidade","category-destaque-da-semana","category-destaques-do-dia","category-esporte","category-ultima-hora"],"_links":{"self":[{"href":"https:\/\/diarioregionaldigital.com.br\/index.php?rest_route=\/wp\/v2\/posts\/225752","targetHints":{"allow":["GET"]}}],"collection":[{"href":"https:\/\/diarioregionaldigital.com.br\/index.php?rest_route=\/wp\/v2\/posts"}],"about":[{"href":"https:\/\/diarioregionaldigital.com.br\/index.php?rest_route=\/wp\/v2\/types\/post"}],"author":[{"embeddable":true,"href":"https:\/\/diarioregionaldigital.com.br\/index.php?rest_route=\/wp\/v2\/users\/246"}],"replies":[{"embeddable":true,"href":"https:\/\/diarioregionaldigital.com.br\/index.php?rest_route=%2Fwp%2Fv2%2Fcomments&post=225752"}],"version-history":[{"count":1,"href":"https:\/\/diarioregionaldigital.com.br\/index.php?rest_route=\/wp\/v2\/posts\/225752\/revisions"}],"predecessor-version":[{"id":225754,"href":"https:\/\/diarioregionaldigital.com.br\/index.php?rest_route=\/wp\/v2\/posts\/225752\/revisions\/225754"}],"wp:featuredmedia":[{"embeddable":true,"href":"https:\/\/diarioregionaldigital.com.br\/index.php?rest_route=\/wp\/v2\/media\/225753"}],"wp:attachment":[{"href":"https:\/\/diarioregionaldigital.com.br\/index.php?rest_route=%2Fwp%2Fv2%2Fmedia&parent=225752"}],"wp:term":[{"taxonomy":"category","embeddable":true,"href":"https:\/\/diarioregionaldigital.com.br\/index.php?rest_route=%2Fwp%2Fv2%2Fcategories&post=225752"},{"taxonomy":"post_tag","embeddable":true,"href":"https:\/\/diarioregionaldigital.com.br\/index.php?rest_route=%2Fwp%2Fv2%2Ftags&post=225752"}],"curies":[{"name":"wp","href":"https:\/\/api.w.org\/{rel}","templated":true}]}}